{"id":1274402,"date":"2026-09-01T20:39:21","date_gmt":"2026-09-01T20:39:21","guid":{"rendered":"https:\/\/www.europesays.com\/de\/1274402\/"},"modified":"2026-09-01T20:39:21","modified_gmt":"2026-09-01T20:39:21","slug":"rettungszug-aus-fulda-ausgerueckt-moeglicherweise-zugunglueck-in-unterfranken","status":"publish","type":"post","link":"https:\/\/www.europesays.com\/de\/1274402\/","title":{"rendered":"Rettungszug aus Fulda ausger\u00fcckt : M\u00f6glicherweise Zugungl\u00fcck in Unterfranken"},"content":{"rendered":"<p>                <a class=\"fancybox\" data-fancybox=\"galerie\" data-caption=\"Derzeit ist die Feuerwehr mit der Erkundung des Tunnels besch\u00e4ftigt.  - Fotos: Felix Weigl\" rel=\"on_group nofollow noopener\" title=\"Derzeit ist die Feuerwehr mit der Erkundung des Tunnels besch\u00e4ftigt.  - Fotos: Felix Weigl\" href=\"https:\/\/oshessen-news.b-cdn.net\/images\/26\/09\/xl\/11799085-whatsapp-image-2026-09-01-at-22.21.26.jpeg\" target=\"_blank\"><img decoding=\"async\" class=\"img-responsive\" style=\"width: 728px; margin-top: 0; border:0;\" src=\"https:\/\/www.europesays.com\/de\/wp-content\/uploads\/2026\/09\/11799085-whatsapp-image-2026-09-01-at-22.21.26.jpeg\" title=\"Derzeit ist die Feuerwehr mit der Erkundung des Tunnels besch\u00e4ftigt.\" onerror=\"imgError(this);\"\/><\/p>\n<p>Derzeit ist die Feuerwehr mit der Erkundung des Tunnels besch\u00e4ftigt. &#8211; Fotos: Felix Weigl<\/p>\n<p>\n                    <strong>LOHR AM MAIN<\/strong><br \/>\n                    N\u00e4heres noch unklar\n                <\/p>\n<p>01.09.26 &#8211; <strong>Nach aktuellen Informationen soll sich im Bereich der Nantenbacher Kurve nahe Lohr am Main im unterfr\u00e4nkischen Main-Spessart-Kreis ein Zugungl\u00fcck ereignet haben. Auch ein Rettungszug aus Fulda ist zur Einsatzstelle ausger\u00fcckt. Gesicherte Informationen zu den Hintergr\u00fcnden gibt es aktuell noch nicht. Fakt ist, dass der Zug derzeit im Bereich des Sch\u00f6nraintunnels steht und nicht weiterf\u00e4hrt.<\/strong><\/p>\n<p><a class=\"fancybox\" data-fancybox=\"galerie\" data-caption=\"Der Tunneleingang aus der Ferne.\" rel=\"on_group\" title=\"Der Tunneleingang aus der Ferne.\" href=\"https:\/\/www.europesays.com\/de\/wp-content\/uploads\/2026\/09\/11799085-whatsapp-image-2026-09-01-at-21.39.18.jpeg\"><img decoding=\"async\" class=\"imgbdr\" style=\"max-width: 98%;\" src=\"https:\/\/www.europesays.com\/de\/wp-content\/uploads\/2026\/09\/11799085-whatsapp-image-2026-09-01-at-21.39.18.jpeg\"\/><\/a><\/p>\n<p class=\"img-text\">Der Tunneleingang aus der Ferne. <\/p>\n<p>Bisher konnte uns die Bundespolizei den Vorfall noch nicht best\u00e4tigen. Nach Angaben der Feuerwehr laufen derzeit die Erkundungsma\u00dfnahmen &#8211; die Lage ist allerdings noch unklar. <strong>OSTHESSEN|NEWS<\/strong> berichtet, sobald es etwas Neues gibt &#8211; ein Reporter ist bereits vor Ort. (pg) +++<\/p>\n<\/p>\n<p>                <a class=\"fancybox\" rel=\"on_group nofollow noopener\" data-fancybox=\"galerie\" data-caption=\"Foto: Justin Klenner - In der Nantenbacher Kurve kam es m\u00f6glicherweise zu einem Zugungl\u00fcck. Auch ein Rettungszug aus Fulda ist ausger\u00fcckt.\" title=\"Foto: Justin Klenner - In der Nantenbacher Kurve kam es m\u00f6glicherweise zu einem Zugungl\u00fcck. Auch ein Rettungszug aus Fulda ist ausger\u00fcckt.\" href=\"https:\/\/oshessen-news.b-cdn.net\/images\/26\/09\/xl\/11799085-whatsapp-image-2026-09-01-at-21.12.50.jpeg\" target=\"_blank\"><br \/>\n                    <img decoding=\"async\" alt=\"\" class=\"img220 imgbdr\" src=\"https:\/\/www.europesays.com\/de\/wp-content\/uploads\/2026\/09\/11799085-whatsapp-image-2026-09-01-at-21.12.50.jpeg\" onerror=\"imgError(this);\"\/><\/p>\n<p>                <\/a><\/p>\n<p class=\"img-text\">\n                    In der Nantenbacher Kurve kam es m\u00f6glicherweise zu einem Zugungl\u00fcck. Auch ein Rettungszug aus &#8230;                    Foto: Justin Klenner                <\/p>\n<p>                <a class=\"fancybox\" rel=\"on_group nofollow noopener\" data-fancybox=\"galerie\" data-caption=\"\" title=\"\" href=\"https:\/\/oshessen-news.b-cdn.net\/images\/26\/09\/xl\/11799085-whatsapp-image-2026-09-01-at-22.21.25.jpeg\" target=\"_blank\"><br \/>\n                    <img decoding=\"async\" alt=\"\" class=\"img220 imgbdr\" src=\"https:\/\/www.europesays.com\/de\/wp-content\/uploads\/2026\/09\/11799085-whatsapp-image-2026-09-01-at-22.21.25.jpeg\" onerror=\"imgError(this);\"\/><\/p>\n<p>                <\/a><\/p>\n<p><\/p>\n","protected":false},"excerpt":{"rendered":"Derzeit ist die Feuerwehr mit der Erkundung des Tunnels besch\u00e4ftigt. &#8211; Fotos: Felix Weigl LOHR AM MAIN N\u00e4heres&hellip;\n","protected":false},"author":2,"featured_media":1274403,"comment_status":"","ping_status":"","sticky":false,"template":"","format":"standard","meta":{"footnotes":"","_share_on_mastodon":"0"},"categories":[2],"tags":[6193,6195,29,6197,6192,30,13,2052,1381,14,6196,15,6194,12,10,8,9,11],"class_list":["post-1274402","post","type-post","status-publish","format-standard","has-post-thumbnail","category-deutschland","tag-alsfeld","tag-bad-hersfeld","tag-deutschland","tag-flieden","tag-fulda","tag-germany","tag-headlines","tag-hessen","tag-lauterbach","tag-nachrichten","tag-neuhof","tag-news","tag-osthessen","tag-schlagzeilen","tag-top-news","tag-top-meldungen","tag-topmeldungen","tag-topnews"],"share_on_mastodon":{"url":"https:\/\/pubeurope.com\/@de\/117197722369750911","error":""},"_links":{"self":[{"href":"https:\/\/www.europesays.com\/de\/wp-json\/wp\/v2\/posts\/1274402","targetHints":{"allow":["GET"]}}],"collection":[{"href":"https:\/\/www.europesays.com\/de\/wp-json\/wp\/v2\/posts"}],"about":[{"href":"https:\/\/www.europesays.com\/de\/wp-json\/wp\/v2\/types\/post"}],"author":[{"embeddable":true,"href":"https:\/\/www.europesays.com\/de\/wp-json\/wp\/v2\/users\/2"}],"replies":[{"embeddable":true,"href":"https:\/\/www.europesays.com\/de\/wp-json\/wp\/v2\/comments?post=1274402"}],"version-history":[{"count":0,"href":"https:\/\/www.europesays.com\/de\/wp-json\/wp\/v2\/posts\/1274402\/revisions"}],"wp:featuredmedia":[{"embeddable":true,"href":"https:\/\/www.europesays.com\/de\/wp-json\/wp\/v2\/media\/1274403"}],"wp:attachment":[{"href":"https:\/\/www.europesays.com\/de\/wp-json\/wp\/v2\/media?parent=1274402"}],"wp:term":[{"taxonomy":"category","embeddable":true,"href":"https:\/\/www.europesays.com\/de\/wp-json\/wp\/v2\/categories?post=1274402"},{"taxonomy":"post_tag","embeddable":true,"href":"https:\/\/www.europesays.com\/de\/wp-json\/wp\/v2\/tags?post=1274402"}],"curies":[{"name":"wp","href":"https:\/\/api.w.org\/{rel}","templated":true}]}}