{"id":1274410,"date":"2026-09-01T20:46:32","date_gmt":"2026-09-01T20:46:32","guid":{"rendered":"https:\/\/www.europesays.com\/de\/1274410\/"},"modified":"2026-09-01T20:46:32","modified_gmt":"2026-09-01T20:46:32","slug":"nach-fahrt-durch-den-nok-u-boot-drakon-auf-dem-weg-nach-israel","status":"publish","type":"post","link":"https:\/\/www.europesays.com\/de\/1274410\/","title":{"rendered":"Nach Fahrt durch den NOK: U-Boot &#8222;Drakon&#8220; auf dem Weg nach Israel"},"content":{"rendered":"<p>        <img decoding=\"async\" src=\"https:\/\/www.europesays.com\/de\/wp-content\/uploads\/2026\/09\/drakon-102.webp\" alt=\"Das israelisches U-Boot &quot;Drakon&quot;.\" title=\"Das israelisches U-Boot &quot;Drakon&quot;. | NDR, Tobias Gellert\" class=\"responsive\"\/><\/p>\n<p>AUDIO: Nachrichten 17:00 Uhr &#8211; 01.09.2026 (6 Min)<\/p>\n<p>\n                Stand: 01.09.2026 18:24 Uhr<\/p>\n<p class=\"preface\">Am Dienstagmorgen hat das gr\u00f6\u00dfte bisher in Kiel gebaute U-Boot, &#8222;Drakon&#8220;, die Werft TKMS verlassen. Die \u00dcberf\u00fchrung nach Israel verlief zun\u00e4chst durch den Nord-Ostsee-Kanal und wurde von einem gro\u00dfen Polizeiaufgebot begleitet.<\/p>\n<p class=\"\">Das U-Boot &#8222;Drakon&#8220; hat am fr\u00fchen Dienstagabend den Nord-Ostsee-Kanal (<a href=\"https:\/\/www.ndr.de\/nachrichten\/schleswig-holstein\/Nord-Ostsee-Kanal-Aktuelle-News-und-Videos,nordostseekanal193.html\" title=\"Nord-Ostsee-Kanal: Aktuelle News und Videos\" rel=\"nofollow noopener\" target=\"_blank\">NOK<\/a>) bei Brunsb\u00fcttel (<a href=\"https:\/\/www.ndr.de\/nachrichten\/schleswig-holstein\/Dithmarschen-Aktuelle-Nachrichten-und-Videos,dithmarschen254.html\" title=\"Dithmarschen - Aktuelle Nachrichten und Videos\" rel=\"nofollow noopener\" target=\"_blank\">Kreis Dithmarschen<\/a>) verlassen. Am Morgen war es von der <a href=\"https:\/\/www.ndr.de\/nachrichten\/schleswig-holstein\/Kiel-Aktuelle-Nachrichten-News-und-Videos,kiel7262.html\" title=\"Kiel - Aktuelle Nachrichten und Videos\" rel=\"nofollow noopener\" target=\"_blank\">Kieler<\/a> Werft TKMS losgefahren. Mit einer L\u00e4nge von 74 Metern ist es das gr\u00f6\u00dfte bisher in Kiel gebaute konventionelle U-Boot. Ziel der \u00dcberf\u00fchrungsfahrt ist Israel.<\/p>\n<p>    Hunderte Polizisten auf dem Wasser und an Land<\/p>\n<p class=\"\">Aufgrund der angespannten und sensiblen Sicherheitslage wurde die \u00dcberf\u00fchrung von weitreichenden Sicherheitsma\u00dfnahmen begleitet. Hunderte Polizisten waren in Uniform und in Zivil im Einsatz, um die Passage sowohl auf dem Wasser als auch an Land abzusichern.<\/p>\n<p>                    <a href=\"https:\/\/www.europesays.com\/de\/wp-content\/uploads\/2026\/09\/drakon-100.webp\" class=\"zoomimage\" title=\"Bild vergr\u00f6\u00dfern\"><\/p>\n<p>        <img decoding=\"async\" src=\"https:\/\/www.europesays.com\/de\/wp-content\/uploads\/2026\/09\/drakon-100.webp\" alt=\"Das israelisches U-Boot &quot;Drakon&quot;.\" title=\"Das israelische U-Boot &quot;Drakon&quot; wurde unter anderem vor m\u00f6glichen Drohnenangriffen gesch\u00fctzt. | NDR, Tobias Gellert\" class=\"responsive\" loading=\"lazy\"\/><\/p>\n<p>                    <\/a><\/p>\n<p>                    Das israelische U-Boot &#8222;Drakon&#8220; wurde unter anderem vor m\u00f6glichen Drohnenangriffen gesch\u00fctzt.<\/p>\n<p class=\"\">Auf dem Kanal begleiteten mehrere Polizei- und Schnellboote den Neubau, wobei auch Spezialkr\u00e4fte laut Landespolizei im Einsatz waren. In Holtenau und Brunsb\u00fcttel befanden sich auch Begleitboote in den jeweiligen Schleusenkammern. Die weitreichenden Sicherheitsvorkehrungen erstreckten sich sogar bis in die Luft: Zum Schutz vor potenziellen Drohnen wurden St\u00f6rsender eingesetzt.<\/p>\n<p>    Zeitweise Einschr\u00e4nkungen f\u00fcr den Verkehr<\/p>\n<p class=\"\">F\u00fcr die Bev\u00f6lkerung kam es heute entlang des Kanals zu tempor\u00e4ren Einschr\u00e4nkungen. Gesperrt waren unter anderem Rad- und Fu\u00dfwege \u00fcber Br\u00fccken wie die Holtenauer und die alten Levensauer Hochbr\u00fccke sowie bestimmte Wege am Kanal. Nutzer der Kanalf\u00e4hren mussten sich w\u00e4hrend der Passage auf l\u00e4ngere Wartezeiten und kurzzeitige Unterbrechungen einstellen.<\/p>\n<p>        <img decoding=\"async\" src=\"https:\/\/www.europesays.com\/de\/wp-content\/uploads\/2026\/09\/tkms-162.webp\" alt=\"Eine neue Werkshalle der TKMS in Kiel mit dem Schriftzug TKMS ragt in den Abendhimmel.\" title=\"Eine neue Werkshalle der TKMS in Kiel mit dem Schriftzug TKMS ragt in den Abendhimmel. | NDR \/ Pavel Stoyan\" class=\"responsive\" loading=\"lazy\"\/><\/p>\n<p>Volle Auftragsb\u00fccher und neue Mitarbeiter: TKMS hat aktuelle Gesch\u00e4ftszahlen pr\u00e4sentiert &#8211; und spricht neue Investitionen an.<\/p>\n<p>        <img decoding=\"async\" src=\"https:\/\/www.europesays.com\/de\/wp-content\/uploads\/2026\/09\/tkms-168.webp\" alt=\"Die Kieler Werft TKMS direkt an der Kieler F\u00f6rde.\" title=\"Die Kieler Werft TKMS direkt an der Kieler F\u00f6rde. | NDR, Thomas Viet Dang\" class=\"responsive\" loading=\"lazy\"\/><\/p>\n<p>Au\u00dferdem meldet der Arbeitskreis Wehrtechnik Schleswig-Holstein mit 10.500 Besch\u00e4ftigten einen H\u00f6chststand an Mitarbeitern.<\/p>\n<p>        <img decoding=\"async\" src=\"https:\/\/www.europesays.com\/de\/wp-content\/uploads\/2026\/06\/germannavalyards-100.webp\" alt=\"Die Werft German Naval Yards in Kiel.\" title=\"Die Werft German Naval Yards in Kiel. | Andreas Schmidt\" class=\"responsive\" loading=\"lazy\"\/><\/p>\n<p>Die Kieler Werft TKMS will German Naval Yards nicht mehr kaufen und steigt aus den Bietergespr\u00e4chen aus.<\/p>\n<p>        <img decoding=\"async\" src=\"https:\/\/www.europesays.com\/de\/wp-content\/uploads\/2026\/09\/raderhochbruecke-116.webp\" alt=\"Die fertige Rader Hochbruecke aus der Vogelperspektive\" title=\"Die fertige Rader Hochbruecke aus der Vogelperspektive | dpa-Bildfunk\" class=\"responsive\" loading=\"lazy\"\/><\/p>\n<p>Es ist geschafft: Nach einigen Verz\u00f6gerungen verbindet ein 118 Meter langes Stahlteil den ersten Teil des Baus. <\/p>\n","protected":false},"excerpt":{"rendered":"AUDIO: Nachrichten 17:00 Uhr &#8211; 01.09.2026 (6 Min) Stand: 01.09.2026 18:24 Uhr Am Dienstagmorgen hat das gr\u00f6\u00dfte bisher&hellip;\n","protected":false},"author":2,"featured_media":1274411,"comment_status":"","ping_status":"","sticky":false,"template":"","format":"standard","meta":{"footnotes":"","_share_on_mastodon":"0"},"categories":[1852],"tags":[3364,116039,29,263074,548,663,3934,30,13,411,4949,70581,14,15,53734,53735,121,12,1971,3931,19517,19519,29199],"class_list":["post-1274410","post","type-post","status-publish","format-standard","has-post-thumbnail","category-kiel","tag-de","tag-deutsche-marine","tag-deutschland","tag-drakon","tag-eu","tag-europa","tag-europe","tag-germany","tag-headlines","tag-israel","tag-kiel","tag-kiel-und-umgebung","tag-nachrichten","tag-news","tag-nok","tag-nord-ostsee-kanal","tag-polizei","tag-schlagzeilen","tag-schleswig-holstein","tag-sicherheit","tag-tkms","tag-u-boot","tag-ueberfuehrung"],"share_on_mastodon":{"url":"https:\/\/pubeurope.com\/@de\/117197750115808173","error":""},"_links":{"self":[{"href":"https:\/\/www.europesays.com\/de\/wp-json\/wp\/v2\/posts\/1274410","targetHints":{"allow":["GET"]}}],"collection":[{"href":"https:\/\/www.europesays.com\/de\/wp-json\/wp\/v2\/posts"}],"about":[{"href":"https:\/\/www.europesays.com\/de\/wp-json\/wp\/v2\/types\/post"}],"author":[{"embeddable":true,"href":"https:\/\/www.europesays.com\/de\/wp-json\/wp\/v2\/users\/2"}],"replies":[{"embeddable":true,"href":"https:\/\/www.europesays.com\/de\/wp-json\/wp\/v2\/comments?post=1274410"}],"version-history":[{"count":0,"href":"https:\/\/www.europesays.com\/de\/wp-json\/wp\/v2\/posts\/1274410\/revisions"}],"wp:featuredmedia":[{"embeddable":true,"href":"https:\/\/www.europesays.com\/de\/wp-json\/wp\/v2\/media\/1274411"}],"wp:attachment":[{"href":"https:\/\/www.europesays.com\/de\/wp-json\/wp\/v2\/media?parent=1274410"}],"wp:term":[{"taxonomy":"category","embeddable":true,"href":"https:\/\/www.europesays.com\/de\/wp-json\/wp\/v2\/categories?post=1274410"},{"taxonomy":"post_tag","embeddable":true,"href":"https:\/\/www.europesays.com\/de\/wp-json\/wp\/v2\/tags?post=1274410"}],"curies":[{"name":"wp","href":"https:\/\/api.w.org\/{rel}","templated":true}]}}