{"id":1274424,"date":"2026-09-01T20:58:23","date_gmt":"2026-09-01T20:58:23","guid":{"rendered":"https:\/\/www.europesays.com\/de\/1274424\/"},"modified":"2026-09-01T20:58:23","modified_gmt":"2026-09-01T20:58:23","slug":"berufsstart-bei-der-stadt-142-neue-azubis-und-studierende","status":"publish","type":"post","link":"https:\/\/www.europesays.com\/de\/1274424\/","title":{"rendered":"Berufsstart bei der Stadt: 142 neue Azubis und Studierende"},"content":{"rendered":"<p><img loading=\"lazy\" decoding=\"async\" src=\"https:\/\/www.europesays.com\/de\/wp-content\/uploads\/2026\/09\/mrn_news_platzhalter_logo-2026-neu-1.jpg\" alt=\"Mrn news platzhalter logo 2026 neu\" width=\"1500\" height=\"833\" class=\"alignnone size-full wp-image-651696\"  \/> Mannheim \/ Metropolregion Rhein-Neckar -Rund 150 neue Auszubildende, Studierende, Anerkennungspraktikant*innen und Fachkr\u00e4fte f\u00fcr den Direkteinstieg beginnen heute (01. September 2026) ihre Ausbildung oder ihr Studium bei der Stadt Mannheim. Auch in diesem Jahr besonders stark vertreten ist der Erzieher*innenbereich mit insgesamt drei verschiedenen Ausbildungsformen.<\/p>\n<p>Oberb\u00fcrgermeister Christian Specht hie\u00df die neuen Auszubildenden und Studierenden im Ratssaal des Stadthauses N1 herzlich willkommen. \u201eWer bei der Stadt seine Ausbildung beginnt, entscheidet sich f\u00fcr mehr als einen sicheren Arbeitsplatz: Er oder sie entscheidet sich daf\u00fcr, die eigene Stadt ein St\u00fcck weit mitzugestalten. Ich freue mich deshalb sehr, unsere neuen Auszubildenden heute willkommen zu hei\u00dfen. Sie sind mit ihren Ideen, ihrem Engagement und ihren unterschiedlichen Talenten eine wichtige Bereicherung f\u00fcr unsere Verwaltung\u201c, sagte der Oberb\u00fcrgermeister.<\/p>\n<p>Vielf\u00e4ltiges Programm zum Ausbildungsstart<\/p>\n<p>F\u00fcr einen guten Start in Ausbildung und Studium erwartet die neuen Nachwuchskr\u00e4fte in ihrer ersten Woche ein abwechslungsreiches Programm. Dabei geht es nicht nur darum, die Stadtverwaltung und ihre unterschiedlichen Aufgaben kennenzulernen, sondern auch darum, erste Kontakte zu kn\u00fcpfen und als Gruppe zusammenzuwachsen. Auf dem Programm stehen unter anderem eine Trommel-Session, eine Azubi-Stadtrallye in Kleingruppen zum Erkunden verschiedener st\u00e4dtischer Dienststellen sowie der Gesundheitstag in Kooperation mit dem Betrieblichen Gesundheitsmanagement. Auch die Jugend- und Auszubildendenvertretung der Stadt Mannheim begr\u00fc\u00dft die neuen Kollegen und Kolleginnen. Gruppendynamische \u00dcbungen und ein Meet &amp; Greet mit den sogenannten Buddys bieten Gelegenheit zum gegenseitigen Kennenlernen und zum Austausch wichtiger berufsspezifischer Informationen. Ein Teamevent im Zirkus Paletti bildet den Abschluss der Einf\u00fchrungstage.<\/p>\n<p>Stadt Mannheim: Einer der gr\u00f6\u00dften Ausbildungsbetriebe der Metropolregion<\/p>\n<p>Die Stadt Mannheim geh\u00f6rt zu den gr\u00f6\u00dften Ausbildungsbetrieben in der Metropolregion Rhein-Neckar. F\u00fcr den Einstellungsjahrgang 2026 gingen rund 2.600 Bewerbungen ein. Mit rund 40 verschiedenen Fachrichtungen in unterschiedlichen Ausbildungsberufen und Studieng\u00e4ngen bietet die Stadt zahlreiche M\u00f6glichkeiten f\u00fcr einen Einstieg ins Berufsleben. Dazu geh\u00f6ren auch seltenere Berufe, wie beispielsweise der der Umwelttechnolog*innen f\u00fcr Abwasserbewirtschaftung, B\u00fchnenplastiker*innen oder die Ausbildung zum\/zur Stra\u00dfenbauer*in.<\/p>\n<p>In diesem Jahr werden Auszubildende und Studierende in folgenden Berufsbildern begr\u00fc\u00dft:<br \/>\u00b7       Erzieher*in (\u00fcber alle verschiedenen Ausbildungsformen)<br \/>\u00b7       Fachangestellte*r f\u00fcr B\u00e4derbetriebe<br \/>\u00b7       Fachangestellte*r f\u00fcr Medien- und Informationsdienste<br \/>\u00b7       Umwelttechnolog*in Rohrleitungsnetzte und Industrieanlagen<br \/>\u00b7       Umwelttechnolog*in f\u00fcr Abwasserbewirtschaftung<br \/>\u00b7       Umwelttechnolog*in f\u00fcr Kreislauf- und Abfallwirtschaft<br \/>\u00b7       Forstwirt*in<br \/>\u00b7       G\u00e4rtner*in<br \/>\u00b7       Stra\u00dfenbauer*in<br \/>\u00b7       Berufskraftfahrer*in<br \/>\u00b7       Kfz-Mechatroniker*in<br \/>\u00b7       Verwaltungsfachangestellte*r<br \/>\u00b7       Metallbauer*in<br \/>\u00b7       B\u00fchnenplastiker*in<br \/>\u00b7       Tischler*in<br \/>\u00b7       Bachelor of Arts, Messe-, Kongress- und Eventmanagement<br \/>\u00b7       Bachelor of Arts, \u00d6ffentliche Wirtschaft<br \/>\u00b7       Bachelor of Arts, Public Management \u2013 bekannt als gehobener<br \/>Verwaltungsdienst<br \/>\u00b7       Bachelor of Arts, Soziale Arbeit<br \/>\u00b7       Bachelor of Engineering, \u00d6ffentliches Bauen<br \/>\u00b7       Bachelor of Science, Informatik<\/p>\n<p>Quelle: Stadt Mannheim<\/p>\n<p class=\"post-modified-info\">Zuletzt aktualisiert am 1. September 2026, 20:23<\/p>\n","protected":false},"excerpt":{"rendered":"Mannheim \/ Metropolregion Rhein-Neckar -Rund 150 neue Auszubildende, Studierende, Anerkennungspraktikant*innen und Fachkr\u00e4fte f\u00fcr den Direkteinstieg beginnen heute (01.&hellip;\n","protected":false},"author":2,"featured_media":1274425,"comment_status":"","ping_status":"","sticky":false,"template":"","format":"standard","meta":{"footnotes":"","_share_on_mastodon":"0"},"categories":[1845],"tags":[3803,14589,11108,17401,3886,1634,7600,27721,3364,29,14967,548,663,3934,22554,30,13,259,5212,1029,2096,47,25488,25489,14,14480,15,3748,263076,7789,5206,28951,12,3041,64611,7557,4938,17075],"class_list":["post-1274424","post","type-post","status-publish","format-standard","has-post-thumbnail","category-mannheim","tag-studierende","tag-14589","tag-abfallwirtschaft","tag-arbeitsplatz","tag-ausbildung","tag-baden-wuerttemberg","tag-bauen","tag-christian-specht","tag-de","tag-deutschland","tag-engagement","tag-eu","tag-europa","tag-europe","tag-fachkraefte","tag-germany","tag-headlines","tag-informationen","tag-kooperation","tag-management","tag-mannheim","tag-messe","tag-metropolregion","tag-metropolregion-rhein-neckar","tag-nachrichten","tag-neckar","tag-news","tag-oberbuergermeister","tag-oberbuergermeister-christian-specht","tag-programm","tag-rhein","tag-rhein-neckar","tag-schlagzeilen","tag-stadt","tag-stadt-mannheim","tag-stadtverwaltung","tag-studium","tag-verwaltung"],"share_on_mastodon":{"url":"","error":"Validation failed: Text character limit of 500 exceeded"},"_links":{"self":[{"href":"https:\/\/www.europesays.com\/de\/wp-json\/wp\/v2\/posts\/1274424","targetHints":{"allow":["GET"]}}],"collection":[{"href":"https:\/\/www.europesays.com\/de\/wp-json\/wp\/v2\/posts"}],"about":[{"href":"https:\/\/www.europesays.com\/de\/wp-json\/wp\/v2\/types\/post"}],"author":[{"embeddable":true,"href":"https:\/\/www.europesays.com\/de\/wp-json\/wp\/v2\/users\/2"}],"replies":[{"embeddable":true,"href":"https:\/\/www.europesays.com\/de\/wp-json\/wp\/v2\/comments?post=1274424"}],"version-history":[{"count":0,"href":"https:\/\/www.europesays.com\/de\/wp-json\/wp\/v2\/posts\/1274424\/revisions"}],"wp:featuredmedia":[{"embeddable":true,"href":"https:\/\/www.europesays.com\/de\/wp-json\/wp\/v2\/media\/1274425"}],"wp:attachment":[{"href":"https:\/\/www.europesays.com\/de\/wp-json\/wp\/v2\/media?parent=1274424"}],"wp:term":[{"taxonomy":"category","embeddable":true,"href":"https:\/\/www.europesays.com\/de\/wp-json\/wp\/v2\/categories?post=1274424"},{"taxonomy":"post_tag","embeddable":true,"href":"https:\/\/www.europesays.com\/de\/wp-json\/wp\/v2\/tags?post=1274424"}],"curies":[{"name":"wp","href":"https:\/\/api.w.org\/{rel}","templated":true}]}}