{"id":1274434,"date":"2026-09-01T21:07:23","date_gmt":"2026-09-01T21:07:23","guid":{"rendered":"https:\/\/www.europesays.com\/de\/1274434\/"},"modified":"2026-09-01T21:07:23","modified_gmt":"2026-09-01T21:07:23","slug":"was-macht-der-schlumpf-auf-dem-paehler-lastwagen","status":"publish","type":"post","link":"https:\/\/www.europesays.com\/de\/1274434\/","title":{"rendered":"Was macht der Schlumpf auf dem P\u00e4hler-Lastwagen?\u00a0"},"content":{"rendered":"<p>In Verl fahren k\u00fcnftig Kinderbilder auf Lastwagen durch die Region: Das Droste-Haus und die Spedition P\u00e4hler machen aus kreativen Baustellenmotiven ein sichtbares Zeichen f\u00fcr Nachwuchs.<\/p>\n<p>Verl (kpri) &#8211; Was haben das Droste-Haus und ein Lastwagen gemeinsam? Un\u00fcbersehbar hat sich das bei der Pr\u00e4sentation eines Projekts gezeigt, bei dem Kinder ihre Kreativit\u00e4t haben spielen lassen. W\u00e4hrend der Herbstspiele XL 2025 haben Jungen und M\u00e4dchen im Alter zwischen sechs und zw\u00f6lf Jahren bei\u2026<\/p>\n<p>            <img decoding=\"async\" src=\"https:\/\/www.die-glocke.de\/typo3conf\/ext\/bo_dieglocke_template\/Resources\/Public\/Images\/logo\/glocke_plus_icon.svg\" class=\"pwTopImage\" alt=\"Glocke Plus\"\/><\/p>\n<p>                Jetzt weiterlesen mit G+<\/p>\n<p class=\"card-text equal-height text-center\" data-equalheightgroup=\"1\">\n                0,99 \u20ac im 1. Monat \u2013 monatlich k\u00fcndbar\n            <\/p>\n<tr>\n<tr>\n<td class=\"w-25px p-1\">\n<\/td>\n<td class=\"p-1\">\n<p>                                            aktuelle Nachrichten rund um die Uhr<\/p>\n<\/td>\n<\/tr>\n<tr>\n<td class=\"w-25px p-1\">\n<\/td>\n<td class=\"p-1\">\n<p>                                            nur 79 \u20ac (ab dem 13. Monat 7,90 \u20ac monatlich)<\/p>\n<\/td>\n<\/tr>\n<tr>\n<td class=\"w-25px p-1\">\n<\/td>\n<td class=\"p-1\">\n<p>                                            nach 12 Monaten Mindestlaufzeit monatlich k\u00fcndbar<\/p>\n<\/td>\n<\/tr>\n<tr>\n<td class=\"w-25px p-1\">\n<\/td>\n<td class=\"p-1\">\n<p>                                            sparen Sie 15,80 \u20ac gegen\u00fcber dem Monatsabo<\/p>\n<\/td>\n<\/tr>\n<\/tr>\n<p>\n                        79 \u20ac f\u00fcr 12 Monate\n                    <\/p>\n<p>                    <a data-upscore-conversion=\"1\" rel=\"nofollow noopener\" class=\"btn link-primary border rounded border-2 border-primary d-block w-100 mb-4\" href=\"https:\/\/shop.die-glocke.de\/bestellen\/g-jahresabo-bc91?type=paypal&amp;upscore_object_id=5b6ab045-9f22-4148-bf25-ff737ee2fa78-Portal&amp;upscore_offer_id=&amp;upscore_click_id=&amp;upscore_object_url=https%3A%2F%2Fwww.die-glocke.de%2Fkreis-guetersloh%2Fverl%2Fartikel%2Fwas-macht-der-schlumpf-auf-dem-paehler-lastwagen-1788270907&amp;target=https%3A%2F%2Fwww.die-glocke.de%2Fkreis-guetersloh%2Fverl%2Fartikel%2Fwas-macht-der-schlumpf-auf-dem-paehler-lastwagen-1788270907\" target=\"_blank\"><br \/>\n                        <strong>Jahresabo bestellen mit <\/strong><br \/>\n                        <img loading=\"lazy\" decoding=\"async\" class=\"me-2 icon-paypal\" src=\"https:\/\/www.die-glocke.de\/fileadmin\/images\/demo\/paypal.svg\" width=\"65\" height=\"15\" alt=\"Paypal\"\/><br \/>\n                    <\/a><\/p>\n<p>                    <a data-upscore-conversion=\"1\" class=\"paywall_order_btn-668975\" href=\"https:\/\/shop.die-glocke.de\/gplus-jahresabo?upscore_object_id=5b6ab045-9f22-4148-bf25-ff737ee2fa78-Portal&amp;upscore_offer_id=&amp;upscore_click_id=&amp;upscore_object_url=https%3A%2F%2Fwww.die-glocke.de%2Fkreis-guetersloh%2Fverl%2Fartikel%2Fwas-macht-der-schlumpf-auf-dem-paehler-lastwagen-1788270907&amp;target=https%3A%2F%2Fwww.die-glocke.de%2Fkreis-guetersloh%2Fverl%2Fartikel%2Fwas-macht-der-schlumpf-auf-dem-paehler-lastwagen-1788270907\" rel=\"nofollow noopener\" target=\"_blank\"><br \/>\n                        Jahresabo bestellen<br \/>\n                    <\/a><\/p>\n<p>Texte und Fotos von die-glocke.de sind urheberrechtlich gesch\u00fctzt.<br \/>\n            Weiterverwendung nur mit Genehmigung der Chefredaktion.<\/p>\n","protected":false},"excerpt":{"rendered":"In Verl fahren k\u00fcnftig Kinderbilder auf Lastwagen durch die Region: Das Droste-Haus und die Spedition P\u00e4hler machen aus&hellip;\n","protected":false},"author":2,"featured_media":1274435,"comment_status":"","ping_status":"","sticky":false,"template":"","format":"standard","meta":{"footnotes":"","_share_on_mastodon":"0"},"categories":[1841],"tags":[1605,73,3364,29,221962,30,1114,13790,1209,263077,3724],"class_list":["post-1274434","post","type-post","status-publish","format-standard","has-post-thumbnail","category-bielefeld","tag-bielefeld","tag-bilder","tag-de","tag-deutschland","tag-droste-haus","tag-germany","tag-kinder","tag-lastwagen","tag-nordrhein-westfalen","tag-paehler","tag-verl"],"share_on_mastodon":{"url":"","error":""},"_links":{"self":[{"href":"https:\/\/www.europesays.com\/de\/wp-json\/wp\/v2\/posts\/1274434","targetHints":{"allow":["GET"]}}],"collection":[{"href":"https:\/\/www.europesays.com\/de\/wp-json\/wp\/v2\/posts"}],"about":[{"href":"https:\/\/www.europesays.com\/de\/wp-json\/wp\/v2\/types\/post"}],"author":[{"embeddable":true,"href":"https:\/\/www.europesays.com\/de\/wp-json\/wp\/v2\/users\/2"}],"replies":[{"embeddable":true,"href":"https:\/\/www.europesays.com\/de\/wp-json\/wp\/v2\/comments?post=1274434"}],"version-history":[{"count":0,"href":"https:\/\/www.europesays.com\/de\/wp-json\/wp\/v2\/posts\/1274434\/revisions"}],"wp:featuredmedia":[{"embeddable":true,"href":"https:\/\/www.europesays.com\/de\/wp-json\/wp\/v2\/media\/1274435"}],"wp:attachment":[{"href":"https:\/\/www.europesays.com\/de\/wp-json\/wp\/v2\/media?parent=1274434"}],"wp:term":[{"taxonomy":"category","embeddable":true,"href":"https:\/\/www.europesays.com\/de\/wp-json\/wp\/v2\/categories?post=1274434"},{"taxonomy":"post_tag","embeddable":true,"href":"https:\/\/www.europesays.com\/de\/wp-json\/wp\/v2\/tags?post=1274434"}],"curies":[{"name":"wp","href":"https:\/\/api.w.org\/{rel}","templated":true}]}}