{"id":1274459,"date":"2026-09-01T21:29:28","date_gmt":"2026-09-01T21:29:28","guid":{"rendered":"https:\/\/www.europesays.com\/de\/1274459\/"},"modified":"2026-09-01T21:29:28","modified_gmt":"2026-09-01T21:29:28","slug":"g20-und-ki-usa-wollen-neue-aufsichtsbehoerden-verhindern","status":"publish","type":"post","link":"https:\/\/www.europesays.com\/de\/1274459\/","title":{"rendered":"G20 und KI: USA wollen neue Aufsichtsbeh\u00f6rden verhindern"},"content":{"rendered":"<p class=\"text-black text-[17px] leading-7 font-normal font-merriweather\">\n              Auf dem seit Dienstag laufenden G20-Ministertreffen in Chapel Hill im US-Bundesstaat North Carolina sprechen sich die <a href=\"https:\/\/www.berliner-zeitung.de\/category\/usa\" rel=\"nofollow noopener\" target=\"_blank\">USA<\/a> gegen neue Aufsichtsbeh\u00f6rden f\u00fcr <a href=\"https:\/\/www.berliner-zeitung.de\/article\/bill-gates-ki-jobs-human-reserved-10333751\" rel=\"nofollow noopener\" target=\"_blank\">K\u00fcnstliche Intelligenz<\/a> aus. Das geht aus dem vorbereiteten Redetext des Direktors des B\u00fcros f\u00fcr Wissenschafts- und Technologiepolitik im Wei\u00dfen Haus, Michael Kratsios, hervor, der der Nachrichtenagentur Reuters vorliegt.<\/p>\n<p>Kratsios ist gemeinsam mit US-Handelsminister Howard Lutnick Gastgeber des zweit\u00e4gigen Treffens im Carolina Inn.\u00a0Die <a href=\"https:\/\/www.berliner-zeitung.de\/category\/usa\" rel=\"nofollow noopener\" target=\"_blank\">USA<\/a> haben in diesem Jahr den rotierenden Vorsitz der G20 inne.\n            <\/p>\n<p class=\"text-sm\">Zustimmung wird gepr\u00fcft&#8230;<\/p>\n<p class=\"text-black text-[17px] leading-7 font-normal font-merriweather\">\n              Die Gruppe der 20 ist ein Zusammenschluss der wichtigsten Industrie- und Schwellenl\u00e4nder und umfasst neben den Vereinigten Staaten, <a href=\"https:\/\/www.berliner-zeitung.de\/category\/grossbritannien\" rel=\"nofollow noopener\" target=\"_blank\">Gro\u00dfbritannien<\/a>, Kanada, <a href=\"https:\/\/www.berliner-zeitung.de\/category\/frankreich\" rel=\"nofollow noopener\" target=\"_blank\">Frankreich<\/a>, Deutschland, Japan, Saudi-Arabien, Australien und China auch weitere gro\u00dfe Volkswirtschaften.\n            <\/p>\n<p>            Vorsto\u00df unter dem Namen \u201eCarolina Principles&#8220;<\/p>\n<p class=\"text-black text-[17px] leading-7 font-normal font-merriweather\">\n              Die US-Regierung schl\u00e4gt den G20-Staaten eine unverbindliche Erkl\u00e4rung unter dem Titel \u201eCarolina Principles\u201c vor. Unterzeichnerstaaten sollen sich darauf verst\u00e4ndigen, neue Regeln f\u00fcr KI nur bei tats\u00e4chlich neuartigen Fragen zu erlassen, in Grundlagenforschung zu investieren und die wirtschaftliche Nutzung der Technologie zu st\u00e4rken.<\/p>\n<p>Die Politik m\u00fcsse nicht jede neue Technologie als eigenst\u00e4ndiges Regulierungsproblem behandeln, hei\u00dft es in dem Manuskript laut Reuters. Ein Vertreter des Wei\u00dfen Hauses sagte der Nachrichtenagentur, <a href=\"https:\/\/www.berliner-zeitung.de\/category\/washington\" rel=\"nofollow noopener\" target=\"_blank\">Washington<\/a> werde die Mitgliedstaaten dr\u00e4ngen, keine neuen Beh\u00f6rden f\u00fcr die Aufsicht \u00fcber die KI-Entwicklung einzurichten.\n            <\/p>\n<p>            Kanada und EU pochen auf Vertrauen und Sicherheit<\/p>\n<p class=\"text-black text-[17px] leading-7 font-normal font-merriweather\">\n              Kanada will bei dem Treffen f\u00fcr einen Ausgleich zwischen Innovation und \u201e\u00f6ffentlichem Vertrauen und Sicherheit\u201c werben, wie ein Sprecher der Regierung Reuters mitteilte. Die <a href=\"https:\/\/www.berliner-zeitung.de\/category\/eu\" rel=\"nofollow noopener\" target=\"_blank\">EU<\/a>-Kommission wird durch ihre Vizepr\u00e4sidentin und Kommissarin f\u00fcr Digitale und Grenztechnologien, Henna Virkkunen, sowie Wirtschaftskommissar Valdis Dombrovskis vertreten.\n            <\/p>\n<p class=\"text-black text-[17px] leading-7 font-normal font-merriweather\">\n              Virkkunen will nach Angaben der Kommission den Anspruch der <a href=\"https:\/\/www.berliner-zeitung.de\/category\/eu\" rel=\"nofollow noopener\" target=\"_blank\">EU<\/a> auf <a href=\"https:\/\/www.berliner-zeitung.de\/article\/eu-ki-transparenzpflichten-ai-act-kennzeichnung-ki-inhalte-10292157\" rel=\"nofollow noopener\" target=\"_blank\">eine f\u00fchrende Rolle bei KI unterstreichen<\/a>, unter anderem mit 200 Milliarden Euro, die \u00fcber die Initiative InvestAI mobilisiert werden sollen. Vertrauen und Innovation m\u00fcssten Hand in Hand gehen, mehr internationale Zusammenarbeit sei n\u00f6tig, um einen Flickenteppich bei den Regeln zu vermeiden.\n            <\/p>\n<p>            Australien bringt eigene KI-Standards ein<\/p>\n<p class=\"text-black text-[17px] leading-7 font-normal font-merriweather\">\n              Australien betont nach Angaben des Ministeriums f\u00fcr Industrie und Wissenschaft, Innovation und Sicherheit m\u00fcssten <a href=\"https:\/\/www.minister.industry.gov.au\/charlton\/media\/visit-usa-advance-australias-ai-agenda\" target=\"_blank\" rel=\"nofollow noopener\">gemeinsam vorangebracht werden<\/a>. Der zust\u00e4ndige Staatssekret\u00e4r Andrew Charlton wolle bei dem Treffen die nationalen KI-Standards seines Landes vorstellen und sich mit Vertretern der USA, Gro\u00dfbritanniens, Kanadas und der EU austauschen.\n            <\/p>\n<p>            Konzernchefs per Video zugeschaltet<\/p>\n<p class=\"text-black text-[17px] leading-7 font-normal font-merriweather\">\n              An den Beratungen des G20-Innovationsforums nehmen laut Reuters auch f\u00fchrende Vertreter der KI-Branche teil. <a href=\"https:\/\/www.berliner-zeitung.de\/article\/openai-elon-musk-sam-altman-wie-es-zum-machtkampf-hinter-der-ki-revolution-kam-10033265\" rel=\"nofollow noopener\" target=\"_blank\">OpenAI-Chef Sam Altman<\/a> und Nvidia-Chef Jensen Huang treten am Mittwoch jeweils mit US-Handelsminister Howard Lutnick vor die Delegierten. <\/p>\n<p>Meta-Chef Mark Zuckerberg, SpaceX-Chef Elon Musk, der fr\u00fchere KI-Berater des Wei\u00dfen Hauses David Sacks sowie Google-DeepMind-Mitgr\u00fcnder Demis Hassabis sollen per Video zugeschaltet werden.\n            <\/p>\n<p class=\"text-black text-[17px] leading-7 font-normal font-merriweather\">\n              Das Treffen ist Teil einer Reihe von Vorbereitungstreffen f\u00fcr den G20-Gipfel im Dezember, der in einem Golfclub des US-Pr\u00e4sidenten in Miami im Bundesstaat Florida stattfinden soll.<\/p>\n<p>                    <img decoding=\"async\" src=\"https:\/\/www.berliner-zeitung.de\/images\/blz\/send-mail.svg\" alt=\"Send feedback\"\/><\/p>\n<p>Lesen Sie mehr zum Thema<\/p>\n","protected":false},"excerpt":{"rendered":"Auf dem seit Dienstag laufenden G20-Ministertreffen in Chapel Hill im US-Bundesstaat North Carolina sprechen sich die USA gegen&hellip;\n","protected":false},"author":2,"featured_media":1274460,"comment_status":"","ping_status":"","sticky":false,"template":"","format":"standard","meta":{"footnotes":"","_share_on_mastodon":"0"},"categories":[3933],"tags":[331,332,263081,548,663,158,3934,3935,37169,13,7180,53,14,15,3186,12,64],"class_list":["post-1274459","post","type-post","status-publish","format-standard","has-post-thumbnail","category-eu","tag-aktuelle-nachrichten","tag-aktuelle-news","tag-chapel-hill","tag-eu","tag-europa","tag-europaeische-union","tag-europe","tag-european-union","tag-g20","tag-headlines","tag-howard-lutnick","tag-kanada","tag-nachrichten","tag-news","tag-reuters","tag-schlagzeilen","tag-usa"],"share_on_mastodon":{"url":"https:\/\/pubeurope.com\/@de\/117197917335286333","error":""},"_links":{"self":[{"href":"https:\/\/www.europesays.com\/de\/wp-json\/wp\/v2\/posts\/1274459","targetHints":{"allow":["GET"]}}],"collection":[{"href":"https:\/\/www.europesays.com\/de\/wp-json\/wp\/v2\/posts"}],"about":[{"href":"https:\/\/www.europesays.com\/de\/wp-json\/wp\/v2\/types\/post"}],"author":[{"embeddable":true,"href":"https:\/\/www.europesays.com\/de\/wp-json\/wp\/v2\/users\/2"}],"replies":[{"embeddable":true,"href":"https:\/\/www.europesays.com\/de\/wp-json\/wp\/v2\/comments?post=1274459"}],"version-history":[{"count":0,"href":"https:\/\/www.europesays.com\/de\/wp-json\/wp\/v2\/posts\/1274459\/revisions"}],"wp:featuredmedia":[{"embeddable":true,"href":"https:\/\/www.europesays.com\/de\/wp-json\/wp\/v2\/media\/1274460"}],"wp:attachment":[{"href":"https:\/\/www.europesays.com\/de\/wp-json\/wp\/v2\/media?parent=1274459"}],"wp:term":[{"taxonomy":"category","embeddable":true,"href":"https:\/\/www.europesays.com\/de\/wp-json\/wp\/v2\/categories?post=1274459"},{"taxonomy":"post_tag","embeddable":true,"href":"https:\/\/www.europesays.com\/de\/wp-json\/wp\/v2\/tags?post=1274459"}],"curies":[{"name":"wp","href":"https:\/\/api.w.org\/{rel}","templated":true}]}}