{"id":1274473,"date":"2026-09-01T21:39:18","date_gmt":"2026-09-01T21:39:18","guid":{"rendered":"https:\/\/www.europesays.com\/de\/1274473\/"},"modified":"2026-09-01T21:39:18","modified_gmt":"2026-09-01T21:39:18","slug":"pol-mfr-784-mann-nach-streit-mit-messer-verletzt-festnahme","status":"publish","type":"post","link":"https:\/\/www.europesays.com\/de\/1274473\/","title":{"rendered":"POL-MFR: (784) Mann nach Streit mit Messer verletzt &#8211; Festnahme"},"content":{"rendered":"<p class=\"date\">01.09.2026 \u2013 17:18<\/p>\n<p class=\"customer\">\n                        <a class=\"story-customer\" title=\"weiter zum newsroom von Polizeipr\u00e4sidium Mittelfranken\" href=\"https:\/\/www.presseportal.de\/blaulicht\/nr\/6013\" rel=\"nofollow noopener\" target=\"_blank\">Polizeipr\u00e4sidium Mittelfranken<\/a>\n                    <\/p>\n<p><a data-category=\"citylink-story-view\" data-action=\"click\" data-label=\"Citylink in Meldungsansicht\" class=\"story-city event-trigger\" href=\"https:\/\/www.presseportal.de\/regional\/N%FCrnberg\" title=\"News aus N\u00fcrnberg \" rel=\"nofollow noopener\" target=\"_blank\">N\u00fcrnberg<\/a> (ots)<\/p>\n<p>Am Dienstagnachmittag (01.09.2026) ereignete sich im N\u00fcrnberger Stadtteil Gostenhof eine k\u00f6rperliche Auseinandersetzung zwischen zwei M\u00e4nnern. Ein 58-J\u00e4hriger erlitt eine Messerverletzung am Arm; ein Tatverd\u00e4chtiger konnte vor Ort festgenommen werden.<\/p>\n<p>Kurz nach 15:00 Uhr gerieten aus noch nicht gekl\u00e4rter Ursache zwei M\u00e4nner im Alter von 58 und 61 Jahren in dem Hausflur eines Mehrfamilienhauses in der Hessestra\u00dfe, in welchem sich auch eine Moschee befindet, in Streit. Die Streitigkeit entwickelte sich zu einer handfesten Auseinandersetzung, in deren Verlauf der 61-J\u00e4hrige (algerisch-deutsche Staatsangeh\u00f6rigkeit) seinen 58-j\u00e4hrigen spanischen Kontrahenten offenbar mit einem Messer am Arm verletzte.<\/p>\n<p>Alarmierte Streifenbesatzungen der Polizeiinspektion N\u00fcrnberg-West waren innerhalb k\u00fcrzester Zeit vor Ort und leisteten Erste Hilfe bei dem Verletzten. Der Tatverd\u00e4chtige konnte widerstandslos vor Ort festgenommen werden.<\/p>\n<p>Beide Beteiligten mussten zur medizinischen Versorgung in ein Krankenhaus gefahren werden.<\/p>\n<p>Aufgrund der anfangs unklaren Informationslage bez\u00fcglich des Geschehens waren Einheiten des Unterst\u00fctzungskommandos Mittelfranken (USK) sowie ein Diensthundef\u00fchrer am Tatort im Einsatz. Nach R\u00fccksprache mit dem Verantwortlichen der islamischen Gemeinde suchten die Einsatzkr\u00e4fte vorsorglich die R\u00e4umlichkeiten der Moschee nach weiteren m\u00f6glichen Verletzten oder Verd\u00e4chtigen ab. Die Absuche f\u00fchrte zu keinen weiteren Erkenntnissen bez\u00fcglich einer Beteiligung unbekannter Dritter.<\/p>\n<p>Die Spurensicherung kam vor Ort. Die N\u00fcrnberger Polizei hat nun die weiteren Ermittlungen zur Kl\u00e4rung der Hintergr\u00fcnde des Geschehens aufgenommen.<\/p>\n<p>Erstellt durch: Michael Petzold<\/p>\n<p class=\"contact-headline\">R\u00fcckfragen bitte an:<\/p>\n<p class=\"contact-text\">Polizeipr\u00e4sidium Mittelfranken<br \/>Pr\u00e4sidialb\u00fcro &#8211; Pressestelle<br \/>Jakobsplatz 5<br \/>D-90402 N\u00fcrnberg<br \/>E-Mail: <a href=\"https:\/\/www.presseportal.de\/blaulicht\/pm\/6013\/mailto:pp-mfr.pressestelle@polizei.bayern.de\" class=\"uri-mailto\" rel=\"nofollow noopener\" target=\"_blank\">pp-mfr.pressestelle@polizei.bayern.de<\/a><\/p>\n<p>Erreichbarkeiten:<br \/>Montag bis Donnerstag<br \/>07:00 bis 16:00 Uhr<br \/>Freitag<br \/>07:00 bis 15:00 Uhr<br \/>Sonntag<br \/>11:00 bis 14:00 Uhr<\/p>\n<p>Telefon: +49 (0)911 2112 1030<\/p>\n<p>Au\u00dferhalb der B\u00fcrozeiten:<\/p>\n<p>Telefon: +49 (0)911 2112 1553<\/p>\n<p>Die Pressestelle des Polizeipr\u00e4sidiums Mittelfranken im Internet:<br \/><a target=\"_blank\" class=\"uri-ext outbound\" rel=\"noopener nofollow\" href=\"http:\/\/ots.de\/P4TQ8h\">http:\/\/ots.de\/P4TQ8h<\/a><\/p>\n<p class=\"originator\">Original-Content von: Polizeipr\u00e4sidium Mittelfranken, \u00fcbermittelt durch news aktuell<\/p>\n","protected":false},"excerpt":{"rendered":"01.09.2026 \u2013 17:18 Polizeipr\u00e4sidium Mittelfranken N\u00fcrnberg (ots) Am Dienstagnachmittag (01.09.2026) ereignete sich im N\u00fcrnberger Stadtteil Gostenhof eine k\u00f6rperliche&hellip;\n","protected":false},"author":2,"featured_media":1266941,"comment_status":"","ping_status":"","sticky":false,"template":"","format":"standard","meta":{"footnotes":"","_share_on_mastodon":"0"},"categories":[1837],"tags":[772,2918,3364,29,30,177,3783,121,178,180,179,181],"class_list":["post-1274473","post","type-post","status-publish","format-standard","has-post-thumbnail","category-nuernberg","tag-bayern","tag-by","tag-de","tag-deutschland","tag-germany","tag-kriminalitt","tag-nuernberg","tag-polizei","tag-presse","tag-pressemeldung","tag-pressemitteilung","tag-pressemitteilungen"],"share_on_mastodon":{"url":"https:\/\/pubeurope.com\/@de\/117197954445153320","error":""},"_links":{"self":[{"href":"https:\/\/www.europesays.com\/de\/wp-json\/wp\/v2\/posts\/1274473","targetHints":{"allow":["GET"]}}],"collection":[{"href":"https:\/\/www.europesays.com\/de\/wp-json\/wp\/v2\/posts"}],"about":[{"href":"https:\/\/www.europesays.com\/de\/wp-json\/wp\/v2\/types\/post"}],"author":[{"embeddable":true,"href":"https:\/\/www.europesays.com\/de\/wp-json\/wp\/v2\/users\/2"}],"replies":[{"embeddable":true,"href":"https:\/\/www.europesays.com\/de\/wp-json\/wp\/v2\/comments?post=1274473"}],"version-history":[{"count":0,"href":"https:\/\/www.europesays.com\/de\/wp-json\/wp\/v2\/posts\/1274473\/revisions"}],"wp:featuredmedia":[{"embeddable":true,"href":"https:\/\/www.europesays.com\/de\/wp-json\/wp\/v2\/media\/1266941"}],"wp:attachment":[{"href":"https:\/\/www.europesays.com\/de\/wp-json\/wp\/v2\/media?parent=1274473"}],"wp:term":[{"taxonomy":"category","embeddable":true,"href":"https:\/\/www.europesays.com\/de\/wp-json\/wp\/v2\/categories?post=1274473"},{"taxonomy":"post_tag","embeddable":true,"href":"https:\/\/www.europesays.com\/de\/wp-json\/wp\/v2\/tags?post=1274473"}],"curies":[{"name":"wp","href":"https:\/\/api.w.org\/{rel}","templated":true}]}}