{"id":1274500,"date":"2026-09-01T21:57:23","date_gmt":"2026-09-01T21:57:23","guid":{"rendered":"https:\/\/www.europesays.com\/de\/1274500\/"},"modified":"2026-09-01T21:57:23","modified_gmt":"2026-09-01T21:57:23","slug":"duesseldorf-an-der-rethelstrasse-wird-jetzt-wieder-gebaut","status":"publish","type":"post","link":"https:\/\/www.europesays.com\/de\/1274500\/","title":{"rendered":"D\u00fcsseldorf: An der Rethelstra\u00dfe wird jetzt wieder gebaut"},"content":{"rendered":"<p class=\"text_ohne_einzug richtext text-em-55 !leading-serif mx-6 desktop:mx-0\"> Die Rethelstra\u00dfe galt viele Jahre als verrucht \u2013 zumindest der Teil zwischen Zoo-Br\u00fccke und Herderstra\u00dfe. Denn an den Hausnummern 73 bis 77 lagen einst gleich drei stadtbekannte Bordelle, die dem Rotlichtk\u00f6nig <a href=\"https:\/\/rp-online.de\/thema\/bert-wollersheim\/\" rel=\"nofollow noopener\" target=\"_blank\">Bert Wollersheim<\/a> zugeschrieben wurden. Wie sich sp\u00e4ter herausstellen sollte, war der eher ein Strohmann, als wirkliche Drahtzieher galten andere. Die Bordelle mussten 2012 nach einer gro\u00dfen <a href=\"https:\/\/rp-online.de\/thema\/razzia\/\" rel=\"nofollow noopener\" target=\"_blank\">Razzia<\/a> dann schlie\u00dfen, nachdem sich herausgestellt hatte, dass Freier mit K.o.-Tropfen bet\u00e4ubt worden waren, um ihnen die Kreditkarten abzunehmen und hohe Betr\u00e4ge von deren Konten abzuheben. Als 2016 die Inneneinrichtung verh\u00f6kert wurde, gab es noch einmal skurrilen Auflauf, viele waren neugierig, wie die Edel-Puffs von innen aussahen, und sicherten sich ein s\u00fcndiges Schn\u00e4ppchen. Vor sechs Jahren wurden die H\u00e4user schlie\u00dflich abgerissen. <\/p>\n<p class=\"richtext text-em-55 !leading-serif mx-6 desktop:mx-0\">Seitdem lag die Baustelle eine gef\u00fchlte Ewigkeit brach, obwohl es relativ schnell konkrete Pl\u00e4ne f\u00fcr eine Neubebauung gab. Der Investor List Develop Residential wollte dort ein Geb\u00e4ude mit Micro-Apartments errichten. Die Politiker der zust\u00e4ndigen Bezirksvertretung 2 waren dar\u00fcber alles andere als erfreut, denn die Stadt brauchte auch damals schon vor allem preisg\u00fcnstigen Wohnraum. Aber wie gesagt: Gebaut wurde nie. <\/p>\n<p class=\"richtext text-em-55 !leading-serif mx-6 desktop:mx-0\">Bis jetzt. Denn seit einigen Wochen herrscht wieder Betrieb auf der Baustelle, allerdings ist nun ein anderer Projektentwickler t\u00e4tig geworden: Die Novaform Deutschland GmbH aus Heerdt hat das Grundst\u00fcck bereits 2022 von List gekauft, es aber erst einmal \u201eruhen\u201c lassen, wie Gesch\u00e4ftsf\u00fchrer Jens Gehlings erkl\u00e4rt: \u201eDer Markt hat einen Baubeginn zum damaligen Zeitpunkt mit den hohen Zinsen und gestiegenen Baukosten nicht hergegeben, auch das urspr\u00fcnglich geplante Konzept mit einem kleinteiligen Weiterverkauf h\u00e4tte so nicht funktioniert. Wir haben uns jetzt aber zusammen mit unserer Muttergesellschaft dazu entschlossen, doch zu bauen. Ob wir das Objekt dann behalten oder weiterverkaufen, m\u00fcssen wir dann sehen.\u201c <\/p>\n<p class=\"richtext text-em-55 !leading-serif mx-6 desktop:mx-0\">Es sollen aber weiterhin Micro-Apartments in dem neuen Geb\u00e4ude mit Mittelgarage entstehen, das den Projekttitel \u201eUrban 73\u201c tr\u00e4gt \u2013 und zwar 70 an der Zahl, schl\u00fcsselfertig und m\u00f6bliert. Die Planung hat das D\u00fcsseldorfer B\u00fcro RKW Architektur \u00fcbernommen, die Bauausf\u00fchrung die Firma AR Bauunternehmen und Projektentwicklung aus Burscheid. \u201eAufgrund der Enge vor Ort ist das Bauen nicht so einfach, die Nachbarschaft ist zudem anspruchsvoll, wir streben da ein Einvernehmen an\u201c, sagt Gehlings. Jetzt, wo der Rohbau steht, \u201esind wir aber sprichw\u00f6rtlich aus dem Keller raus und sehen optimistisch in die Zukunft\u201c, so der Novaform-Gesch\u00e4ftsf\u00fchrer. Eine Fertigstellung werde jedenfalls bereits f\u00fcr das dritte Quartal 2027 angepeilt. <\/p>\n","protected":false},"excerpt":{"rendered":"Die Rethelstra\u00dfe galt viele Jahre als verrucht \u2013 zumindest der Teil zwischen Zoo-Br\u00fccke und Herderstra\u00dfe. Denn an den&hellip;\n","protected":false},"author":2,"featured_media":1274501,"comment_status":"","ping_status":"","sticky":false,"template":"","format":"standard","meta":{"footnotes":"","_share_on_mastodon":"0"},"categories":[1831],"tags":[44307,2461,2997,222619,183642,3364,29,3405,30,5332,1209,36040,263098,6500],"class_list":["post-1274500","post","type-post","status-publish","format-standard","has-post-thumbnail","category-duesseldorf","tag-abgerissen","tag-baustelle","tag-bert-wollersheim","tag-bordelle","tag-brach","tag-de","tag-deutschland","tag-duesseldorf","tag-germany","tag-haeuser","tag-nordrhein-westfalen","tag-rethelstrasse","tag-rotlichtkoenig","tag-zoo"],"share_on_mastodon":{"url":"https:\/\/pubeurope.com\/@de\/117198025301852280","error":""},"_links":{"self":[{"href":"https:\/\/www.europesays.com\/de\/wp-json\/wp\/v2\/posts\/1274500","targetHints":{"allow":["GET"]}}],"collection":[{"href":"https:\/\/www.europesays.com\/de\/wp-json\/wp\/v2\/posts"}],"about":[{"href":"https:\/\/www.europesays.com\/de\/wp-json\/wp\/v2\/types\/post"}],"author":[{"embeddable":true,"href":"https:\/\/www.europesays.com\/de\/wp-json\/wp\/v2\/users\/2"}],"replies":[{"embeddable":true,"href":"https:\/\/www.europesays.com\/de\/wp-json\/wp\/v2\/comments?post=1274500"}],"version-history":[{"count":0,"href":"https:\/\/www.europesays.com\/de\/wp-json\/wp\/v2\/posts\/1274500\/revisions"}],"wp:featuredmedia":[{"embeddable":true,"href":"https:\/\/www.europesays.com\/de\/wp-json\/wp\/v2\/media\/1274501"}],"wp:attachment":[{"href":"https:\/\/www.europesays.com\/de\/wp-json\/wp\/v2\/media?parent=1274500"}],"wp:term":[{"taxonomy":"category","embeddable":true,"href":"https:\/\/www.europesays.com\/de\/wp-json\/wp\/v2\/categories?post=1274500"},{"taxonomy":"post_tag","embeddable":true,"href":"https:\/\/www.europesays.com\/de\/wp-json\/wp\/v2\/tags?post=1274500"}],"curies":[{"name":"wp","href":"https:\/\/api.w.org\/{rel}","templated":true}]}}