{"id":1274502,"date":"2026-09-01T21:58:21","date_gmt":"2026-09-01T21:58:21","guid":{"rendered":"https:\/\/www.europesays.com\/de\/1274502\/"},"modified":"2026-09-01T21:58:21","modified_gmt":"2026-09-01T21:58:21","slug":"erinnerungsstuecke-vom-grab-verschwunden-kristine-zilian-appelliert-ans-gewissen-nachrichten-aus-waiblingen","status":"publish","type":"post","link":"https:\/\/www.europesays.com\/de\/1274502\/","title":{"rendered":"Erinnerungsst\u00fccke vom Grab verschwunden: Kristine Zilian appelliert ans Gewissen &#8211; Nachrichten aus Waiblingen"},"content":{"rendered":"<p><strong>Waiblingen.<\/strong> Verschwinden von Erinnerungsst\u00fccken vom Grab eines lieben Menschen: Die Waiblingerin Kristine Zilian hat das erlebt. Sie appelliert, dass vermeintliche Kleinigkeiten wieder zur\u00fcckgelegt werden. Denn Dinge wie eine Halskette oder ein Glasstein h\u00e4tten \u201eeinen nur geringen materiellen Wert \u2013 aber eine unter Umst\u00e4nden hohe emotionale Bedeutung f\u00fcr die Angeh\u00f6rigen, die die Gr\u00e4ber betreuen\u201c. Eine H\u00e4ufung von Diebst\u00e4hlen auf den Friedh\u00f6fen ist der Stadt Waiblingen nicht<\/p>\n","protected":false},"excerpt":{"rendered":"Waiblingen. Verschwinden von Erinnerungsst\u00fccken vom Grab eines lieben Menschen: Die Waiblingerin Kristine Zilian hat das erlebt. Sie appelliert,&hellip;\n","protected":false},"author":2,"featured_media":1274503,"comment_status":"","ping_status":"","sticky":false,"template":"","format":"standard","meta":{"footnotes":"","_share_on_mastodon":"0"},"categories":[1830],"tags":[8296,1634,9399,3364,29,1686,13039,30,42742,263099,15196,214842,263100,1441,232602,25562,9887],"class_list":["post-1274502","post","type-post","status-publish","format-standard","has-post-thumbnail","category-stuttgart","tag-friedhof","tag-baden-wuerttemberg","tag-blumen","tag-de","tag-deutschland","tag-diebstahl","tag-friedhoefe","tag-germany","tag-grab","tag-grabdiebstahl","tag-graeber","tag-grabschmuck","tag-kristine-zilian","tag-stuttgart","tag-un_beruehre-mich","tag-videoueberwachung","tag-waiblingen"],"share_on_mastodon":{"url":"https:\/\/pubeurope.com\/@de\/117198029396560977","error":""},"_links":{"self":[{"href":"https:\/\/www.europesays.com\/de\/wp-json\/wp\/v2\/posts\/1274502","targetHints":{"allow":["GET"]}}],"collection":[{"href":"https:\/\/www.europesays.com\/de\/wp-json\/wp\/v2\/posts"}],"about":[{"href":"https:\/\/www.europesays.com\/de\/wp-json\/wp\/v2\/types\/post"}],"author":[{"embeddable":true,"href":"https:\/\/www.europesays.com\/de\/wp-json\/wp\/v2\/users\/2"}],"replies":[{"embeddable":true,"href":"https:\/\/www.europesays.com\/de\/wp-json\/wp\/v2\/comments?post=1274502"}],"version-history":[{"count":0,"href":"https:\/\/www.europesays.com\/de\/wp-json\/wp\/v2\/posts\/1274502\/revisions"}],"wp:featuredmedia":[{"embeddable":true,"href":"https:\/\/www.europesays.com\/de\/wp-json\/wp\/v2\/media\/1274503"}],"wp:attachment":[{"href":"https:\/\/www.europesays.com\/de\/wp-json\/wp\/v2\/media?parent=1274502"}],"wp:term":[{"taxonomy":"category","embeddable":true,"href":"https:\/\/www.europesays.com\/de\/wp-json\/wp\/v2\/categories?post=1274502"},{"taxonomy":"post_tag","embeddable":true,"href":"https:\/\/www.europesays.com\/de\/wp-json\/wp\/v2\/tags?post=1274502"}],"curies":[{"name":"wp","href":"https:\/\/api.w.org\/{rel}","templated":true}]}}