{"id":1274504,"date":"2026-09-01T21:59:20","date_gmt":"2026-09-01T21:59:20","guid":{"rendered":"https:\/\/www.europesays.com\/de\/1274504\/"},"modified":"2026-09-01T21:59:20","modified_gmt":"2026-09-01T21:59:20","slug":"last-minute-transfer-1-fc-koeln-holt-ehemaligen-star-des-vfb-stuttgart-in-die-bundesliga-zurueck","status":"publish","type":"post","link":"https:\/\/www.europesays.com\/de\/1274504\/","title":{"rendered":"Last Minute Transfer: 1. FC K\u00f6ln holt ehemaligen Star des VfB Stuttgart in die Bundesliga zur\u00fcck"},"content":{"rendered":"<p data-testid=\"article-teaser\">In der Bundesliga gelang Borna Sosa beim VfB Stuttgart einst der Durchbruch. Nun kehrt er ins deutsche Oberhaus zur\u00fcck.<\/p>\n<p>Der ehemalige Linksverteidiger der Schwaben unterschreibt beim 1. FC K\u00f6ln. Sosa kommt f\u00fcr ein Jahr auf Leihbasis vom englischen Klub Crystal Palace zum Effzeh, dies best\u00e4tigte der Klub am Dienstag. Laut Medienberichten beinhaltet der Deal keine Kaufoption.<\/p>\n<p>Bei Palace hat Sosa ein noch bis 2028 g\u00fcltiges Arbeitspapier. Allerdings besa\u00df er in London keinerlei Perspektive mehr &#8211; in der vergangenen Spielzeit sammelte er wettbewerbs\u00fcbergreifend gerade einmal 842 Spielminuten, verteilt auf 18 Eins\u00e4tze.<\/p>\n<p>Die Bundesliga kennt der 28-J\u00e4hrige noch aus seiner Zeit beim VfB Stuttgart, wo er zwischen 2018 und 2023 115 Pflichtspiele absolvierte, in denen er f\u00fcnf Tore erzielte und 35 weitere Treffer vorbereitete. In Erinnerung blieb vor allem seine letzte Saison im Trikot der Schwaben &#8211; mit zwei Toren und zw\u00f6lf Assists hatte er ma\u00dfgeblichen Anteil daran, dass der VfB 2023 als Tabellen-15. die Klasse hielt.<\/p>\n<p><img class=\"fco-image__image\" alt=\"Borna Sosa\"   loading=\"lazy\" decoding=\"async\" fetchpriority=\"auto\" width=\"5004\" height=\"3336\" src=\"https:\/\/www.europesays.com\/de\/wp-content\/uploads\/2026\/09\/GettyImages-2252720884.jpg\" style=\"aspect-ratio:5004 \/ 3336;width:100%;height:100%\"\/>Getty Images1. FC K\u00f6ln verpflichtet Borna Sosa von Crystal Palace<\/p>\n<p>Im Anschluss zog es Sosa f\u00fcr eine Abl\u00f6se in H\u00f6he von acht Millionen Euro zu Ajax Amsterdam weiter, wo er aufgrund inkonstanter Leistungen seinen Stammplatz jedoch schnell wieder abgeben musste. \u00dcber ein einj\u00e4hriges Intermezzo beim FC Turin landete er im Sommer 2025 schlie\u00dflich bei Crystal Palace.<\/p>\n<p>Der 28-J\u00e4hrige kenne &#8222;die Bundesliga aus seiner Zeit beim VfB Stuttgart sehr gut und verf\u00fcgt \u00fcber wertvolle internationale Erfahrung. Gleichzeitig haben wir ihn in unseren Gespr\u00e4chen als sehr reflektierten und positiven Menschen kennengelernt, der mit seiner Pers\u00f6nlichkeit sehr gut zu uns passt&#8220;, sagte K\u00f6ln Sport-Gesch\u00e4ftsf\u00fchrer Thomas Kessler: &#8222;Mit seinem starken linken Fu\u00df, seinem Offensivdrang und seiner hohen Qualit\u00e4t im Flankenspiel erweitert er unsere M\u00f6glichkeiten.&#8220;<\/p>\n","protected":false},"excerpt":{"rendered":"In der Bundesliga gelang Borna Sosa beim VfB Stuttgart einst der Durchbruch. Nun kehrt er ins deutsche Oberhaus&hellip;\n","protected":false},"author":2,"featured_media":1274505,"comment_status":"","ping_status":"","sticky":false,"template":"","format":"standard","meta":{"footnotes":"","_share_on_mastodon":"0"},"categories":[1830],"tags":[623,263101,1634,299,26429,3364,29,25656,30,263102,957,1441,1288],"class_list":["post-1274504","post","type-post","status-publish","format-standard","has-post-thumbnail","category-stuttgart","tag-1-fc-koeln","tag-b-sosa","tag-baden-wuerttemberg","tag-bundesliga","tag-crystal-palace","tag-de","tag-deutschland","tag-fc-koeln","tag-germany","tag-m-de-wit","tag-premier-league","tag-stuttgart","tag-transfers"],"share_on_mastodon":{"url":"https:\/\/pubeurope.com\/@de\/117198034968416165","error":""},"_links":{"self":[{"href":"https:\/\/www.europesays.com\/de\/wp-json\/wp\/v2\/posts\/1274504","targetHints":{"allow":["GET"]}}],"collection":[{"href":"https:\/\/www.europesays.com\/de\/wp-json\/wp\/v2\/posts"}],"about":[{"href":"https:\/\/www.europesays.com\/de\/wp-json\/wp\/v2\/types\/post"}],"author":[{"embeddable":true,"href":"https:\/\/www.europesays.com\/de\/wp-json\/wp\/v2\/users\/2"}],"replies":[{"embeddable":true,"href":"https:\/\/www.europesays.com\/de\/wp-json\/wp\/v2\/comments?post=1274504"}],"version-history":[{"count":0,"href":"https:\/\/www.europesays.com\/de\/wp-json\/wp\/v2\/posts\/1274504\/revisions"}],"wp:featuredmedia":[{"embeddable":true,"href":"https:\/\/www.europesays.com\/de\/wp-json\/wp\/v2\/media\/1274505"}],"wp:attachment":[{"href":"https:\/\/www.europesays.com\/de\/wp-json\/wp\/v2\/media?parent=1274504"}],"wp:term":[{"taxonomy":"category","embeddable":true,"href":"https:\/\/www.europesays.com\/de\/wp-json\/wp\/v2\/categories?post=1274504"},{"taxonomy":"post_tag","embeddable":true,"href":"https:\/\/www.europesays.com\/de\/wp-json\/wp\/v2\/tags?post=1274504"}],"curies":[{"name":"wp","href":"https:\/\/api.w.org\/{rel}","templated":true}]}}