{"id":1274512,"date":"2026-09-01T22:03:19","date_gmt":"2026-09-01T22:03:19","guid":{"rendered":"https:\/\/www.europesays.com\/de\/1274512\/"},"modified":"2026-09-01T22:03:19","modified_gmt":"2026-09-01T22:03:19","slug":"koeln-holt-ehemaligen-vfb-profi","status":"publish","type":"post","link":"https:\/\/www.europesays.com\/de\/1274512\/","title":{"rendered":"K\u00f6ln holt ehemaligen VfB-Profi"},"content":{"rendered":"<p>Borna Sosa spielte f\u00fcnf Jahre f\u00fcr den VfB Stuttgart. Nun kehrt der Verteidiger in die Bundesliga zur\u00fcck.<\/p>\n<p class=\"wp-block-paragraph\">Der <a href=\"https:\/\/www.sport1.de\/team\/1-fc-koeln\/opta_387\" rel=\"nofollow noopener\" target=\"_blank\">1. FC K\u00f6ln<\/a> hat den fr\u00fcheren Stuttgarter Borna Sosa zur\u00fcck in die Fu\u00dfball-Bundesliga geholt. Der 28 Jahre alte Linksverteidiger kommt f\u00fcr ein Jahr auf Leihbasis vom englischen Klub Crystal Palace nach K\u00f6ln, dies best\u00e4tigte der Klub am Dienstag. Laut Medienberichten beinhaltet der Deal keine Kaufoption.<\/p>\n<p class=\"wp-block-paragraph\">Sosa kenne \u201edie Bundesliga aus seiner Zeit beim VfB Stuttgart sehr gut und verf\u00fcgt \u00fcber wertvolle internationale Erfahrung. Gleichzeitig haben wir ihn in unseren Gespr\u00e4chen als sehr reflektierten und positiven Menschen kennengelernt, der mit seiner Pers\u00f6nlichkeit sehr gut zu uns passt\u201c, sagte K\u00f6ln Sport-Gesch\u00e4ftsf\u00fchrer Thomas Kessler.<\/p>\n<p>Sosa bestritt \u00fcber 100 Spiele f\u00fcr den VfB Stuttgart<\/p>\n<p class=\"wp-block-paragraph\">\u201eMit seinem starken linken Fu\u00df, seinem Offensivdrang und seiner hohen Qualit\u00e4t im Flankenspiel erweitert er unsere M\u00f6glichkeiten\u201c, erg\u00e4nzte Kessler.<\/p>\n<p class=\"wp-block-paragraph\">Sosa, der bislang 27 L\u00e4nderspiele f\u00fcr die kroatische Nationalmannschaft absolviert hat, wechselte 2025 auf die Insel und absolvierte dort im vergangenen Jahr wettbewerbs\u00fcbergreifend 18 Spiele f\u00fcr den englischen Erstligisten. Von 2018 bis 2023 lief er f\u00fcr Stuttgart insgesamt 115 Mal in Pflichtspielen auf.<\/p>\n<p class=\"wp-block-paragraph\"><a href=\"https:\/\/www.sport1.de\/news\/internationaler-fussball\/2025\/11\/fussball-newsletter\" rel=\"nofollow noopener\" target=\"_blank\"><strong>Abonniere den Fu\u00dfball-Newsletter und bleibe immer am Ball! Alle Tore und News direkt in dein Postfach<\/strong><\/a><\/p>\n","protected":false},"excerpt":{"rendered":"Borna Sosa spielte f\u00fcnf Jahre f\u00fcr den VfB Stuttgart. Nun kehrt der Verteidiger in die Bundesliga zur\u00fcck. Der&hellip;\n","protected":false},"author":2,"featured_media":1274513,"comment_status":"","ping_status":"","sticky":false,"template":"","format":"standard","meta":{"footnotes":"","_share_on_mastodon":"0"},"categories":[1828],"tags":[29,30,1420,1209],"class_list":["post-1274512","post","type-post","status-publish","format-standard","has-post-thumbnail","category-koeln","tag-deutschland","tag-germany","tag-koeln","tag-nordrhein-westfalen"],"share_on_mastodon":{"url":"https:\/\/pubeurope.com\/@de\/117198048902591029","error":""},"_links":{"self":[{"href":"https:\/\/www.europesays.com\/de\/wp-json\/wp\/v2\/posts\/1274512","targetHints":{"allow":["GET"]}}],"collection":[{"href":"https:\/\/www.europesays.com\/de\/wp-json\/wp\/v2\/posts"}],"about":[{"href":"https:\/\/www.europesays.com\/de\/wp-json\/wp\/v2\/types\/post"}],"author":[{"embeddable":true,"href":"https:\/\/www.europesays.com\/de\/wp-json\/wp\/v2\/users\/2"}],"replies":[{"embeddable":true,"href":"https:\/\/www.europesays.com\/de\/wp-json\/wp\/v2\/comments?post=1274512"}],"version-history":[{"count":0,"href":"https:\/\/www.europesays.com\/de\/wp-json\/wp\/v2\/posts\/1274512\/revisions"}],"wp:featuredmedia":[{"embeddable":true,"href":"https:\/\/www.europesays.com\/de\/wp-json\/wp\/v2\/media\/1274513"}],"wp:attachment":[{"href":"https:\/\/www.europesays.com\/de\/wp-json\/wp\/v2\/media?parent=1274512"}],"wp:term":[{"taxonomy":"category","embeddable":true,"href":"https:\/\/www.europesays.com\/de\/wp-json\/wp\/v2\/categories?post=1274512"},{"taxonomy":"post_tag","embeddable":true,"href":"https:\/\/www.europesays.com\/de\/wp-json\/wp\/v2\/tags?post=1274512"}],"curies":[{"name":"wp","href":"https:\/\/api.w.org\/{rel}","templated":true}]}}