{"id":1274518,"date":"2026-09-01T22:06:21","date_gmt":"2026-09-01T22:06:21","guid":{"rendered":"https:\/\/www.europesays.com\/de\/1274518\/"},"modified":"2026-09-01T22:06:21","modified_gmt":"2026-09-01T22:06:21","slug":"schuesse-auf-fabrikgelaende-zwei-maenner-in-hamburg-erschossen-regional","status":"publish","type":"post","link":"https:\/\/www.europesays.com\/de\/1274518\/","title":{"rendered":"Sch\u00fcsse auf Fabrikgel\u00e4nde: Zwei M\u00e4nner in Hamburg erschossen | Regional"},"content":{"rendered":"<p><a class=\"skip-content skip-content--link\" href=\"#in-content-skip-link-target-v-0-0\">TTS-Player \u00fcberspringen\u21b5<\/a><a id=\"in-content-skip-link-target-v-0-0\" class=\"skip-content--target-link-hidden skip-content skip-content--target-link\" href=\"#in-content-skip-link-target-v-0-0\">Artikel weiterlesen<\/a><\/p>\n<p>Hamburg \u2013 <b>Blutige Gewalttat nahe der Hamburger Messe. Auf einem Fabrikgel\u00e4nde in der Lagerstra\u00dfe unweit des Fernsehturms sind am fr\u00fchen Dienstagabend Sch\u00fcsse gefallen. Nach BILD-Informationen wurden mindestens zwei M\u00e4nner t\u00f6dlich getroffen, weitere Personen sollen verletzt sein.<\/b><\/p>\n<p>Aktuell ist die Polizei mit einem Gro\u00dfaufgebot vor Ort. Zahlreiche Streifenwagen aus dem gesamten Stadtgebiet wurden nach den <a href=\"https:\/\/www.bild.de\/themen\/specials\/schusswaffen\/news-fotos-videos-17014668.bild.html\" class=\"text-link\" rel=\"nofollow noopener\" target=\"_blank\">Sch\u00fcssen<\/a> im Hamburger Schanzenviertel zusammengezogen. Der Tatort wurde von der Polizei weitr\u00e4umig abgesperrt, eine fl\u00e4chendeckende Fahndung um die Lagerstra\u00dfe gestartet.<\/p>\n<p><img decoding=\"async\" width=\"992\" height=\"558\" alt=\"Beamte mit Maschinenpistolen sicherten das Areal\" loading=\"lazy\" src=\"https:\/\/www.europesays.com\/de\/wp-content\/uploads\/2026\/09\/b72e4dde0c0b3d2fd4b1ea9c0eea7911,9091807.jpeg\"   class=\"landscape\"\/><\/p>\n<p class=\"fig__caption__text\">Beamte mit Maschinenpistolen sicherten das Areal<\/p>\n<p>Foto: Marco Zitzow<\/p>\n<p>Polizei mit Gro\u00dfaufgebot vor Ort<\/p>\n<p>Neben zahlreichen <a href=\"https:\/\/www.bild.de\/regional\/aktuelles\/polizei\/polizeieinsatz-alle-infos-76681760.bild.html\" class=\"text-link\" rel=\"nofollow noopener\" target=\"_blank\">Polizisten<\/a>, die mit Maschinenpistolen das Areal um das Fabrikgeb\u00e4ude absichern, sind auch mehrere Rettungswagen vor Ort. Rettungskr\u00e4fte, Feuerwehr und Notarzt k\u00f6nnen das Haus noch nicht betreten, da sich eventuell noch bewaffnete T\u00e4ter darin befinden.<\/p>\n<p>In dem Geb\u00e4ude sind der Fleischwarenhersteller \u201eDELTA Fleisch Hamburg\u201c und der Boxstall \u201eUniversum Boxing\u201c untergebracht. Beide R\u00e4umlichkeiten werden derzeit von der Polizei durchsucht. In dem Komplex soll noch nach BILD-Informationen ein t\u00f6dlich Verletzter liegen. Der andere Mann ist im Rettungswagen <a href=\"https:\/\/www.bild.de\/themen\/specials\/tod\/ratgeber-todesfall-trauer-nachrichten-25350234.bild.html\" class=\"text-link\" rel=\"nofollow noopener\" target=\"_blank\">verstorben<\/a>.<\/p>\n<p><img decoding=\"async\" width=\"992\" height=\"558\" alt=\"Die Polizei hat das Gebiet abgesperrt\" loading=\"lazy\" src=\"https:\/\/www.europesays.com\/de\/wp-content\/uploads\/2026\/09\/17127ab84d201069383c43a7cd310652,fa6837c6.jpeg\"   class=\"landscape\"\/><\/p>\n<p class=\"fig__caption__text\">Die Polizei hat das Gebiet abgesperrt<\/p>\n<p>Auch Beamte der <a href=\"https:\/\/www.bild.de\/politik\/inland\/bundespolizei\/thema-bundespolizei-alle-infos-79972208.bild.html\" class=\"text-link\" rel=\"nofollow noopener\" target=\"_blank\">Bundespolizei<\/a> sind zur Unterst\u00fctzung gerufen worden. Mehrere Drohnen sind in der Luft, um eventuell fl\u00fcchtige und bewaffnete Personen festzustellen.<\/p>\n<p>Zum Motiv der Tat und den Hintergr\u00fcnden machte die Polizei in <a href=\"https:\/\/www.bild.de\/regional\/hamburg\/hamburg-regional\/home-16344102.bild.html\" class=\"text-link\" rel=\"nofollow noopener\" target=\"_blank\">Hamburg<\/a> zun\u00e4chst keine Angaben. Eine <a href=\"https:\/\/www.bild.de\/themen\/ereignisse\/mord\/nachrichten-news-fotos-videos-21394242.bild.html\" class=\"text-link\" rel=\"nofollow noopener\" target=\"_blank\">Mordkommission<\/a> ermittelt.<\/p>\n","protected":false},"excerpt":{"rendered":"TTS-Player \u00fcberspringen\u21b5Artikel weiterlesen Hamburg \u2013 Blutige Gewalttat nahe der Hamburger Messe. Auf einem Fabrikgel\u00e4nde in der Lagerstra\u00dfe unweit&hellip;\n","protected":false},"author":2,"featured_media":1274519,"comment_status":"","ping_status":"","sticky":false,"template":"","format":"standard","meta":{"footnotes":"","_share_on_mastodon":"0"},"categories":[1826],"tags":[421,29,30,692,2628,19170,121,2626,9116,5995,138370,3259,3533,6062],"class_list":["post-1274518","post","type-post","status-publish","format-standard","has-post-thumbnail","category-hamburg","tag-bundespolizei","tag-deutschland","tag-germany","tag-hamburg","tag-krankenwagen","tag-opfer","tag-polizei","tag-polizei-streifenwagen","tag-schiessen","tag-schiesserei","tag-team-first","tag-tod","tag-todesfall","tag-todesopfer"],"share_on_mastodon":{"url":"https:\/\/pubeurope.com\/@de\/117198062707108582","error":""},"_links":{"self":[{"href":"https:\/\/www.europesays.com\/de\/wp-json\/wp\/v2\/posts\/1274518","targetHints":{"allow":["GET"]}}],"collection":[{"href":"https:\/\/www.europesays.com\/de\/wp-json\/wp\/v2\/posts"}],"about":[{"href":"https:\/\/www.europesays.com\/de\/wp-json\/wp\/v2\/types\/post"}],"author":[{"embeddable":true,"href":"https:\/\/www.europesays.com\/de\/wp-json\/wp\/v2\/users\/2"}],"replies":[{"embeddable":true,"href":"https:\/\/www.europesays.com\/de\/wp-json\/wp\/v2\/comments?post=1274518"}],"version-history":[{"count":0,"href":"https:\/\/www.europesays.com\/de\/wp-json\/wp\/v2\/posts\/1274518\/revisions"}],"wp:featuredmedia":[{"embeddable":true,"href":"https:\/\/www.europesays.com\/de\/wp-json\/wp\/v2\/media\/1274519"}],"wp:attachment":[{"href":"https:\/\/www.europesays.com\/de\/wp-json\/wp\/v2\/media?parent=1274518"}],"wp:term":[{"taxonomy":"category","embeddable":true,"href":"https:\/\/www.europesays.com\/de\/wp-json\/wp\/v2\/categories?post=1274518"},{"taxonomy":"post_tag","embeddable":true,"href":"https:\/\/www.europesays.com\/de\/wp-json\/wp\/v2\/tags?post=1274518"}],"curies":[{"name":"wp","href":"https:\/\/api.w.org\/{rel}","templated":true}]}}