{"id":127454,"date":"2025-05-21T07:02:07","date_gmt":"2025-05-21T07:02:07","guid":{"rendered":"https:\/\/www.europesays.com\/de\/127454\/"},"modified":"2025-05-21T07:02:07","modified_gmt":"2025-05-21T07:02:07","slug":"robert-und-carmen-erklaeren-toechter-zoff-konkurrenzkampf-der-geisslein-unterhaltung","status":"publish","type":"post","link":"https:\/\/www.europesays.com\/de\/127454\/","title":{"rendered":"Robert und Carmen erkl\u00e4ren T\u00f6chter-Zoff: Konkurrenzkampf der Geisslein | Unterhaltung"},"content":{"rendered":"<p><b>Sie sind sch\u00f6n, reich und ber\u00fchmt \u2013 und trotzdem st\u00e4ndig eifers\u00fcchtig aufeinander! Da sind Shania und Davina Geiss wie ganz normale Schwestern.<\/b><\/p>\n<p>Jetzt sprechen Carmen und Robert Geiss exklusiv bei BILD \u00fcber den schwelenden Konkurrenzkampf ihrer T\u00f6chter und erkl\u00e4ren, warum Neid in der Familie ganz normal ist. Auch, wie sie mit Geschenken f\u00fcr Gerechtigkeit sorgen und wieso ihre T\u00f6chter mit ihren Kontost\u00e4nden inzwischen ganz ohne Taschengeld prahlen k\u00f6nnen.<\/p>\n<p><b>Der Unterhaltungswert? Unbezahlbar! Wie tief und echt der Zoff unter den Geissleins wirklich sitzt \u2013 lesen Sie mit BILDplus.<\/b><\/p>\n","protected":false},"excerpt":{"rendered":"Sie sind sch\u00f6n, reich und ber\u00fchmt \u2013 und trotzdem st\u00e4ndig eifers\u00fcchtig aufeinander! Da sind Shania und Davina Geiss&hellip;\n","protected":false},"author":2,"featured_media":127455,"comment_status":"","ping_status":"","sticky":false,"template":"","format":"standard","meta":{"footnotes":""},"categories":[1776],"tags":[1881,1801,29,1091,24107,214,1880,1883,30,1802,1884,45,215],"class_list":{"0":"post-127454","1":"post","2":"type-post","3":"status-publish","4":"format-standard","5":"has-post-thumbnail","7":"category-prominente","8":"tag-carmen","9":"tag-celebrities","10":"tag-deutschland","11":"tag-die-geissens","12":"tag-doku-soap","13":"tag-entertainment","14":"tag-geiss","15":"tag-geiss-robert","16":"tag-germany","17":"tag-prominente","18":"tag-rtl-2","19":"tag-texttospeech","20":"tag-unterhaltung"},"share_on_mastodon":{"url":"https:\/\/pubeurope.com\/@de\/114544544670957803","error":""},"_links":{"self":[{"href":"https:\/\/www.europesays.com\/de\/wp-json\/wp\/v2\/posts\/127454","targetHints":{"allow":["GET"]}}],"collection":[{"href":"https:\/\/www.europesays.com\/de\/wp-json\/wp\/v2\/posts"}],"about":[{"href":"https:\/\/www.europesays.com\/de\/wp-json\/wp\/v2\/types\/post"}],"author":[{"embeddable":true,"href":"https:\/\/www.europesays.com\/de\/wp-json\/wp\/v2\/users\/2"}],"replies":[{"embeddable":true,"href":"https:\/\/www.europesays.com\/de\/wp-json\/wp\/v2\/comments?post=127454"}],"version-history":[{"count":0,"href":"https:\/\/www.europesays.com\/de\/wp-json\/wp\/v2\/posts\/127454\/revisions"}],"wp:featuredmedia":[{"embeddable":true,"href":"https:\/\/www.europesays.com\/de\/wp-json\/wp\/v2\/media\/127455"}],"wp:attachment":[{"href":"https:\/\/www.europesays.com\/de\/wp-json\/wp\/v2\/media?parent=127454"}],"wp:term":[{"taxonomy":"category","embeddable":true,"href":"https:\/\/www.europesays.com\/de\/wp-json\/wp\/v2\/categories?post=127454"},{"taxonomy":"post_tag","embeddable":true,"href":"https:\/\/www.europesays.com\/de\/wp-json\/wp\/v2\/tags?post=127454"}],"curies":[{"name":"wp","href":"https:\/\/api.w.org\/{rel}","templated":true}]}}