{"id":1274542,"date":"2026-09-01T22:23:16","date_gmt":"2026-09-01T22:23:16","guid":{"rendered":"https:\/\/www.europesays.com\/de\/1274542\/"},"modified":"2026-09-01T22:23:16","modified_gmt":"2026-09-01T22:23:16","slug":"star-von-eintracht-frankfurt-vor-wechsel-fuer-30-millionen-euro-nach-england-sport","status":"publish","type":"post","link":"https:\/\/www.europesays.com\/de\/1274542\/","title":{"rendered":"Star von Eintracht Frankfurt vor Wechsel f\u00fcr 30 Millionen Euro nach England | Sport"},"content":{"rendered":"<p><a class=\"skip-content skip-content--link\" href=\"#in-content-skip-link-target-v-0-0\">TTS-Player \u00fcberspringen\u21b5<\/a><a id=\"in-content-skip-link-target-v-0-0\" class=\"skip-content--target-link-hidden skip-content skip-content--target-link\" href=\"#in-content-skip-link-target-v-0-0\">Artikel weiterlesen<\/a><\/p>\n<p>Frankfurt \u2013 <b>Gibt es f\u00fcr Jean-Matt\u00e9o Bahoya (21) doch noch den Last-Minute-Abflug aus Frankfurt? Kurz vor Schluss des Transferfensters kommt pl\u00f6tzlich wieder Bewegung in die Zukunft des Franzosen. Die Infos, \u00fcber die zuerst \u201eThe Athletic\u201c berichtete, decken sich mit den BILD-Informationen: Leeds United verhandelt mit Eintracht \u00fcber einen Transfer des Fl\u00fcgelflitzers. Die beiden Klubs sprechen \u00fcber die m\u00f6glichen Konditionen eines Deals. Damit k\u00f6nnte Bahoya ausgerechnet auf den letzten Metern doch noch den Sprung nach England schaffen.<\/b><\/p>\n<p>Frankfurt will verkaufen<\/p>\n<p>Eigentlich sollte Bahoya l\u00e4ngst weg sein. Eintracht hatte sich mit Hull City bereits auf einen Wechsel verst\u00e4ndigt. Doch der Franzose lie\u00df den quasi fertig ausgehandelten Deal am Wochenende \u00fcberraschend platzen und entschied sich gegen Hull. F\u00fcr die Eintracht-Bosse kam das unerwartet. Denn <a href=\"https:\/\/www.bild.de\/sport\/fussball\/eintracht-frankfurt\/startseite-eintracht-frankfurt-31074444.bild.html\" class=\"text-link\" rel=\"nofollow noopener\" target=\"_blank\">Bahoya<\/a> darf und soll den Klub in diesem Sommer verlassen. Unter Trainer Adi H\u00fctter (56) sind klassische Fl\u00fcgelspieler im bevorzugten 4-2-2-2-System kaum gefragt. Entsprechend offen sind die Frankfurter f\u00fcr einen Verkauf.<\/p>\n<p>30 Mio.! Bahoya vor Wechsel zu Leeds<\/p>\n<p>Noch am Dienstagvormittag deutete allerdings wenig auf einen schnellen Abschied hin. Bahoya stand ganz normal mit seinen Eintracht-Kollegen auf dem Trainingsplatz. Im Klub wuchsen zuletzt sogar die Zweifel, ob sich auf den letzten Metern \u00fcberhaupt noch ein Abnehmer finden w\u00fcrde. Doch am Abend ging alles ganz schnell!<\/p>\n<p>Mehr zum Thema<\/p>\n<p>Leeds United hat sich kurz vor Transferschluss in den Poker eingeschaltet. Und wird wohl das Rennen machen. Nach BILD-Infos steht der Bahoya-Wechsel bereits kurz vor dem Abschluss. Zwischen den Klubs gibt es eine grunds\u00e4tzliche Einigung. Auch Bahoya hat einem Wechsel bereits zugestimmt. Nach BILD-Infos handelt es sich um ein Abl\u00f6sepaket von rund 30 Mio. Euro. Bahoya soll per Leihe mit Kaufpflicht nach England gehen. Der Transfer von Hugo Larsson (22) zum FC Fulham ist mittlerweile offiziell. Der Schwede wechselt per Leihe mit einer Kaufpflicht im Bereich der 25 Millionen Euro nach London.<\/p>\n<p>Auf der anderen Seite hoffte <a href=\"https:\/\/www.bild.de\/sport\/fussball\/eintracht-frankfurt\/startseite-eintracht-frankfurt-31074444.bild.html\" class=\"text-link\" rel=\"nofollow noopener\" target=\"_blank\">Eintracht<\/a> bis kurz vor Transferende auf die Verpflichtung von Arnaud Kalimuendo (24). Trotz intensiver Bem\u00fchungen und Gespr\u00e4chen mit Nottingham Forest kam ein Transfer allerdings nicht zustande.<\/p>\n","protected":false},"excerpt":{"rendered":"TTS-Player \u00fcberspringen\u21b5Artikel weiterlesen Frankfurt \u2013 Gibt es f\u00fcr Jean-Matt\u00e9o Bahoya (21) doch noch den Last-Minute-Abflug aus Frankfurt? Kurz&hellip;\n","protected":false},"author":2,"featured_media":1274543,"comment_status":"","ping_status":"","sticky":false,"template":"","format":"standard","meta":{"footnotes":"","_share_on_mastodon":"0"},"categories":[136],"tags":[299,29,460,538,30,47664,7164,265,469],"class_list":["post-1274542","post","type-post","status-publish","format-standard","has-post-thumbnail","category-sport","tag-bundesliga","tag-deutschland","tag-eintracht-frankfurt","tag-erste-bundesliga","tag-germany","tag-huetter-adi","tag-kroesche-markus","tag-sport","tag-sport-leuchtturm-zentral"],"share_on_mastodon":{"url":"https:\/\/pubeurope.com\/@de\/117198127612019600","error":""},"_links":{"self":[{"href":"https:\/\/www.europesays.com\/de\/wp-json\/wp\/v2\/posts\/1274542","targetHints":{"allow":["GET"]}}],"collection":[{"href":"https:\/\/www.europesays.com\/de\/wp-json\/wp\/v2\/posts"}],"about":[{"href":"https:\/\/www.europesays.com\/de\/wp-json\/wp\/v2\/types\/post"}],"author":[{"embeddable":true,"href":"https:\/\/www.europesays.com\/de\/wp-json\/wp\/v2\/users\/2"}],"replies":[{"embeddable":true,"href":"https:\/\/www.europesays.com\/de\/wp-json\/wp\/v2\/comments?post=1274542"}],"version-history":[{"count":0,"href":"https:\/\/www.europesays.com\/de\/wp-json\/wp\/v2\/posts\/1274542\/revisions"}],"wp:featuredmedia":[{"embeddable":true,"href":"https:\/\/www.europesays.com\/de\/wp-json\/wp\/v2\/media\/1274543"}],"wp:attachment":[{"href":"https:\/\/www.europesays.com\/de\/wp-json\/wp\/v2\/media?parent=1274542"}],"wp:term":[{"taxonomy":"category","embeddable":true,"href":"https:\/\/www.europesays.com\/de\/wp-json\/wp\/v2\/categories?post=1274542"},{"taxonomy":"post_tag","embeddable":true,"href":"https:\/\/www.europesays.com\/de\/wp-json\/wp\/v2\/tags?post=1274542"}],"curies":[{"name":"wp","href":"https:\/\/api.w.org\/{rel}","templated":true}]}}