{"id":1274559,"date":"2026-09-01T22:34:45","date_gmt":"2026-09-01T22:34:45","guid":{"rendered":"https:\/\/www.europesays.com\/de\/1274559\/"},"modified":"2026-09-01T22:34:45","modified_gmt":"2026-09-01T22:34:45","slug":"inter-tuerkspor-kiel-schuettelt-husum-schock-ab","status":"publish","type":"post","link":"https:\/\/www.europesays.com\/de\/1274559\/","title":{"rendered":"Inter T\u00fcrkspor Kiel sch\u00fcttelt Husum-Schock ab"},"content":{"rendered":"<p>Verdientes 2:0 im Spitzenspiel gegen Weiche Flensburg II<\/p>\n<p>von Ismail Yesilyurt \u00b7 Gestern, 15:57 Uhr \u00b7 0 Leser<\/p>\n<p><img fetchpriority=\"high\" decoding=\"async\" loading=\"eager\" src=\"https:\/\/www.europesays.com\/de\/wp-content\/uploads\/2026\/09\/960x640.jpeg\" alt=\"Das F\u00fchrungstor durch Rezan Acer (Inter T\u00fcrkspor Kiel) gab mehr Sicherheit f\u00fcr die folgenden Minuten. \" title=\"Das F\u00fchrungstor durch Rezan Acer (Inter T\u00fcrkspor Kiel) gab mehr Sicherheit f\u00fcr die folgenden Minuten. \" width=\"960\" height=\"640\" class=\"sc-wadapo-3 klmthQ\"\/>Das F\u00fchrungstor durch Rezan Acer (Inter T\u00fcrkspor Kiel) gab mehr Sicherheit f\u00fcr die folgenden Minuten.  \u2013 Foto: Ismail Yesilyurt <\/p>\n<p>Inter T\u00fcrkspor Kiel hat die \u00fcberraschende 3:4-Niederlage beim Neuling Husumer SV gut verdaut und die richtige Reaktion gezeigt. Am 6. Spieltag holte sich der Tabellendritte mit einer \u00fcber 90 Minuten konzentrierten und soliden Leistung in allen Mannschaftsteilen einen verdienten 2:0 (1:0)-Heimsieg gegen den SC Weiche Flensburg 08 II. Einziger Wermutstropfen in diesem Spielspiel gegen Platz vier war f\u00fcr Inter-Coach Onur Cokgez die Verletzung von Rezan Acer, der mit Julius Alt im Zentrum ein sehr gut harmonierendes Duo bildet und nach 35. Minuten verletzt ausgewechselt werden musste.<\/p>\n<blockquote class=\"wp-block-quote\">\n<p>Am verdienten Endergebnis kratzte Flensburgs Coach Dimitry Kehl \u00fcberhaupt nicht, auch wenn der erste Gegentreffer wurmte: \u201eDas erste Tor war ein bisschen ungl\u00fccklich, weil unserer Torwart rauskommt und dann kriegt er den gar nicht zu packen da. Ja, also am Ende muss man ganz klar sagen verdient, weil wir auch da zu wenig was nach vorne gemacht haben.\u201c<\/p>\n<\/blockquote>\n<p>   Rezan Acer kann es auch im Sitzen  <\/p>\n<p>Die erste halbe Stunde der Partie war von hohem Niveau, Tempo, intensiven Zweik\u00e4mpfen und starkem technischen K\u00f6nnen auf beiden Seiten gepr\u00e4gt. Den Lohn f\u00fcr den druckvollen Auftritt der Kieler gab es mit der zweiten Offensivaktion \u2013 und die hatte es in sich. Nach einem weiten Ball von Arian Jashari hinter die Flensburger Abwehrkette sprintete Rezan Acer hinterher, positionierte sich direkt mit dem R\u00fccken vor Keeper Bjarne Schneider und bugsierte das Leder per Fallr\u00fcckzieher artistisch und fast schon im Sitzen \u00fcber den Torwart hinweg zum 1:0 in die Maschen (18.).<\/p>\n<p><img decoding=\"async\" loading=\"lazy\" src=\"https:\/\/www.europesays.com\/de\/wp-content\/uploads\/2026\/09\/1788302083_231_960xauto.jpeg\" alt=\"Der talentierte Nicolai Mailand (Weiche FL 08 II) wird vom gr\u00e4tschenden Eugen Halili und Youssef Bouzoumita (Inter T\u00fcrkspor Kiel) attackiert. \" title=\"Der talentierte Nicolai Mailand (Weiche FL 08 II) wird vom gr\u00e4tschenden Eugen Halili und Youssef Bouzoumita (Inter T\u00fcrkspor Kiel) attackiert. \" width=\"960\" height=\"auto\" class=\"sc-wadapo-3 klmthQ\"\/>Der talentierte Nicolai Mailand (Weiche FL 08 II) wird vom gr\u00e4tschenden Eugen Halili und Youssef Bouzoumita (Inter T\u00fcrkspor Kiel) attackiert.  \u2013 Foto: Ismail Yesilyurt  Cokgez-Team mit Rhythmus-Wechsel vor und nach der Pause  <\/p>\n<p>Nach der F\u00fchrung traten die Platzherren kurz auf die Bremse, ohne jedoch die Spielkontrolle abzugeben. Der herbe personelle R\u00fcckschlag f\u00fcr Kiel: Rezan Acer musste verletzt vom Feld und wurde durch Badreddin Hamze ersetzt (35.). Die G\u00e4ste aus Flensburg bekamen dadurch mehr Oberwasser und holten sich mehr Spielanteile, fanden gegen die \u00e4u\u00dferst aufmerksame Kieler Defensive vor der Pause jedoch kein Durchkommen.<\/p>\n<p>\u201eWir hatten auch zu wenig Ideen und immer mit dem R\u00fccken zum Tor, kriegen wir diese Aufdrehbewegung nicht hin. Haben gleich mit der ersten Aktion eine Idee, teilweise sehr schlechte Ballannahmen und dadurch ist das nat\u00fcrlich f\u00fcr Inter ein bisschen einfacher gewesen\u201c, wei\u00df Kehl, dass er ein sehr junges Team hat, das manchmal ungest\u00fcm aufgaloppiert&#8220;, mussste die Regionalliga-Ausbildungsmannschaft, bei der nat\u00fcrlich die Ergebnisse zweitrangiger Natur sind, nach dem unerwarteten 1:2 aus der Vorwoche gegen den Heikendorfer SV die dritte Niederlage einstecken. Nach sechs spielen stehen somit drei Siege dem gegen\u00fcber.<\/p>\n<p>  Erneute Kieler Dominanz nach der Pause  <\/p>\n<p>Im zweiten Durchgang \u00fcbernahmen die Hausherren wie schon in den ersten 45 Minuten zun\u00e4chst wieder komplett das Kommando. Onur Cokgez zeigte sich mit dieser Phase \u00e4u\u00dferst zufrieden: \u201eVor allem die ersten 15 bis 20 Minuten der zweiten H\u00e4lfte hatten wir das Spiel wirklich komplett im Griff. Auch von der Dominanz her, von den Torchancen her war das sehr, sehr gut. Also das muss ich schon sagen, die ersten 15 bis 20 der zweiten H\u00e4lfte war, war sehr, sehr gut von meiner Mannschaft und h\u00e4tte mir gew\u00fcnscht, dass wir da schon das zweite Tor nachlegen.\u201c<\/p>\n<p><img decoding=\"async\" loading=\"lazy\" src=\"https:\/\/www.europesays.com\/de\/wp-content\/uploads\/2026\/09\/1788302085_904_960xauto.jpeg\" alt=\"Kapit\u00e4n Julius Alt  (Inter T\u00fcrkspor Kiel) mit vollem Einsatz auf Kunstrasen gegen max Lengen (SC Weiche Flensburg 08 II). \" title=\"Kapit\u00e4n Julius Alt  (Inter T\u00fcrkspor Kiel) mit vollem Einsatz auf Kunstrasen gegen max Lengen (SC Weiche Flensburg 08 II). \" width=\"960\" height=\"auto\" class=\"sc-wadapo-3 klmthQ\"\/>Kapit\u00e4n Julius Alt  (Inter T\u00fcrkspor Kiel) mit vollem Einsatz auf Kunstrasen gegen max Lengen (SC Weiche Flensburg 08 II).  \u2013 Foto: Ismail Yesilyurt  <\/p>\n<p>Trotz deutlicher \u00dcberlegenheit verpassten es die Kieler zun\u00e4chst, das erl\u00f6sende zweite Tor nachzulegen. Weiche Flensburg versuchte in der Schlussphase zwar noch einmal zu Dr\u00e4ngen, blieb aber im Offensivspiel zu harmlos mit zu wenig Durchschlagskraft der jungen Truppe. Die einzige richtige Gefahr erzeugte Yehya Ibrahim mit seiner Schussflanke von links auf den rechten oberen Winkel des Inter Geh\u00e4uses. Keeper Oleksii Drui musste sein ganzes K\u00f6nnen und ein \u00dcbergreifen bieten, um den Ball zur Ecke zu lenken. Dabei verletzte sich Drui, hielt dann nach einer kurzen Behandlung bis zum Schlusspfiff durch.<\/p>\n<p>  Andre Volkers macht den Deckel drauf  <\/p>\n<p>Den Schlusspunkt unter eine souver\u00e4ne T\u00fcrkspor-Vorstellung setzte schlie\u00dflich der eingewechselte Andr\u00e9 Volkers in der 85. Minute mit dem Treffer zum 2:0-Endstand. Nach einem Zuspiel die Strafraumlinie l\u00e4ngs knallte der Linksfu\u00df das Leder unter die Latte.<\/p>\n<p>Onur Cokgez zog ein rundum positives Fazit: \u201eDeswegen muss ich auch sagen, dass wir auch hinten heraus wirklich ein super Spiel gemacht haben. Ob es dann jetzt 2:0 war oder auch h\u00f6her h\u00e4tte fallen k\u00f6nnen, das ist im Endeffekt egal. F\u00fcr mich ist halt immer wichtig der Auftritt. Und der Auftritt war heute \u00fcber weite Strecken solide und im Endeffekt erfolgreich.\u201c<\/p>\n<p>  Stimme zum Spiel <a href=\"https:\/\/youkick.de\/wp-content\/uploads\/2026\/09\/Onur-Cokgez-Trainer-Inter-Tuerkspor-Kiel-gegen-Weiche-FL-08-II-20260830.mp3\" target=\"_blank\" rel=\"noopener nofollow\">Onur Cokgez (Trainer Inter T\u00fcrkspor Kiel)<\/a>   So., 30.08.2026, 16:00 Uhr <\/p>\n<ul class=\"wp-block-list\">\n<li>Inter T\u00fcrkspor Kiel: Oleksii Drui \u2013 Justin Petersen, Till B\u00f6rner, Jeppe Waschko, Arian Jasari (70. \u00d6mer Faruk S\u00f6nmez) \u2013 Youssef Bouzoumita (69. Andr\u00e9 Volkers), Rezan Acer (35. Badreddin Hamze (84. Rinol Lahu))Julius Alt, Eugen Halili, Serkan Yildirim\u00e9r \u2013 Christopher Kramer (88. Samet Baki)<\/li>\n<li>Trainer: Onur Cokgez<\/li>\n<li>SC Weiche Flensburg 08 II: Bjarne Schneider \u2013 Ilidio Santos, Daniel Schaen, Jerreh Darboe, Lennart Treede \u2013 Max Lengen, Nikolai Mailand (81. Phillip Nashixwa), Tanju Hassanoglou \u2013 Jonas Kabus, Ennes Kaya (64. Yehya Ibrahim), Triantafyllos Patentalakis<\/li>\n<li>Trainer: Dimitry Kehl<\/li>\n<li>Schiedsrichter: Mika Baghai-Anaraki (VfL Oldesloe)<\/li>\n<li>Assistenten: Oscar Hoffmann, Gernot Zesch<\/li>\n<li>Zuschauer: 101<\/li>\n<li>Tore: 1:0 Rezan Acer (18.), 2:0 Andr\u00e9 Volkers (85.)<\/li>\n<\/ul>\n","protected":false},"excerpt":{"rendered":"Verdientes 2:0 im Spitzenspiel gegen Weiche Flensburg II von Ismail Yesilyurt \u00b7 Gestern, 15:57 Uhr \u00b7 0 Leser&hellip;\n","protected":false},"author":2,"featured_media":1274560,"comment_status":"","ping_status":"","sticky":false,"template":"","format":"standard","meta":{"footnotes":"","_share_on_mastodon":"0"},"categories":[1852],"tags":[3364,29,548,663,3934,30,13,132042,4949,127880,14,15,15383,12,1971],"class_list":["post-1274559","post","type-post","status-publish","format-standard","has-post-thumbnail","category-kiel","tag-de","tag-deutschland","tag-eu","tag-europa","tag-europe","tag-germany","tag-headlines","tag-inter-tuerkspor-kiel","tag-kiel","tag-landesliga-schleswig","tag-nachrichten","tag-news","tag-sc-weiche-flensburg-08","tag-schlagzeilen","tag-schleswig-holstein"],"share_on_mastodon":{"url":"https:\/\/pubeurope.com\/@de\/117198173784841936","error":""},"_links":{"self":[{"href":"https:\/\/www.europesays.com\/de\/wp-json\/wp\/v2\/posts\/1274559","targetHints":{"allow":["GET"]}}],"collection":[{"href":"https:\/\/www.europesays.com\/de\/wp-json\/wp\/v2\/posts"}],"about":[{"href":"https:\/\/www.europesays.com\/de\/wp-json\/wp\/v2\/types\/post"}],"author":[{"embeddable":true,"href":"https:\/\/www.europesays.com\/de\/wp-json\/wp\/v2\/users\/2"}],"replies":[{"embeddable":true,"href":"https:\/\/www.europesays.com\/de\/wp-json\/wp\/v2\/comments?post=1274559"}],"version-history":[{"count":0,"href":"https:\/\/www.europesays.com\/de\/wp-json\/wp\/v2\/posts\/1274559\/revisions"}],"wp:featuredmedia":[{"embeddable":true,"href":"https:\/\/www.europesays.com\/de\/wp-json\/wp\/v2\/media\/1274560"}],"wp:attachment":[{"href":"https:\/\/www.europesays.com\/de\/wp-json\/wp\/v2\/media?parent=1274559"}],"wp:term":[{"taxonomy":"category","embeddable":true,"href":"https:\/\/www.europesays.com\/de\/wp-json\/wp\/v2\/categories?post=1274559"},{"taxonomy":"post_tag","embeddable":true,"href":"https:\/\/www.europesays.com\/de\/wp-json\/wp\/v2\/tags?post=1274559"}],"curies":[{"name":"wp","href":"https:\/\/api.w.org\/{rel}","templated":true}]}}