{"id":1274568,"date":"2026-09-01T22:40:24","date_gmt":"2026-09-01T22:40:24","guid":{"rendered":"https:\/\/www.europesays.com\/de\/1274568\/"},"modified":"2026-09-01T22:40:24","modified_gmt":"2026-09-01T22:40:24","slug":"neues-schulfach-christlich-soziale-koalition-stellt-bildungschancenpaket-vor","status":"publish","type":"post","link":"https:\/\/www.europesays.com\/de\/1274568\/","title":{"rendered":"Neues Schulfach: Christlich-soziale Koalition stellt Bildungschancenpaket vor"},"content":{"rendered":"<p>                <a class=\"fancybox\" data-fancybox=\"galerie\" data-caption=\"Die Christlich-soziale Koalition stellt ihr neues Bildungschancenpaket vor.  - Symbolbild: Pixabay\" rel=\"on_group nofollow noopener\" title=\"Die Christlich-soziale Koalition stellt ihr neues Bildungschancenpaket vor.  - Symbolbild: Pixabay\" href=\"https:\/\/oshessen-news.b-cdn.net\/images\/26\/09\/xl\/11799026-tho-ge-write-8487618.jpg\" target=\"_blank\"><img decoding=\"async\" class=\"img-responsive\" style=\"width: 728px; margin-top: 0; border:0;\" src=\"https:\/\/www.europesays.com\/de\/wp-content\/uploads\/2026\/09\/11799026-tho-ge-write-8487618.jpg\" title=\"Die Christlich-soziale Koalition stellt ihr neues Bildungschancenpaket vor.\" onerror=\"imgError(this);\"\/><\/p>\n<p>Die Christlich-soziale Koalition stellt ihr neues Bildungschancenpaket vor. &#8211; Symbolbild: Pixabay<\/p>\n<p>\n                    <strong>WIESBADEN<\/strong><br \/>\n                    50 Millionen Euro und 680 Lehrerstellen\n                <\/p>\n<p>01.09.26 &#8211; <strong>Die Hessenunion begr\u00fc\u00dft das Bildungschancenpaket, das die christlich-soziale Koalition am Montag in Wiesbaden vorgestellt hat. Schl\u00fcsselkompetenzen st\u00e4rken, digitale Zukunftskompetenzen vermitteln und Leistung w\u00fcrdigen \u2013 das sind die Schwerpunkte des Pakets der Hessischen Landesregierung. Bis zum Ende der Legislaturperiode stellt die Landesregierung f\u00fcr das Bildungschancenpaket zus\u00e4tzlich 50 Millionen Euro bereit und finanziert 680 weitere Lehrerstellen. Es zeigt sich einmal mehr: Die christlich-soziale Koalition um den Landesvorsitzenden der CDU Hessen, Ministerpr\u00e4sident Boris Rhein, liefert. <\/strong><\/p>\n<p>Der Generalsekret\u00e4r der CDU Hessen, Leopold Born, erkl\u00e4rt dazu: &#8222;F\u00fcr uns gilt nach wie vor: Die wichtigste Bank Hessens ist die Schulbank. \u00dcber den Rekord-Bildungsetat von 6,2 Milliarden Euro hinaus investiert die Landesregierung weiter in Hessens Zukunft. Mit dem Bildungschancenpaket und dem Fokus auf die St\u00e4rkung von Schl\u00fcsselkompetenzen, das Fitmachen f\u00fcr KI und die digitale Welt und dem klaren Bekenntnis zu Leistung und Motivation gibt die christlich-soziale Koalition die richtigen Antworten auf die Herausforderungen an unseren Schulen.&#8220;<\/p>\n<p><a class=\"fancybox\" data-fancybox=\"galerie\" data-caption=\"Archivfoto: O|N \/ Hendrik Urbin - CDU-Generalsekret\u00e4r Leopold Born\" rel=\"on_group\" title=\"Archivfoto: O|N \/ Hendrik Urbin - CDU-Generalsekret\u00e4r Leopold Born\" href=\"https:\/\/www.europesays.com\/de\/wp-content\/uploads\/2026\/09\/11799026-11796806-11794046-dsc-8743.jpeg\"><img decoding=\"async\" class=\"imgbdr\" style=\"max-width: 98%;\" src=\"https:\/\/www.europesays.com\/de\/wp-content\/uploads\/2026\/09\/11799026-11796806-11794046-dsc-8743.jpeg\"\/><\/a><\/p>\n<p class=\"img-text\">CDU-Generalsekret\u00e4r Leopold Born Archivfoto: O|N \/ Hendrik Urbin<\/p>\n<p>F\u00fcr die St\u00e4rkung der Grundkompetenzen Lesen, Schreiben und Rechnen wird in der ersten Klasse eine zus\u00e4tzliche Deutschstunde eingef\u00fchrt. Zudem wird in den dritten und vierten Klassen schrittweise eine t\u00e4gliche verbindliche Lesezeit eingef\u00fchrt. Die mathematischen Kompetenzen werden mit einem umfassenden Ma\u00dfnahmenpaket mit Mitlaufkursen, regelm\u00e4\u00dfiger Mathezeit, Basiskursen und digitalen Lernangeboten gef\u00f6rdert. F\u00fcr mehr Chancengerechtigkeit werden der Sozialindex weiterentwickelt und insgesamt 200 zus\u00e4tzliche Stellen f\u00fcr Schulen mit besonderem Unterst\u00fctzungsbedarf geschaffen.<br \/>&#13;\n<\/p>\n<p>Neues Schulfach: &#8222;KI und Digitale Welt&#8220;<br \/>\nHessen f\u00fchrt als erstes Bundesland das Fach &#8222;KI und Digitale Welt&#8220; verpflichtend ein. Sp\u00e4ter folgt ein verpflichtendes Angebot mit den Schwerpunkten Informatik und K\u00fcnstliche Intelligenz. Damit st\u00e4rkt die christlich-soziale Koalition die digitale M\u00fcndigkeit und bereitet die Sch\u00fcler auf einen verantwortungsvollen Umgang mit neuen Technologien vor. Im Bereich der digitalen Zukunftskompetenzen wird f\u00fcr alle Viertkl\u00e4ssler zudem ein verpflichtender Medienf\u00fchrerschein eingef\u00fchrt. Der Medienf\u00fchrerschein schult den verantwortungsvollen Einsatz digitaler Medien. <\/p>\n<p>Das dritte Handlungsfeld sorgt f\u00fcr eine st\u00e4rkere Leistungskultur. Mit dem Talente-Campus wird das F\u00f6rderangebot f\u00fcr besonders begabte Sch\u00fcler auf alle 15 Schulamtsbezirke ausgeweitet und noch besser vernetzt. Die besten Absolventen von Hauptschule, Realschule und Gymnasium werden k\u00fcnftig j\u00e4hrlich und landesweit f\u00fcr ihre Leistungen und ihr gesellschaftliches Engagement ausgezeichnet. Zudem wird der Landesfinaltag im Rahmen von &#8222;Jugend trainiert f\u00fcr Olympia&#8220; weiter ausgeweitet, um herausragende Leistungen angemessen zu w\u00fcrdigen.<\/p>\n<p><strong>Generalsekret\u00e4r Leopold Born abschlie\u00dfend: &#8222;Hessen f\u00fchrt \u2013 das zeigt sich auch bei der Bildung. Mit dem neuen Unterrichtsfach &#8218;KI und Digitale Welt&#8216; ist Hessen das erste Bundesland, das ein solches Pflichtfach einf\u00fchrt. Mit der St\u00e4rkung der Grundkompetenzen Lesen, Schreiben und Rechnen setzt das Paket genau dort an, wo es gesellschaftliche Ver\u00e4nderungen im Bereich der k\u00fcnstlichen Intelligenz, sinkender Lesekompetenzen und Herausforderungen sozialer Medien erfordern. Auch der Leistungsgedanke wird mit den Ma\u00dfnahmen des Bildungschancenpakets weiter gest\u00e4rkt. Bei uns Hessen gilt auch in der Schule: Leistung lohnt sich.&#8220;<\/strong> (pg\/pm) +++<\/p>\n<p><\/p>\n","protected":false},"excerpt":{"rendered":"Die Christlich-soziale Koalition stellt ihr neues Bildungschancenpaket vor. &#8211; Symbolbild: Pixabay WIESBADEN 50 Millionen Euro und 680 Lehrerstellen&hellip;\n","protected":false},"author":2,"featured_media":1274569,"comment_status":"","ping_status":"","sticky":false,"template":"","format":"standard","meta":{"footnotes":"","_share_on_mastodon":"0"},"categories":[1847],"tags":[6193,6195,3364,29,548,663,3934,6197,6192,30,13,2052,1381,14,6196,15,6194,12,4544],"class_list":["post-1274568","post","type-post","status-publish","format-standard","has-post-thumbnail","category-wiesbaden","tag-alsfeld","tag-bad-hersfeld","tag-de","tag-deutschland","tag-eu","tag-europa","tag-europe","tag-flieden","tag-fulda","tag-germany","tag-headlines","tag-hessen","tag-lauterbach","tag-nachrichten","tag-neuhof","tag-news","tag-osthessen","tag-schlagzeilen","tag-wiesbaden"],"share_on_mastodon":{"url":"https:\/\/pubeurope.com\/@de\/117198197116377613","error":""},"_links":{"self":[{"href":"https:\/\/www.europesays.com\/de\/wp-json\/wp\/v2\/posts\/1274568","targetHints":{"allow":["GET"]}}],"collection":[{"href":"https:\/\/www.europesays.com\/de\/wp-json\/wp\/v2\/posts"}],"about":[{"href":"https:\/\/www.europesays.com\/de\/wp-json\/wp\/v2\/types\/post"}],"author":[{"embeddable":true,"href":"https:\/\/www.europesays.com\/de\/wp-json\/wp\/v2\/users\/2"}],"replies":[{"embeddable":true,"href":"https:\/\/www.europesays.com\/de\/wp-json\/wp\/v2\/comments?post=1274568"}],"version-history":[{"count":0,"href":"https:\/\/www.europesays.com\/de\/wp-json\/wp\/v2\/posts\/1274568\/revisions"}],"wp:featuredmedia":[{"embeddable":true,"href":"https:\/\/www.europesays.com\/de\/wp-json\/wp\/v2\/media\/1274569"}],"wp:attachment":[{"href":"https:\/\/www.europesays.com\/de\/wp-json\/wp\/v2\/media?parent=1274568"}],"wp:term":[{"taxonomy":"category","embeddable":true,"href":"https:\/\/www.europesays.com\/de\/wp-json\/wp\/v2\/categories?post=1274568"},{"taxonomy":"post_tag","embeddable":true,"href":"https:\/\/www.europesays.com\/de\/wp-json\/wp\/v2\/tags?post=1274568"}],"curies":[{"name":"wp","href":"https:\/\/api.w.org\/{rel}","templated":true}]}}