{"id":1274581,"date":"2026-09-01T22:50:32","date_gmt":"2026-09-01T22:50:32","guid":{"rendered":"https:\/\/www.europesays.com\/de\/1274581\/"},"modified":"2026-09-01T22:50:32","modified_gmt":"2026-09-01T22:50:32","slug":"gewaltsamer-tod-von-wertheranerin-freundinnen-sammeln-spenden-fuer-ihr-pferd-haller-kreisblatt","status":"publish","type":"post","link":"https:\/\/www.europesays.com\/de\/1274581\/","title":{"rendered":"Gewaltsamer Tod von Wertheranerin: Freundinnen sammeln Spenden f\u00fcr ihr Pferd | Haller Kreisblatt"},"content":{"rendered":"<p id=\"absatz1\" class=\"em_text\">Werther\/Borgholzhausen. Die Trauer \u00fcber den gewaltsamen Tod ihrer Freundin schwingt in jedem Wort mit. Und auch wenn dies noch lange so bleiben wird, gibt es doch ein besonderes Zeichen der Verbundenheit, das seinesgleichen sucht: Die beste Freundin der Toten und die Stallgemeinschaft, bei der die 36-j\u00e4hrige Wertheranerin ihr Pferd stehen hatte, haben jetzt einen besonderen Spendenaufruf gestartet &#8211; damit ihr kranker Schecke Wutsch dauerhaft in seinem Stall in Borgholzhausen bleiben kann.<\/p>\n<p id=\"absatz2\" class=\"western\">Es ist jetzt drei Wochen her, dass die Wertheranerin in ihrer Wohnung an der Engerstra\u00dfe erstochen aufgefunden wurde. Tatverd\u00e4chtig ist &#8211; wie berichtet &#8211; ihr 33-j\u00e4hriger Ex-Freund, der sie mit einem K\u00fcchenmesser get\u00f6tet haben soll. Er sitzt seitdem in Untersuchungshaft.<\/p>\n<p id=\"absatz3\" class=\"em_text\">F\u00fcr ihre beste Freundin Nicole Ballerst\u00e4dt und ihre Freundinnen aus dem Reitstall in Borgholzhausen war die Nachricht ein Schock. Auf einmal standen sie au\u00dferdem vor der Frage, wie es mit dem geliebten Pferd der Get\u00f6teten weitergeht.<\/p>\n<p>Get\u00f6tete aus Werther war das Herz der Stallgemeinschaft<\/p>\n<p>        <a href=\"https:\/\/www.haller-kreisblatt.de\/_em_daten\/_cache\/image\/1xNzNkRFpmMWwxRzI1cjU3MzBmQlhhUXB2SlhNa0Q2SG5KV2loRThGMVdLVVNCRkpZMUJQdjVlWFBKWUFvUVVBK1FsWEtBN3Q5ZXVJN09QYWxZMVdveHc1YmFnZXBXemtMOEttZlBUTmpJRHM9\/260831-1741-925968510.jpg\" class=\"nw-article-image\" title=\"Ein Bild aus gl\u00fccklichen Tagen, als die 36-j\u00e4hrige Wertheranerin mit ihrem Pferd Wutsch \u00fcber die Wiesen galoppierte. Auch hier ist ihre Familie mit der Ver\u00f6ffentlichung des Fotos ausdr\u00fccklich einverstanden.\" data-glightbox=\"type: image; description: Ein Bild aus gl\u00fccklichen Tagen, als die 36-j\u00e4hrige Wertheranerin mit ihrem Pferd Wutsch \u00fcber die Wiesen galoppierte. Auch hier ist ihre Familie mit der Ver\u00f6ffentlichung des Fotos ausdr\u00fccklich einverstanden.  | \u00a9 Janne Martens \" rel=\"nofollow noopener\" target=\"_blank\"><br \/>\n            <img decoding=\"async\" src=\"https:\/\/www.europesays.com\/de\/wp-content\/uploads\/2026\/09\/260831-1741-925968510.jpg\" class=\"nw-img-fluid nw-w-full nw-lazy nw-rounded-t-md\" alt=\"Ein Bild aus gl\u00fccklichen Tagen, als die 36-j\u00e4hrige Wertheranerin mit ihrem Pferd Wutsch \u00fcber die Wiesen galoppierte. Auch hier ist ihre Familie mit der Ver\u00f6ffentlichung des Fotos ausdr\u00fccklich einverstanden. - \u00a9 Janne Martens\" data-format=\"16:9\"\/><br \/>\n        <\/a><\/p>\n<p>                Ein Bild aus gl\u00fccklichen Tagen, als die 36-j\u00e4hrige Wertheranerin mit ihrem Pferd Wutsch \u00fcber die Wiesen galoppierte. Auch hier ist ihre Familie mit der Ver\u00f6ffentlichung des Fotos ausdr\u00fccklich einverstanden.<br \/>\n                                    | \u00a9 Janne Martens<\/p>\n<p class=\"western\">\u201eJulia war nicht nur ein langj\u00e4hriges Mitglied unserer Stallgemeinschaft \u2013 sie war das Herz unserer Gemeinschaft, die gute Seele und einfach eine geliebte Freundin\u201c, erz\u00e4hlen die Frauen. \u201eSeit sie 2017 mit Wutsch bei uns eingezogen ist, durften wir gemeinsam viele H\u00f6hen und Tiefen erleben. Dass unsere gemeinsame Zeit durch eine solch grausame Tat beendet wird, h\u00e4tte niemand von uns je erahnen k\u00f6nnen.\u201c<\/p>\n<p id=\"absatz6\"><b class=\"bold\">Lesen Sie auch:<\/b> <a href=\"https:\/\/www.haller-kreisblatt.de\/lokal\/werther\/24392781_36-Jaehrige-in-Werther-mit-Kuechenmesser-getoetet-Weitere-Hintergruende.html\" rel=\"nofollow noopener\" target=\"_blank\">36-J\u00e4hrige in Werther mit K\u00fcchenmesser get\u00f6tet: Weitere Hintergr\u00fcnde<\/a><\/p>\n<p id=\"absatz7\" class=\"western\">F\u00fcr Julia sei Wutsch ihr Lebensmittelpunkt gewesen, sagen die Freundinnen. \u201eSie kannte und liebte ihn, seit er ein Fohlen war. Die volle Verantwortung f\u00fcr ihn \u00fcbernahm sie, als er sechs Monate alt war.\u201c Inzwischen sei Wutsch 15 und lebe seit neun Jahren \u2013 mit einer kurzen Unterbrechung \u2013 in seiner gewohnten Umgebung und Herde in Borgholzhausen. Hier habe Julia unz\u00e4hlige Stunden mit ihm verbracht, ihn versorgt und ihn einfach geliebt. \u201eDass Wutsch nun eines der wenigen Dinge ist, die uns von Julia geblieben sind, ist unendlich traurig und gleichzeitig ein kleiner Trost\u201c, sind sich die Freundinnen einig.<\/p>\n<p id=\"absatz8\" class=\"em_text\">Und noch in einer weiteren Sache besteht Einigkeit: \u201eAls Stallgemeinschaft m\u00f6chten wir Julias Eltern dabei unterst\u00fctzen, dass Wutsch bleiben kann. Wir wollen ihn nicht auch noch verlieren. Und er soll jetzt, wo er seinen Menschen verloren hat, nicht auch noch sein Zuhause verlieren.\u201c<\/p>\n<p>Leider ist der Schecke nicht gesund<\/p>\n<p>        <a href=\"https:\/\/www.haller-kreisblatt.de\/_em_daten\/_cache\/image\/1xay90VnNUSm5Jak04MUlHRUU3QWhsWlpQSXVwOW5WRTJXbkVyOWdmemEvdjNBS29rOFpneWc0MEwwdFRMQUx5aTJWMC9FUlJvNEQxenZSdnRKcVZ5RFpVVzBYWVEvZEloVWszOXMvR2V5MjQ9\/260831-1741-925968650.jpg\" class=\"nw-article-image\" title=\"In dieser Dachgeschosswohnung (l.) an der Engerstra\u00dfe ist das T\u00f6tungsdelikt passiert.\" data-glightbox=\"type: image; description: In dieser Dachgeschosswohnung (l.) an der Engerstra\u00dfe ist das T\u00f6tungsdelikt passiert.  | \u00a9 Anja Hanneforth \" rel=\"nofollow noopener\" target=\"_blank\"><br \/>\n            <img decoding=\"async\" src=\"https:\/\/www.europesays.com\/de\/wp-content\/uploads\/2026\/09\/260831-1741-925968650.jpg\" class=\"nw-img-fluid nw-w-full nw-lazy nw-rounded-t-md\" alt=\"In dieser Dachgeschosswohnung (l.) an der Engerstra\u00dfe ist das T\u00f6tungsdelikt passiert. - \u00a9 Anja Hanneforth\" data-format=\"16:9\"\/><br \/>\n        <\/a><\/p>\n<p>                In dieser Dachgeschosswohnung (l.) an der Engerstra\u00dfe ist das T\u00f6tungsdelikt passiert.<br \/>\n                                    | \u00a9 Anja Hanneforth<\/p>\n<p id=\"absatz10\" class=\"em_text\">Daher haben die Freundinnen eine Spendenaktion ins Leben gerufen und hoffen auf eine m\u00f6glichst gro\u00dfe Beteiligung. Denn Wutsch ist nicht gesund.<\/p>\n<p id=\"absatz11\" class=\"em_text\">\u201eWir brauchen Unterst\u00fctzung f\u00fcr die langfristige medizinische Versorgung von Wutsch\u201c, sagen sie. Liebevolle Reitbeteiligungen f\u00fcr das Pferd h\u00e4tten sie bereits gewinnen k\u00f6nnen, sodass die finanzielle Belastung f\u00fcr Julias Eltern, die beide bereits im Ruhestand sind, deutlich h\u00e4tte reduziert werden k\u00f6nnen.<\/p>\n<p id=\"absatz12\" class=\"em_text\">Nicole Ballerst\u00e4dt und die Mitglieder der Stallgemeinschaft erz\u00e4hlen, was dem Schecken fehlt: \u201eEr leidet unter einem starken Equinen Asthma und ben\u00f6tigt deshalb eine kontinuierliche Behandlung und regelm\u00e4\u00dfige tier\u00e4rztliche Kontrollen. Auch wenn Julia seine Erkrankung durch ihre konsequente und liebevolle Behandlung sehr gut im Griff hatte, sind insbesondere in schlechteren Phasen Medikamente und h\u00e4ufigere Tierarztbesuche notwendig\u201c, so die Freundinnen.<\/p>\n<p>Freundinnen der Get\u00f6teten sammeln \u00fcber Plattform \u201egofundme\u201c Spenden<\/p>\n<p id=\"absatz13\" class=\"em_text\">Die Stallgemeinschaft, die die Verwaltung der gesammelten Spenden \u00fcbernimmt, formuliert noch einmal den genauen Verwendungszweck des Geldes: Das wird gebraucht f\u00fcr tier\u00e4rztliche Untersuchungen und Behandlungen, insbesondere die regelm\u00e4\u00dfigen Kontrollen seines Asthmas, f\u00fcr Medikamente und notwendige Therapien bei akuten und chronischen Beschwerden, au\u00dferdem f\u00fcr den Hufschmied, f\u00fcr Wurmkuren und weitere notwendige Vorsorgebehandlungen, f\u00fcr Erg\u00e4nzungsfutter und Kosten, die f\u00fcr seine bedarfsgerechte Versorgung entstehen. Mit dem Rest sollen R\u00fccklagen f\u00fcr unvorhersehbare tier\u00e4rztliche Ausgaben gebildet werden, die insbesondere aufgrund seiner Lungenerkrankung entstehen k\u00f6nnen.<\/p>\n<p id=\"absatz14\"><b class=\"bold\">Ebenfalls zum Thema:<\/b> <a href=\"https:\/\/www.haller-kreisblatt.de\/lokal\/werther\/24404444_36-Jaehrige-in-Werther-erstochen-Staatsanwaeltin-stuft-Tat-als-Mord-ein.html\" rel=\"nofollow noopener\" target=\"_blank\">36-J\u00e4hrige in Werther erstochen: Staatsanw\u00e4ltin stuft Tat als Mord ein<\/a><\/p>\n<p id=\"absatz15\" class=\"western\">\u201eJulia hat sich mit absoluter Hingabe um Wutsch gek\u00fcmmert und alles daf\u00fcr getan, dass es ihm gut geht. Genau das m\u00f6chten wir nun f\u00fcr sie fortf\u00fchren. Wenn Julia noch einen Wunsch frei h\u00e4tte, sind wir \u2013 ihre beste Freundin, ihre Eltern und wir als Stallgemeinschaft \u2013 uns sicher, dass sie ihn f\u00fcr Wutsch verwenden w\u00fcrde.\u201c Jeder noch so kleine Beitrag helfe dabei, diesen letzten Wunsch f\u00fcr Wutsch zu erf\u00fcllen.<\/p>\n<p id=\"absatz16\" class=\"western\">Wer f\u00fcr den kranken Schecken spenden m\u00f6chte, kann dies \u00fcber die Online-Plattform \u201egofundme\u201c unter dem Link <a href=\"https:\/\/gofund.me\/dea9f37ec\" rel=\"noopener nofollow\" target=\"_blank\">https:\/\/gofund.me\/dea9f37ec<\/a> tun. Und obwohl die Aktion erst seit wenigen Tagen l\u00e4uft, k\u00f6nnen ihre Initiatorinnen bereits einen riesigen Erfolg vermelden: Bei einem selbst gesteckten Spendenziel von 14.000 Euro sind bereits gut 10.000 Euro eingegangen. Fast 350 Menschen haben sich bislang beteiligt, manche mit dreistelligen Summen, andere mit f\u00fcnf oder zehn Euro. Die Summe ist den Freundinnen der Get\u00f6teten v\u00f6llig egal, sie freuen sich \u00fcber jede Unterst\u00fctzung: \u201eF\u00fcr Wutsch. F\u00fcr Julia. Und daf\u00fcr, dass ein St\u00fcck von dem, was Julia geliebt hat, bleiben darf.\u201c<\/p>\n<p id=\"absatz17\"><b class=\"bold\">Aktuelle News bekommen Sie t\u00e4glich \u00fcber den<\/b> <a data-auth=\"NotApplicable\" data-linkindex=\"0\" href=\"https:\/\/whatsapp.com\/channel\/0029VagU0FW1SWsxhmHz2v0q\" rel=\"noreferrer noopener nofollow\" target=\"_blank\" title=\"https:\/\/whatsapp.com\/channel\/0029VagU0FW1SWsxhmHz2v0q\">WhatsApp-Kanal des HK<\/a> <\/p>\n","protected":false},"excerpt":{"rendered":"Werther\/Borgholzhausen. Die Trauer \u00fcber den gewaltsamen Tod ihrer Freundin schwingt in jedem Wort mit. Und auch wenn dies&hellip;\n","protected":false},"author":2,"featured_media":1274582,"comment_status":"","ping_status":"","sticky":false,"template":"","format":"standard","meta":{"footnotes":"","_share_on_mastodon":"0"},"categories":[1841],"tags":[1605,21779,102404,3364,29,226801,30,223412,16896,198343,19081,164252,229797,16384,23780,263113,1209,2875,19082,11032,42121,263112,6715],"class_list":["post-1274581","post","type-post","status-publish","format-standard","has-post-thumbnail","category-bielefeld","tag-bielefeld","tag-borgholzhausen","tag-cnt_top-artikel","tag-de","tag-deutschland","tag-engerstrasse","tag-germany","tag-label_beruehre-mich","tag-label_xl-160","tag-meta_artikelklasse_aboanker","tag-meta_copyrights_hk","tag-meta_eo_zusammenfassung","tag-meta_prio_1","tag-meta_themen_blaulicht_sicherheit","tag-meta_userneeds_beruehremich","tag-nicole-ballerstaedt","tag-nordrhein-westfalen","tag-scheck","tag-serie_nlhk","tag-spende","tag-spendenaufruf","tag-stallgemeinschaft","tag-werther"],"share_on_mastodon":{"url":"https:\/\/pubeurope.com\/@de\/117198236572753413","error":""},"_links":{"self":[{"href":"https:\/\/www.europesays.com\/de\/wp-json\/wp\/v2\/posts\/1274581","targetHints":{"allow":["GET"]}}],"collection":[{"href":"https:\/\/www.europesays.com\/de\/wp-json\/wp\/v2\/posts"}],"about":[{"href":"https:\/\/www.europesays.com\/de\/wp-json\/wp\/v2\/types\/post"}],"author":[{"embeddable":true,"href":"https:\/\/www.europesays.com\/de\/wp-json\/wp\/v2\/users\/2"}],"replies":[{"embeddable":true,"href":"https:\/\/www.europesays.com\/de\/wp-json\/wp\/v2\/comments?post=1274581"}],"version-history":[{"count":0,"href":"https:\/\/www.europesays.com\/de\/wp-json\/wp\/v2\/posts\/1274581\/revisions"}],"wp:featuredmedia":[{"embeddable":true,"href":"https:\/\/www.europesays.com\/de\/wp-json\/wp\/v2\/media\/1274582"}],"wp:attachment":[{"href":"https:\/\/www.europesays.com\/de\/wp-json\/wp\/v2\/media?parent=1274581"}],"wp:term":[{"taxonomy":"category","embeddable":true,"href":"https:\/\/www.europesays.com\/de\/wp-json\/wp\/v2\/categories?post=1274581"},{"taxonomy":"post_tag","embeddable":true,"href":"https:\/\/www.europesays.com\/de\/wp-json\/wp\/v2\/tags?post=1274581"}],"curies":[{"name":"wp","href":"https:\/\/api.w.org\/{rel}","templated":true}]}}