{"id":1274608,"date":"2026-09-01T23:10:20","date_gmt":"2026-09-01T23:10:20","guid":{"rendered":"https:\/\/www.europesays.com\/de\/1274608\/"},"modified":"2026-09-01T23:10:20","modified_gmt":"2026-09-01T23:10:20","slug":"transfer-hammer-offiziell-schalke-04-findet-neuen-stuermer","status":"publish","type":"post","link":"https:\/\/www.europesays.com\/de\/1274608\/","title":{"rendered":"Transfer-Hammer offiziell: Schalke 04 findet neuen St\u00fcrmer"},"content":{"rendered":"<p>Last-Second-Coup: Schalke leiht Hwang aus<\/p>\n<p>Der <a href=\"https:\/\/www.fussballdaten.de\/vereine\/fc-schalke-04\/\" title=\"Profil von FC Schalke 04\" rel=\"nofollow noopener\" target=\"_blank\">FC Schalke 04<\/a> hat am Deadline Day kurz vor knapp noch einen neuen St\u00fcrmer gefunden. <a href=\"https:\/\/www.fussballdaten.de\/person\/hee-chan-hwang\/\" title=\"Profil von Hee-chan Hwang\" rel=\"nofollow noopener\" target=\"_blank\">Hee-chan Hwang<\/a> wechselt zun\u00e4chst f\u00fcr ein Jahr auf Leihbasis vom englischen Zweitligisten <a href=\"https:\/\/www.fussballdaten.de\/vereine\/wolverhampton-wanderers\/\" title=\"Profil von Wolverhampton Wanderers\" rel=\"nofollow noopener\" target=\"_blank\">Wolverhampton Wanderers<\/a> nach Gelsenkirchen. Das gaben die K\u00f6nigsblauen nach dem Ende der Transferfrist am Dienstagabend bekannt. Medienberichten zufolge sicherte sich Schalke f\u00fcr den 30-J\u00e4hrigen eine Kaufoption in H\u00f6he von drei Millionen Euro. Der Wechsel ging unmittelbar vor Transferschluss um 20 Uhr durch.<\/p>\n<p class=\"mb20 mt30\">\u201eMit Hee Chan Hwang erh\u00f6hen wir unsere Optionen f\u00fcr die Offensive. Er kann mehrere Positionen bekleiden, seine langj\u00e4hrige Erfahrung in unterschiedlichen Ligen und als Nationalspieler sehen wir als gro\u00dfes Plus. Wir haben zum Ende der Transferperiode gezielt geschaut, was f\u00fcr uns als Erg\u00e4nzung zum bestehenden Kader noch Sinn macht. Wir freuen uns, dass Hee Chan sich f\u00fcr Schalke 04 und eine R\u00fcckkehr in die Bundesliga entschieden hat\u201c, sagt Youri Mulder, Direktor Profifu\u00dfball beim FC Schalke 04, zu dem Transfer.<\/p>\n<p>WM- und Premier-League-Erfahrung f\u00fcr K\u00f6nigsblau<\/p>\n<p class=\"mb20 mt30\">Hwang bestritt alle drei Gruppenspiele S\u00fcdkoreas bei der Weltmeisterschaft. Der Angreifer kann auf 82 L\u00e4nderspiele (17 Tore) zur\u00fcckblicken und konnte auch f\u00fcr die Wolves in der Premier League ordentlich netzen. In 133 Partien in Englands Eliteliga traf er 24 Mal und bereitete sieben weitere Tore vor. Auf Schalke soll der 30-J\u00e4hrige nun mit seiner Offensivpower f\u00fcr Furore sorgen.<\/p>\n<p class=\"mb20 mt30\">Der koreanische Nationalspieler kehrt nach f\u00fcnf Jahren in den deutschen Klubfu\u00dfball zur\u00fcck: In der Saison 2018\/19 streifte er sich in 20 Zweitligaspielen das Trikot des <a href=\"https:\/\/www.fussballdaten.de\/vereine\/hamburger-sv\/\" title=\"Profil von Hamburger SV\" rel=\"nofollow noopener\" target=\"_blank\">Hamburger SV<\/a> \u00fcber (zwei Tore). Ein Jahr nach seinem Abschied von den Hanseaten heuerte der St\u00fcrmer \u00fcber den Umweg beim Partnerklub aus Salzburg bei <a href=\"https:\/\/www.fussballdaten.de\/vereine\/rb-leipzig\/\" title=\"Profil von RB Leipzig\" rel=\"nofollow noopener\" target=\"_blank\">RB Leipzig<\/a> an. Dort erzielte er in 29 Eins\u00e4tzen drei Treffer. Im Sommer 2021 folgte schlie\u00dflich der Wechsel auf die Insel zu den Wolves. In der vergangenen Saison stieg er mit dem Verein aus den West Midlands jedoch sang und klanglos in die zweite Liga ab, die er nun gegen deutschen Erstligafu\u00dfball eintauscht.<\/p>\n<p class=\"mb20 mt30\">\u201eSchalke 04 hat mich in der vergangenen Saison beeindruckt. Ich habe mich jetzt intensiv mit ihrem Spielstil befasst und denke, dass ich gut ins Team passe. Mit Leipzig habe ich 2021 einmal in der Arena gespielt, leider waren damals keine Fans zugelassen. Ich kann es kaum erwarten, nun als Schalke-Spieler diese Atmosph\u00e4re in einer ausverkauften Arena zu erleben\u201c, wurde Schalkes letzte Neuverpflichtung f\u00fcr den ersten Saisonstart im Oberhaus seit vier Jahren zitiert. Hwang wird bei den Knappen die R\u00fcckennummer 7 tragen.<\/p>\n","protected":false},"excerpt":{"rendered":"Last-Second-Coup: Schalke leiht Hwang aus Der FC Schalke 04 hat am Deadline Day kurz vor knapp noch einen&hellip;\n","protected":false},"author":2,"featured_media":1274609,"comment_status":"","ping_status":"","sticky":false,"template":"","format":"standard","meta":{"footnotes":"","_share_on_mastodon":"0"},"categories":[5],"tags":[331,332,299,261269,24277,3364,99226,29,3158,347,123216,30,13,263117,14,15,12,68461],"class_list":["post-1274608","post","type-post","status-publish","format-standard","has-post-thumbnail","category-nachrichten","tag-aktuelle-nachrichten","tag-aktuelle-news","tag-bundesliga","tag-bundesliga-news","tag-championship","tag-de","tag-deadline-day","tag-deutschland","tag-fc-schalke-04","tag-fussball","tag-fussball-news","tag-germany","tag-headlines","tag-hee-chan-hwang-hee-chan-hwang","tag-nachrichten","tag-news","tag-schlagzeilen","tag-wolverhampton-wanderers"],"share_on_mastodon":{"url":"https:\/\/pubeurope.com\/@de\/117198312233448091","error":""},"_links":{"self":[{"href":"https:\/\/www.europesays.com\/de\/wp-json\/wp\/v2\/posts\/1274608","targetHints":{"allow":["GET"]}}],"collection":[{"href":"https:\/\/www.europesays.com\/de\/wp-json\/wp\/v2\/posts"}],"about":[{"href":"https:\/\/www.europesays.com\/de\/wp-json\/wp\/v2\/types\/post"}],"author":[{"embeddable":true,"href":"https:\/\/www.europesays.com\/de\/wp-json\/wp\/v2\/users\/2"}],"replies":[{"embeddable":true,"href":"https:\/\/www.europesays.com\/de\/wp-json\/wp\/v2\/comments?post=1274608"}],"version-history":[{"count":0,"href":"https:\/\/www.europesays.com\/de\/wp-json\/wp\/v2\/posts\/1274608\/revisions"}],"wp:featuredmedia":[{"embeddable":true,"href":"https:\/\/www.europesays.com\/de\/wp-json\/wp\/v2\/media\/1274609"}],"wp:attachment":[{"href":"https:\/\/www.europesays.com\/de\/wp-json\/wp\/v2\/media?parent=1274608"}],"wp:term":[{"taxonomy":"category","embeddable":true,"href":"https:\/\/www.europesays.com\/de\/wp-json\/wp\/v2\/categories?post=1274608"},{"taxonomy":"post_tag","embeddable":true,"href":"https:\/\/www.europesays.com\/de\/wp-json\/wp\/v2\/tags?post=1274608"}],"curies":[{"name":"wp","href":"https:\/\/api.w.org\/{rel}","templated":true}]}}