{"id":1274612,"date":"2026-09-01T23:12:19","date_gmt":"2026-09-01T23:12:19","guid":{"rendered":"https:\/\/www.europesays.com\/de\/1274612\/"},"modified":"2026-09-01T23:12:19","modified_gmt":"2026-09-01T23:12:19","slug":"erster-arbeitstag-fuer-nadja-johnen-als-beigeordnete-der-stadt-koenigswinter-honnef-heute","status":"publish","type":"post","link":"https:\/\/www.europesays.com\/de\/1274612\/","title":{"rendered":"Erster Arbeitstag f\u00fcr Nadja Johnen als Beigeordnete der Stadt K\u00f6nigswinter | Honnef heute"},"content":{"rendered":"<p><strong>K\u00f6nigswinter.\u00a0Am 1. September 2026 begann f\u00fcr Nadja Johnen der Dienst als Beigeordnete der Stadt K\u00f6nigswinter. Sie vervollst\u00e4ndigt damit den Verwaltungsvorstand und verantwortet ab sofort das Ordnungsamt inkl. Feuerwehr und Rettungsdienst, das Sozialamt, das Jugendamt und den Bereich Schule und Sport.<\/strong><\/p>\n<p>\u201eIch freue mich sehr auf die n\u00e4chsten Wochen, in denen das Kennenlernen der einzelnen Fachbereiche, der Kolleginnen und Kollegen und die Einarbeitung in die bevorstehenden Aufgaben im Vordergrund stehen.\u201c sagt Nadja Johnen zum Start bei der Stadtverwaltung.<\/p>\n<p>\t\t\t\t\tAnzeige<br \/>\n<a href=\"https:\/\/rheinland-marketing-gruppe.de\/\" target=\"_blank\" rel=\"noopener nofollow\"><img loading=\"lazy\" decoding=\"async\" class=\"aligncenter wp-image-271419\" src=\"https:\/\/www.europesays.com\/de\/wp-content\/uploads\/2026\/06\/banner-rmg-26-v2.jpg\" alt=\"\" width=\"600\" height=\"400\"\/><\/a>\t\t\t\t<\/p>\n<p>Die 49-j\u00e4hrige Henneferin arbeitete zuvor 28 Jahre bei der Stadt K\u00f6ln, hatte unterschiedliche F\u00fchrungspositionen inne und leitete zuletzt das Standesamt K\u00f6ln mit mehr als 100 Mitarbeitenden. Als Schwerpunkte ihrer Arbeit wird sie in K\u00f6nigswinter die Themen Bev\u00f6lkerungsschutz und Krisenmanagement vorantreiben und unterst\u00fctzen.<\/p>\n<p>Nadja Johnen wurde im Rat der Stadt K\u00f6nigswinter f\u00fcr 8 Jahre als Beigeordnete gew\u00e4hlt.<\/p>\n<p>Die Stadt K\u00f6nigswinter freut sich auf eine erfolgreiche Zusammenarbeit und w\u00fcnscht Frau Johnen f\u00fcr den Start alles Gute!<\/p>\n","protected":false},"excerpt":{"rendered":"K\u00f6nigswinter.\u00a0Am 1. September 2026 begann f\u00fcr Nadja Johnen der Dienst als Beigeordnete der Stadt K\u00f6nigswinter. Sie vervollst\u00e4ndigt damit&hellip;\n","protected":false},"author":2,"featured_media":1274613,"comment_status":"","ping_status":"","sticky":false,"template":"","format":"standard","meta":{"footnotes":"","_share_on_mastodon":"0"},"categories":[1842],"tags":[21722,1741,3364,29,30,139272,1350,15,1209,178,1986],"class_list":["post-1274612","post","type-post","status-publish","format-standard","has-post-thumbnail","category-bonn","tag-bad-honnef","tag-bonn","tag-de","tag-deutschland","tag-germany","tag-honnef-heute","tag-neuigkeiten","tag-news","tag-nordrhein-westfalen","tag-presse","tag-zeitung"],"share_on_mastodon":{"url":"https:\/\/pubeurope.com\/@de\/117198321767033972","error":""},"_links":{"self":[{"href":"https:\/\/www.europesays.com\/de\/wp-json\/wp\/v2\/posts\/1274612","targetHints":{"allow":["GET"]}}],"collection":[{"href":"https:\/\/www.europesays.com\/de\/wp-json\/wp\/v2\/posts"}],"about":[{"href":"https:\/\/www.europesays.com\/de\/wp-json\/wp\/v2\/types\/post"}],"author":[{"embeddable":true,"href":"https:\/\/www.europesays.com\/de\/wp-json\/wp\/v2\/users\/2"}],"replies":[{"embeddable":true,"href":"https:\/\/www.europesays.com\/de\/wp-json\/wp\/v2\/comments?post=1274612"}],"version-history":[{"count":0,"href":"https:\/\/www.europesays.com\/de\/wp-json\/wp\/v2\/posts\/1274612\/revisions"}],"wp:featuredmedia":[{"embeddable":true,"href":"https:\/\/www.europesays.com\/de\/wp-json\/wp\/v2\/media\/1274613"}],"wp:attachment":[{"href":"https:\/\/www.europesays.com\/de\/wp-json\/wp\/v2\/media?parent=1274612"}],"wp:term":[{"taxonomy":"category","embeddable":true,"href":"https:\/\/www.europesays.com\/de\/wp-json\/wp\/v2\/categories?post=1274612"},{"taxonomy":"post_tag","embeddable":true,"href":"https:\/\/www.europesays.com\/de\/wp-json\/wp\/v2\/tags?post=1274612"}],"curies":[{"name":"wp","href":"https:\/\/api.w.org\/{rel}","templated":true}]}}