{"id":1274625,"date":"2026-09-01T23:20:22","date_gmt":"2026-09-01T23:20:22","guid":{"rendered":"https:\/\/www.europesays.com\/de\/1274625\/"},"modified":"2026-09-01T23:20:22","modified_gmt":"2026-09-01T23:20:22","slug":"suedniedersachsen-a7-in-richtung-hannover-nach-unfall-wieder-frei","status":"publish","type":"post","link":"https:\/\/www.europesays.com\/de\/1274625\/","title":{"rendered":"S\u00fcdniedersachsen: A7 in Richtung Hannover nach Unfall wieder frei"},"content":{"rendered":"<p>            Schlie\u00dfen<\/p>\n<p>            Ver\u00f6ffentlicht am<br \/>\n                <\/p>\n<p>        Sie k\u00f6nnen sich Artikel der ZEIT in der Google-Suche nun bevorzugt anzeigen lassen.<\/p>\n<p>        <a class=\"zps-widget__icon\" href=\"https:\/\/www.google.com\/preferences\/source?q=zeit.de\" data-ct-label=\"Google Preferred Source Onboarding Widget Icon\" id=\"zps-link-icon-activate\" aria-label=\"ZEIT als bevorzugte Quelle bei Google aktivieren\" target=\"_blank\" rel=\"nofollow noopener\"><\/p>\n<p>        <\/a><\/p>\n<p>        Hinweis<\/p>\n<p class=\"article-notice__text\">DIE ZEIT hat diese Meldung redaktionell nicht bearbeitet. Sie wurde automatisch von der Deutschen Presse-Agentur (dpa) \u00fcbernommen.<\/p>\n<p>            <img decoding=\"async\" class=\"article__media-item\" src=\"https:\/\/www.europesays.com\/de\/wp-content\/uploads\/2026\/09\/1788304822_30_wide__660x371.jpeg\" alt=\"S\u00fcdniedersachsen:  Die Polizei hatte die Autofahrer dazu aufgerufen, eine Rettungsgasse zu bilden. (Symbolbild)\"\/><\/p>\n<p>                     Die Polizei hatte die Autofahrer dazu aufgerufen, eine Rettungsgasse zu bilden. (Symbolbild)<br \/>\n            \u00a9\u00a0Stefan Puchner\/\u200bdpa<\/p>\n<p class=\"paragraph article__item\">Die Vollsperrung der Autobahn 7 n\u00f6rdlich von G\u00f6ttingen nach einem Unfall ist aufgehoben worden. Die Bergungsarbeiten seien beendet, die Fahrbahn sei wieder frei, teilte die Polizei am sp\u00e4ten Abend mit. Betroffen war der Abschnitt zwischen N\u00f6rten-Hardenberg und Northeim-West in Fahrtrichtung <a class=\"rtr-entity\" href=\"https:\/\/www.zeit.de\/thema\/hannover\" rel=\"nofollow noopener\" target=\"_blank\">Hannover<\/a>. Angaben zu Verletzten oder zum Unfallhergang gab es zun\u00e4chst nicht.\u00a0\n<\/p>\n<p>Aktuelles<\/p>\n<p>                <a href=\"https:\/\/www.zeit.de\/gesellschaft\/zeitgeschehen\/2026-08\/schuesse-aarau-schweiz-rave-pferderennbahn-gxe\" data-ct-label=\"Schweiz: Eine Tote und f\u00fcnf Verletzte nach Sch\u00fcssen im Schweizer Kanton Aargau\" data-uuid=\"d5c24f46-91ae-4e67-8b0f-4bdd7e283d24\" rel=\"nofollow noopener\" target=\"_blank\"><\/p>\n<p>                        Schweiz:<br \/>\n                        Eine Tote und f\u00fcnf Verletzte nach Sch\u00fcssen im Schweizer Kanton Aargau<\/p>\n<p>                <\/a><\/p>\n<p>                <a href=\"https:\/\/www.zeit.de\/gesellschaft\/zeitgeschehen\/2026-08\/polizei-muenchen-schuesse-14-jaehriger-softair-pistole\" data-ct-label=\"Polizeieinsatz in M\u00fcnchen: Etwa 100 Menschen demonstrieren nach Schuss auf 14-J\u00e4hrigen in M\u00fcnchen\" data-uuid=\"946400f6-f75a-447f-a5c8-4e927fa9fbd7\" rel=\"nofollow noopener\" target=\"_blank\"><\/p>\n<p>                        Polizeieinsatz in M\u00fcnchen:<br \/>\n                        Etwa 100 Menschen demonstrieren nach Schuss auf 14-J\u00e4hrigen in M\u00fcnchen<\/p>\n<p>                <\/a><\/p>\n<p>                <a href=\"https:\/\/www.zeit.de\/politik\/deutschland\/2026-09\/daniel-eliasson-angriff-antisemitismus-gruene-berlin-steglitz-gxe\" data-ct-label=\"Berlin: Gr\u00fcnenpolitiker im Wahlkampf mutma\u00dflich antisemitisch angegriffen\" data-uuid=\"bfe6918d-72f4-4db0-90ce-6345d190c29b\" rel=\"nofollow noopener\" target=\"_blank\"><\/p>\n<p>                        Berlin:<br \/>\n                        Gr\u00fcnenpolitiker im Wahlkampf mutma\u00dflich antisemitisch angegriffen<\/p>\n<p>                <\/a><\/p>\n<p class=\"paragraph article__item\">Es hatte sich ein Stau gebildet. Die <a class=\"rtr-entity\" href=\"https:\/\/www.zeit.de\/thema\/polizei\" rel=\"nofollow noopener\" target=\"_blank\">Polizei<\/a> rief Autofahrer daher dazu auf, eine Rettungsgasse zu bilden und vorsichtig an das Stauende heranzufahren. Auf allen Fahrstreifen seien Fahrzeugteile verteilt gewesen und es sei \u00d6l ausgelaufen.\n<\/p>\n<p class=\"paragraph article__item\">\u00a9 dpa-infocom, dpa:260901-930-617259\/2<\/p>\n","protected":false},"excerpt":{"rendered":"Schlie\u00dfen Ver\u00f6ffentlicht am Sie k\u00f6nnen sich Artikel der ZEIT in der Google-Suche nun bevorzugt anzeigen lassen. Hinweis DIE&hellip;\n","protected":false},"author":2,"featured_media":1274626,"comment_status":"","ping_status":"","sticky":false,"template":"","format":"standard","meta":{"footnotes":"","_share_on_mastodon":"0"},"categories":[1836],"tags":[3364,29,30,25890,46,15,1411,121,117859,1284],"class_list":["post-1274625","post","type-post","status-publish","format-standard","has-post-thumbnail","category-hannover","tag-de","tag-deutschland","tag-germany","tag-goettingen","tag-hannover","tag-news","tag-niedersachsen","tag-polizei","tag-suedniedersachsen","tag-unfall"],"share_on_mastodon":{"url":"https:\/\/pubeurope.com\/@de\/117198353109400048","error":""},"_links":{"self":[{"href":"https:\/\/www.europesays.com\/de\/wp-json\/wp\/v2\/posts\/1274625","targetHints":{"allow":["GET"]}}],"collection":[{"href":"https:\/\/www.europesays.com\/de\/wp-json\/wp\/v2\/posts"}],"about":[{"href":"https:\/\/www.europesays.com\/de\/wp-json\/wp\/v2\/types\/post"}],"author":[{"embeddable":true,"href":"https:\/\/www.europesays.com\/de\/wp-json\/wp\/v2\/users\/2"}],"replies":[{"embeddable":true,"href":"https:\/\/www.europesays.com\/de\/wp-json\/wp\/v2\/comments?post=1274625"}],"version-history":[{"count":0,"href":"https:\/\/www.europesays.com\/de\/wp-json\/wp\/v2\/posts\/1274625\/revisions"}],"wp:featuredmedia":[{"embeddable":true,"href":"https:\/\/www.europesays.com\/de\/wp-json\/wp\/v2\/media\/1274626"}],"wp:attachment":[{"href":"https:\/\/www.europesays.com\/de\/wp-json\/wp\/v2\/media?parent=1274625"}],"wp:term":[{"taxonomy":"category","embeddable":true,"href":"https:\/\/www.europesays.com\/de\/wp-json\/wp\/v2\/categories?post=1274625"},{"taxonomy":"post_tag","embeddable":true,"href":"https:\/\/www.europesays.com\/de\/wp-json\/wp\/v2\/tags?post=1274625"}],"curies":[{"name":"wp","href":"https:\/\/api.w.org\/{rel}","templated":true}]}}