{"id":1274629,"date":"2026-09-01T23:22:14","date_gmt":"2026-09-01T23:22:14","guid":{"rendered":"https:\/\/www.europesays.com\/de\/1274629\/"},"modified":"2026-09-01T23:22:14","modified_gmt":"2026-09-01T23:22:14","slug":"bremen-schickt-covic-per-leihe-zu-dynamo-dresden","status":"publish","type":"post","link":"https:\/\/www.europesays.com\/de\/1274629\/","title":{"rendered":"Bremen schickt \u010covi\u0107 per Leihe zu Dynamo Dresden"},"content":{"rendered":"<p>Patrice \u010covi\u0107 verl\u00e4sst den SV Werder Bremen vor\u00fcbergehend und wechselt auf Leihbasis bis zum Ende der laufenden Spielzeit zum Zweitligisten Dynamo Dresden. An der Elbe soll der 19-J\u00e4hrige sich kontinuierliche Einsatzzeiten im Profibereich erarbeiten.<\/p>\n<p>Werders Leiter Profifu\u00dfball Peter Niemeyer bekr\u00e4ftigte bei der Bekanntgabe des Transfers das gro\u00dfe Vertrauen in das Eigengew\u00e4chs, stellte jedoch den gezielten F\u00f6rderplan in den Mittelpunkt: \u201eWir sind von Patrice absolut \u00fcberzeugt. Es liegt aber auch in unserer Verantwortung abzuw\u00e4gen, was die sinnvollste Perspektive f\u00fcr eine weitere Entwicklung ist.\u201c<\/p>\n<p>Die Wahl des Leihklubs fiel dabei ganz bewusst auf die Sachsen, wie Niemeyer weiter ausf\u00fchrte: \u201eDaher haben wir gemeinsam mit ihm f\u00fcr eine Leihe entschieden. Dresden bietet ein sehr gutes Umfeld, in dem er den n\u00e4chsten Schritt gehen kann. Dabei werden wir ihn unterst\u00fctzen.\u201c<\/p>\n<p><\/p>\n<p>LIGAINSIDER-DURCHSCHNITTSNOTE in den letzten VIER Jahren<\/p>\n","protected":false},"excerpt":{"rendered":"Patrice \u010covi\u0107 verl\u00e4sst den SV Werder Bremen vor\u00fcbergehend und wechselt auf Leihbasis bis zum Ende der laufenden Spielzeit&hellip;\n","protected":false},"author":2,"featured_media":1274630,"comment_status":"","ping_status":"","sticky":false,"template":"","format":"standard","meta":{"footnotes":"","_share_on_mastodon":"0"},"categories":[1835],"tags":[4808,135737,2217,3364,29,2386,347,30,15,14870,79620,5422,859,265,924,1288,2627,5421],"class_list":["post-1274629","post","type-post","status-publish","format-standard","has-post-thumbnail","category-dresden","tag-1-bundesliga","tag-2026-27","tag-bilanz","tag-de","tag-deutschland","tag-dresden","tag-fussball","tag-germany","tag-news","tag-offensives-mittelfeld","tag-patrice-covic","tag-quote","tag-sachsen","tag-sport","tag-statistik","tag-transfers","tag-verletzungen","tag-wechsel"],"share_on_mastodon":{"url":"https:\/\/pubeurope.com\/@de\/117198359415485811","error":""},"_links":{"self":[{"href":"https:\/\/www.europesays.com\/de\/wp-json\/wp\/v2\/posts\/1274629","targetHints":{"allow":["GET"]}}],"collection":[{"href":"https:\/\/www.europesays.com\/de\/wp-json\/wp\/v2\/posts"}],"about":[{"href":"https:\/\/www.europesays.com\/de\/wp-json\/wp\/v2\/types\/post"}],"author":[{"embeddable":true,"href":"https:\/\/www.europesays.com\/de\/wp-json\/wp\/v2\/users\/2"}],"replies":[{"embeddable":true,"href":"https:\/\/www.europesays.com\/de\/wp-json\/wp\/v2\/comments?post=1274629"}],"version-history":[{"count":0,"href":"https:\/\/www.europesays.com\/de\/wp-json\/wp\/v2\/posts\/1274629\/revisions"}],"wp:featuredmedia":[{"embeddable":true,"href":"https:\/\/www.europesays.com\/de\/wp-json\/wp\/v2\/media\/1274630"}],"wp:attachment":[{"href":"https:\/\/www.europesays.com\/de\/wp-json\/wp\/v2\/media?parent=1274629"}],"wp:term":[{"taxonomy":"category","embeddable":true,"href":"https:\/\/www.europesays.com\/de\/wp-json\/wp\/v2\/categories?post=1274629"},{"taxonomy":"post_tag","embeddable":true,"href":"https:\/\/www.europesays.com\/de\/wp-json\/wp\/v2\/tags?post=1274629"}],"curies":[{"name":"wp","href":"https:\/\/api.w.org\/{rel}","templated":true}]}}