{"id":1274647,"date":"2026-09-01T23:35:19","date_gmt":"2026-09-01T23:35:19","guid":{"rendered":"https:\/\/www.europesays.com\/de\/1274647\/"},"modified":"2026-09-01T23:35:19","modified_gmt":"2026-09-01T23:35:19","slug":"weindorf-treff-2026-in-stuttgart-diese-promis-waren-schon-da","status":"publish","type":"post","link":"https:\/\/www.europesays.com\/de\/1274647\/","title":{"rendered":"Weindorf-Treff 2026 in Stuttgart: Diese Promis waren schon da"},"content":{"rendered":"<p>In Stuttgart ist am Montag der traditionelle Weindorf-Treff zu Ende gegangen. Auch diesmal trafen SWR Aktuell-Moderatorin Diana H\u00f6rger und Tom H\u00f6rner (Stuttgarter Zeitung) spannende Pers\u00f6nlichkeiten aus der Region. Zum Abschluss am Montag war auch SWR Intendant Kai Gniffke zu Gast auf dem Schillerplatz am Alten Schloss.<\/p>\n<p>Das war am Montag (31.8.) beim Weindorf-Treff 2026<\/p>\n<p>Operns\u00e4nger Michael Nagl gab beim Weindorf-Treff zu, dass er den Knabenchor, in dem er seine Karriere als Sch\u00fcler startete, anfangs ziemlich uncool fand. Bis dahin sagte ihm klassische Musik so gar nix. Wohin sich seine Stimme entwickelt? Ob eher ins italienische oder deutsche Fach? &#8222;Sprechen wir in 10 Jahren nochmal&#8220; so der Bassbariton beim Weindorf-Treff. Erstmal aber gibt er kommendes Jahr den Justus Jonas in der Opernproduktion &#8222;Die drei ??? und das Spiegelkabinett&#8220; an der Staatsoper in Stuttgart.\u00a0<\/p>\n<p>Im Auktionshaus Eppli kommt so ziemlich alles unter den Hammer, was von Wert ist und was den Besitzer wechseln soll: Autos, Handtaschen, teurer Wein und nat\u00fcrlich Schmuck. Ferdinand Eppli ist selbst Edelsteinkundler und muss so manchem Verkaufswilligen sagen, dass der Goldwert leider h\u00f6her ist als der Ring als St\u00fcck an sich. &#8222;Das f\u00e4llt einem nicht leicht&#8220;, gibt der Auktionator zu. Manchmal bringt eine Sammleruhr aber auch mehrere hundert Tausend Euro f\u00fcr den Verk\u00e4ufer ein. Er selbst sp\u00fcre kaum noch den Reiz etwas ersteigern zu wollen, so Eppli.<\/p>\n<p>150 Euro f\u00fcr Ehering<\/p>\n<p>SWR1 Moderatorin Petra Klein h\u00e4tte gern auch noch mehr Geld genommen f\u00fcr ihren Ehering, den sie h\u00f6chstselbst seinerzeit zu Eppli gebracht habe. &#8222;Wochenlang bin ich am Schaufenster entlang gelaufen. Irgendwann war er dann weg&#8220;. Wer ihn gekauft hat, wissen wir nicht. 150 Euro hat die H\u00f6rfunk-Moderatorin damals daf\u00fcr bekommen. In ihrem Job geht es aber eher um &#8222;Gaumen-Luxus&#8220; als um &#8222;Bling-Bling&#8220;. Seit 1998 ist sie mit SWR1 Pf\u00e4nnle unterwegs. Privat koche sie immer das gleiche, sagt sie, aber wo es gutes regionalen Essen gibt, da ist sie eben zurecht Genussbotschafterin des Landes.<\/p>\n<p>Anna Joos erkennt schon an der Wuchsform einer Rebe, ob es ein Muskateller oder ein Dornfelder ist. Die Weinprinzessin ist aber auch sonst sehr patent: Bei einer Auktion hat sie mal einen Schlepper ersteigert und der f\u00e4hrt immer noch &#8211; eine nachhaltige Anschaffung also. Petra Kleins Aufforderung, mehr deutschen Wein zu trinken, konnte die Weinhoheit nur unterstreichen.\u00a0<\/p>\n<p>Constanze M\u00fcller ist Expertin f\u00fcr Vampire<\/p>\n<p>Sie ist ausgewiesene Expertin f\u00fcr Vampire &#8211; f\u00fcr neue und alte, hat Constanze M\u00fcller beim Weindorf-Treff versichert. Die Theaterleiterin des Apollo Theaters freut sich, dass sie nach dem 30-j\u00e4hrigen Erfolg von &#8222;Tanz der Vampire&#8220; nun 2027 auch eine Neuinszenierung des Musical-Klassikers an ihrem Haus begleiten darf. Dass sie k\u00fcrzlich Musical-Star Uwe Kr\u00f6ger in Stuttgart begr\u00fc\u00dfen durfte, erinnerte sie an eine ganz besondere Geschichte mit ihm vor 28 Jahren. <\/p>\n<p>Denn fast w\u00e4re Uwe Kr\u00f6ger bei der Geburt ihrer Tochter mit dabei gewesen. Eigentlich seien sie aber nur wegen seiner R\u00fcckenschmerzen ins Krankenhaus gefahren. Im Marienhospital wollte man dann aber erstmal die Hochschwangere verarzten. Aber alles lief gut &#8211; sowohl bei der Geburt irgendwann sp\u00e4ter und auch f\u00fcr den R\u00fccken von Uwe Kr\u00f6ger. Denn immerhin steht er jetzt bald wieder auf der B\u00fchne in Stuttgart &#8211; als Vater im Musical &amp; Julia.\u00a0<\/p>\n<p>Diese Promis kamen am Dienstag (25.8.) zum Weindorf-Treff 2026<\/p>\n<p>Treffen sich ein Schauspieler, ein Comedian, ein Arzt und ein Croupier &#8211; kein Witz, aber trotzdem wurde am Dienstagabend (25.8.) beim Weindorf-Treff gelacht. Das lag auch daran, dass Jochen Prang als Gewinner des Kleinkunstpreises Baden-W\u00fcrttemberg gute Gags im Gep\u00e4ck hatte. Geboren wurde er im Saarland, inzwischen lebt er in Stuttgart und kennt viele B\u00fchnen zwischen Bern und Berlin. Manuela Breitmayer aus Ammerbuch-Breitenholz (Kreis T\u00fcbingen) ist Weinprinzessin und folgte am Dienstag auf ihre Kollegin, die W\u00fcrttemberger Weink\u00f6nigin Natalie Sch\u00e4fter aus Bretzfeld (Hohenlohekreis), die am Montag zu Gast war.<\/p>\n<p>Diese Promis kamen am Montag (24.8.) zum Weindorf-Treff 2026<\/p>\n<p>Den Anfang machten am Montag (24.8.) die Rapper &#8222;Junge Arbeiter&#8220;. Mit ihrer Hymne \u00fcber Stuttgart hatten sie auf sich aufmerksam gemacht. <a href=\"https:\/\/www.swr.de\/swraktuell\/baden-wuerttemberg\/stuttgart\/junge-arbeiter-rapper-hiphop-musik-100.html\" class=\"link link-inline inline-link\" title=\"Hip-Hop aus Stuttgart - &quot;Junge Arbeiter&quot;: Wie es ein Rap-Kollektiv ins Stuttgarter Rathaus geschafft hat\" rel=\"nofollow noopener\" target=\"_blank\">Das brachte ihnen auch eine Einladung ins Stuttgarter Rathaus und ein Treffen mit Oberb\u00fcrgermeister Frank Nopper (CDU) ein.<\/a> <\/p>\n<p>In das Musikvideo der &#8222;Jungen Arbeiter&#8220; hatte es neben Nopper auch Angela Br\u00e4ndle-Arndt geschafft, die vielen als &#8222;VfB-Oma&#8220; besser bekannt sein d\u00fcrfte. <a href=\"https:\/\/www.swr.de\/heimat\/stuttgart\/vfb-oma-102.html\" class=\"link link-inline inline-link\" title=\"\u201eBl\u00f6der Hund\u201d \u2013 Wie Angelika zu einem Internet-Ph\u00e4nomen wurde\" rel=\"nofollow noopener\" target=\"_blank\">Geboren wurde sie in Bayern, doch inzwischen ist sie mit ganzem Herzen Schw\u00e4bin, wie sie dem SWR erz\u00e4hlte.<\/a> Das Moderatoren-Duo Diana H\u00f6rger und Tom H\u00f6rner wollte von ihr beim Weindorf-Treff wissen, wo sie den VfB Stuttgart in dieser Saison sieht. <\/p>\n<p>Schauspielerin Monika Hirschle kann in Sachen Mundart mindestens mit der &#8222;VfB-Oma&#8220;-Angelika Br\u00e4ndle-Arndt mithalten: Hirschle wurde f\u00fcr ihre Verdienste um die schw\u00e4bische Mundart k\u00fcrzlich sogar ausgezeichnet. F\u00fcr die geb\u00fcrtige Stuttgarterin war der Besuch des Weindorf-Treffs am Montag sozusagen ein Heimspiel. Und beim Weindorf-Treff darf nat\u00fcrlich auch sie nicht fehlen: Natalie Sch\u00e4fter aus Bretzfeld (Hohenlohekreis), die W\u00fcrttemberger Weink\u00f6nigin.<\/p>\n<p>Affalterbach<\/p>\n<p><a href=\"https:\/\/www.swr.de\/heimat\/stuttgart\/vfb-oma-102.html\" class=\"teasertracking clickzone link\" role=\"presentation\" tabindex=\"-1\" rel=\"nofollow noopener\" target=\"_blank\"><\/p>\n<p><img src=\"https:\/\/www.europesays.com\/de\/wp-content\/uploads\/2026\/09\/1712935485318,vfb-oma-100~_v-1x1@2dXS_-9a91314e681c924f29ec89ca45e4e12f5b1d728e.png\"   class=\"\" data-copyright=\"Foto: SWR\" alt=\"Angelika Brendle tr\u00e4gt ein VfB Stuttgart Trikot\" width=\"320\" height=\"320\" loading=\"lazy\" decoding=\"async\"\/><\/p>\n<p><\/a><\/p>\n<p><a href=\"https:\/\/www.swr.de\/heimat\/stuttgart\/vfb-oma-102.html\" class=\"teasertracking clickzone link\" rel=\"nofollow noopener\" target=\"_blank\"><br \/>\n\u201eBl\u00f6der Hund\u201d \u2013 Wie Angelika zu einem Internet-Ph\u00e4nomen wurde<br \/>\n<\/a><\/p>\n<p><a href=\"https:\/\/www.swr.de\/heimat\/stuttgart\/vfb-oma-102.html\" class=\"teasertracking clickzone link\" rel=\"nofollow noopener\" target=\"_blank\"><\/p>\n<p>Emotionale Ausbr\u00fcche unter Fu\u00dfball-Fans sind keine Seltenheit. Dass sie einen aber zu kleinen Internet-Stars machen, schon. Genau das ist Angelika aus Affalterbach passiert. Die Geschichte hinter dem viralen Hit hat sie uns erz\u00e4hlt.\n<\/p>\n<p><\/a><\/p>\n<p>Auch Schauspieler Felician Hohnloser war zu Gast. Vielen d\u00fcrfte besonders seine Rolle in der Freiburger Tatort-Folge &#8222;Der Reini&#8220; in Erinnerung geblieben sein. Darin spielt er Reinhard, den naiven j\u00fcngeren Bruder von Kommissar Friedemann Berg (Hans-Jochen Wagner). <a href=\"https:\/\/www.filmmakers.eu\/de\/actors\/felician-hohnloser\/video\/single\/468080\" class=\"link link-inline inline-link\" title=\"Felician Hohnloser im &quot;Tatort&quot;\" target=\"_blank\" rel=\"external noopener noreferrer nofollow\" data-pjax=\"0\">Doch auch im Stuttgarter &#8222;Tatort&#8220; des SWR spielte er 2024 in der Folge &#8222;Verblendung&#8220; mit.<\/a> Erg\u00e4nzt wurde die Runde am Dienstag zum einen von Georg Barinov: Der Mann aus St. Petersburg ist nicht nur K\u00fcnstler, sondern auch Arzt in der Unfallchirurgie. Zum anderen von Robin Stepanek von der Spielhalle Stuttgart. Der Croupier konnte viel erz\u00e4hlen \u00fcber die Welt der Casinos. <\/p>\n<p>Unsere Artikel gezielt bei Google anzeigen lassen<\/p>\n<p>Wenn Sie bei Google nach Informationen suchen, werden Ihnen bestimmte Nachrichten in der sogenannten Schlagzeilen-Box angezeigt. Welche das sind, k\u00f6nnen Sie jetzt direkt mitbestimmen.<\/p>\n<p>Wenn Sie SWR Aktuell als bevorzugte Quelle hinterlegen, bekommen Sie unsere Inhalte auch \u00f6fter ausgespielt. Wie das genau geht, erkl\u00e4ren wir Ihnen <a href=\"https:\/\/www.swr.de\/home\/swr-bevorzugte-quelle-google-100.html\" class=\"link link-inline inline-link\" title=\"Immer top informiert sein - Jetzt SWR als &quot;Bevorzugte Quelle&quot; bei Google hinzuf\u00fcgen\" rel=\"nofollow noopener\" target=\"_blank\">hier<\/a>.<\/p>\n<p>\u2192 Hier k\u00f6nnen Sie <a href=\"https:\/\/1.ard.de\/preferedsources\" class=\"link link-inline inline-link\" title=\"Google\" target=\"_blank\" rel=\"noopener nofollow\" data-pjax=\"0\">SWR Aktuell als Ihre bevorzugte Quelle einstellen<\/a>.<\/p>\n","protected":false},"excerpt":{"rendered":"In Stuttgart ist am Montag der traditionelle Weindorf-Treff zu Ende gegangen. Auch diesmal trafen SWR Aktuell-Moderatorin Diana H\u00f6rger&hellip;\n","protected":false},"author":2,"featured_media":1274648,"comment_status":"","ping_status":"","sticky":false,"template":"","format":"standard","meta":{"footnotes":"","_share_on_mastodon":"0"},"categories":[1830],"tags":[1634,3364,29,30,1441],"class_list":["post-1274647","post","type-post","status-publish","format-standard","has-post-thumbnail","category-stuttgart","tag-baden-wuerttemberg","tag-de","tag-deutschland","tag-germany","tag-stuttgart"],"share_on_mastodon":{"url":"","error":""},"_links":{"self":[{"href":"https:\/\/www.europesays.com\/de\/wp-json\/wp\/v2\/posts\/1274647","targetHints":{"allow":["GET"]}}],"collection":[{"href":"https:\/\/www.europesays.com\/de\/wp-json\/wp\/v2\/posts"}],"about":[{"href":"https:\/\/www.europesays.com\/de\/wp-json\/wp\/v2\/types\/post"}],"author":[{"embeddable":true,"href":"https:\/\/www.europesays.com\/de\/wp-json\/wp\/v2\/users\/2"}],"replies":[{"embeddable":true,"href":"https:\/\/www.europesays.com\/de\/wp-json\/wp\/v2\/comments?post=1274647"}],"version-history":[{"count":0,"href":"https:\/\/www.europesays.com\/de\/wp-json\/wp\/v2\/posts\/1274647\/revisions"}],"wp:featuredmedia":[{"embeddable":true,"href":"https:\/\/www.europesays.com\/de\/wp-json\/wp\/v2\/media\/1274648"}],"wp:attachment":[{"href":"https:\/\/www.europesays.com\/de\/wp-json\/wp\/v2\/media?parent=1274647"}],"wp:term":[{"taxonomy":"category","embeddable":true,"href":"https:\/\/www.europesays.com\/de\/wp-json\/wp\/v2\/categories?post=1274647"},{"taxonomy":"post_tag","embeddable":true,"href":"https:\/\/www.europesays.com\/de\/wp-json\/wp\/v2\/tags?post=1274647"}],"curies":[{"name":"wp","href":"https:\/\/api.w.org\/{rel}","templated":true}]}}