{"id":1274649,"date":"2026-09-01T23:36:15","date_gmt":"2026-09-01T23:36:15","guid":{"rendered":"https:\/\/www.europesays.com\/de\/1274649\/"},"modified":"2026-09-01T23:36:15","modified_gmt":"2026-09-01T23:36:15","slug":"fuer-ueber-20-millionen-vfb-talent-chema-andres-nach-england-baden-wuerttemberg","status":"publish","type":"post","link":"https:\/\/www.europesays.com\/de\/1274649\/","title":{"rendered":"F\u00fcr \u00fcber 20 Millionen: VfB-Talent Chema Andr\u00e9s nach England &#8211; Baden-W\u00fcrttemberg"},"content":{"rendered":"<p>Stuttgart (dpa) &#8211; Der VfB Stuttgart hat im Endspurt des Transfer-Sommers noch Mittelfeld-Talent Chema Andr\u00e9s nach England abgegeben. Der 21-j\u00e4hrige Spanier wechselt zu Brighton &amp; Hove Albion in die Premier League, wie beide Clubs in der Nacht zu Mittwoch best\u00e4tigten. Er soll dem Fu\u00dfball-Bundesligisten eine Abl\u00f6sesumme von mehr als 20 Millionen einbringen, der VfB zudem eine Weiterverkaufsbeteiligung besitzen. Das berichteten Sky und der \u00abKicker\u00bb.<\/p>\n<p>Chema Andr\u00e9s war im Sommer 2025 aus<\/p>\n","protected":false},"excerpt":{"rendered":"Stuttgart (dpa) &#8211; Der VfB Stuttgart hat im Endspurt des Transfer-Sommers noch Mittelfeld-Talent Chema Andr\u00e9s nach England abgegeben.&hellip;\n","protected":false},"author":2,"featured_media":1274650,"comment_status":"","ping_status":"","sticky":false,"template":"","format":"standard","meta":{"footnotes":"","_share_on_mastodon":"0"},"categories":[1830],"tags":[1634,299,3364,29,3058,347,30,4823,265,1441,1288,2915],"class_list":["post-1274649","post","type-post","status-publish","format-standard","has-post-thumbnail","category-stuttgart","tag-baden-wuerttemberg","tag-bundesliga","tag-de","tag-deutschland","tag-england","tag-fussball","tag-germany","tag-meldung","tag-sport","tag-stuttgart","tag-transfers","tag-vfb-stuttgart"],"share_on_mastodon":{"url":"https:\/\/pubeurope.com\/@de\/117198414546928788","error":""},"_links":{"self":[{"href":"https:\/\/www.europesays.com\/de\/wp-json\/wp\/v2\/posts\/1274649","targetHints":{"allow":["GET"]}}],"collection":[{"href":"https:\/\/www.europesays.com\/de\/wp-json\/wp\/v2\/posts"}],"about":[{"href":"https:\/\/www.europesays.com\/de\/wp-json\/wp\/v2\/types\/post"}],"author":[{"embeddable":true,"href":"https:\/\/www.europesays.com\/de\/wp-json\/wp\/v2\/users\/2"}],"replies":[{"embeddable":true,"href":"https:\/\/www.europesays.com\/de\/wp-json\/wp\/v2\/comments?post=1274649"}],"version-history":[{"count":0,"href":"https:\/\/www.europesays.com\/de\/wp-json\/wp\/v2\/posts\/1274649\/revisions"}],"wp:featuredmedia":[{"embeddable":true,"href":"https:\/\/www.europesays.com\/de\/wp-json\/wp\/v2\/media\/1274650"}],"wp:attachment":[{"href":"https:\/\/www.europesays.com\/de\/wp-json\/wp\/v2\/media?parent=1274649"}],"wp:term":[{"taxonomy":"category","embeddable":true,"href":"https:\/\/www.europesays.com\/de\/wp-json\/wp\/v2\/categories?post=1274649"},{"taxonomy":"post_tag","embeddable":true,"href":"https:\/\/www.europesays.com\/de\/wp-json\/wp\/v2\/tags?post=1274649"}],"curies":[{"name":"wp","href":"https:\/\/api.w.org\/{rel}","templated":true}]}}