{"id":1274655,"date":"2026-09-01T23:39:17","date_gmt":"2026-09-01T23:39:17","guid":{"rendered":"https:\/\/www.europesays.com\/de\/1274655\/"},"modified":"2026-09-01T23:39:17","modified_gmt":"2026-09-01T23:39:17","slug":"wochentipps-musik-wandel-und-neue-perspektiven-in-koeln-und-der-region","status":"publish","type":"post","link":"https:\/\/www.europesays.com\/de\/1274655\/","title":{"rendered":"Wochentipps: Musik, Wandel und neue Perspektiven in K\u00f6ln und der Region"},"content":{"rendered":"<p>\t<a href=\"https:\/\/www.kirche-koeln.de\/wochentipps-musik-wandel-und-neue-perspektiven-in-koeln-und-der-region\/?print=pdf\" class=\"pdfprnt-button pdfprnt-button-pdf\" target=\"_blank\" rel=\"nofollow noopener\"><img decoding=\"async\" src=\"https:\/\/www.europesays.com\/de\/wp-content\/uploads\/2026\/07\/1783121297_528_pdf.png\" alt=\"image_pdf\" title=\"View PDF\"\/><\/a><a href=\"https:\/\/www.kirche-koeln.de\/wochentipps-musik-wandel-und-neue-perspektiven-in-koeln-und-der-region\/?print=print\" class=\"pdfprnt-button pdfprnt-button-print\" target=\"_blank\" rel=\"nofollow noopener\"><img decoding=\"async\" src=\"https:\/\/www.europesays.com\/de\/wp-content\/uploads\/2026\/07\/1783121298_782_print.png\" alt=\"image_print\" title=\"Print Content\"\/><\/a><\/p>\n<p data-pm-slice=\"1 1 []\">Diese Woche wird es musikalisch, gesellschaftlich und \u00fcberraschend vielseitig: In der Antoniterkirche treffen US-amerikanische Folksongs auf j\u00fcdische Klangtraditionen, w\u00e4hrend in Frechen die Frage im Mittelpunkt steht, wie Kirche im Wandel neue Gestalt gewinnen kann. Ukrainische K\u00fcnstlerinnen und K\u00fcnstler bringen in der Trinitatiskirche Werke aus ihrer Heimat und Europa zu Geh\u00f6r. Dazu laden ein Nachhaltigkeitsmarkt in Lechenich, ein stimmgewaltiger Konzertabend in der Stephanuskirche und ein besonderes Cembalo-Erlebnis in Westhoven zum Entdecken ein. Den Auftakt in die zweite Jahresh\u00e4lfte gibt au\u00dferdem die Melanchthon-Akademie mit B\u00fcchern, Brot und Gespr\u00e4chen \u00fcber das, was sich vielleicht nicht reparieren l\u00e4sst.<\/p>\n<p><b>\u201eLet my people go\u201c in der Antoniterkirche<\/b><\/p>\n<p>Folksongs aus den USA mit Reggie Harris und Rabbi Jonathan Kligler<br \/>Folksongs aus den USA stehen am Freitag, 4. September, 20.30 Uhr, in der Antoniterkirche, Schildergasse 57, auf dem Programm. Singer-Songwriter Reggie Harris tritt gemeinsam mit Rabbi Jonathan Kligler (Gitarre und Gesang) und Robert Bard (Kontrabass) auf. Das Konzert ist Teil des Festivals SHALOM-MUSIK.KOELN, das j\u00fcdische Musik in ihrer ganzen Vielfalt \u2013 von Klezmer und Folk bis zu Jazz und Klassik \u2013 an Spielorten in der ganzen Stadt erlebbar macht und den Austausch zwischen j\u00fcdischen und nichtj\u00fcdischen K\u00fcnstlerinnen und K\u00fcnstlern f\u00f6rdert. Der Eintritt ist frei. Weitere Informationen unter www.shalom-musik.koeln.<br \/><a href=\"https:\/\/www.antonitercitykirche.de\/\" target=\"_blank\" rel=\"noopener nofollow\"><b>www.antonitercitykirche.de<\/b><\/a><\/p>\n<p><b>Stiftungsforum zum Thema \u201eKirche im Wandel\u201c. <\/b><b>Pfarrer Dr. Birger Falcke ist zu Gast in Frechen<\/b><\/p>\n<p>\u201eWie kann Kirche in Zeiten des Wandels neue Gestalt gewinnen?\u201c Um diese Frage geht es beim n\u00e4chsten Stiftungsforum der Evangelischen Kirchengemeinde Frechen am Freitag, 4. September, 19.30 Uhr, im Gemeindesaal, Hauptstra\u00dfe 209. Pfarrer Dr. Birger Falcke, der in der Stabsstelle Transformation im Evangelischen Kirchenkreis Hamm t\u00e4tig ist, spricht dar\u00fcber, wie Krisen in der Kirchengeschichte immer wieder zur Entwicklung neuer Formen kirchlichen Lebens gef\u00fchrt haben und welche Bedeutung unterschiedlichen Gemeindemodellen im gegenw\u00e4rtigen Ver\u00e4nderungsprozess zukommt. Falcke arbeitet seit l\u00e4ngerem praktisch und theoretisch zu Fragen der Kirchenentwicklung, unter anderem in einem Probedienst als Dezernent f\u00fcr strategische Innovation der Evangelischen Kirche im Rheinland, und absolviert derzeit neben dem Pfarrdienst in Hamm eine Ausbildung zum Changemanager an der Akademie f\u00fcr Kirche und Diakonie. Im Anschluss an den Vortrag gibt es Gelegenheit zur Diskussion. Der Eintritt ist frei. Spenden f\u00fcr die Stiftung \u201eT\u00fcren zum N\u00e4chsten\u201c sind willkommen.<br \/><strong><a href=\"http:\/\/www.kirche-frechen.de\" rel=\"nofollow noopener\" target=\"_blank\">http:\/\/www.kirche-frechen.de<\/a><\/strong><\/p>\n<p><b>Matinee-Konzert in der Trinitatiskirche<\/b><\/p>\n<p>K\u00fcnstler aus der Ukraine mit Werken ukrainischer und europ\u00e4ischer Komponisten<br \/>Vier K\u00fcnstlerinnen und K\u00fcnstler aus der Ukraine gestalten am Sonntag, 6. September, 11 Uhr, ein Matinee-Konzert in der Trinitatiskirche, Filzengraben 4. Auf dem Programm stehen Werke verschiedener Komponisten, darunter auch St\u00fccke ukrainischer Komponisten. Volodymyr Milushkin (Bassbariton) beeindruckt mit seiner volumin\u00f6sen Stimme. Im zweiten Programmteil wird er von Julia Seckler (Odessa) am Klavier begleitet. Dar\u00fcber hinaus sind Oleh Kytskai (Violine) und Serhij Kovalov (Piano) zu h\u00f6ren. Der Eintritt ist frei, Spenden sind willkommen.<br \/><a href=\"https:\/\/www.trinitatiskirche-koeln.de\/\" target=\"_blank\" rel=\"noopener nofollow\"><b>www.trinitatiskirche-koeln.de<\/b><\/a><\/p>\n<p><b>Dritter Nachhaltigkeitsmarkt im Gemeindezentrum Lechenich<\/b><\/p>\n<p>Kellersch\u00e4tze, Upcycling und Selbstgemachtes sind im Angebot<br \/>Dingen ein zweites Leben zu geben \u2013 das ist die Idee hinter dem Nachhaltigkeitsmarkt, der am Sonntag, 6. September, 11 Uhr, zum dritten Mal im Evangelischen Gemeindezentrum Lechenich, An der Vogelrute 8, stattfindet. Hier wird Schn\u00e4ppchenj\u00e4gern eine bunte Auswahl angeboten: Kellersch\u00e4tze, Tr\u00f6deliges, Upcycling-Projekte und mit Liebe Selbstgemachtes warten auf neue Besitzerinnen und Besitzer. Auch das beliebte Bistro l\u00e4dt wieder ein, bei kleinen Snacks, Kuchen und Getr\u00e4nken zu verweilen.<br \/><a href=\"https:\/\/www.kirche-lechenich.de\/\" target=\"_blank\" rel=\"noopener nofollow\"><b>www.kirche-lechenich.de<\/b><\/a><\/p>\n<p><b>Junger Chor NRW zu Gast in der Stephanuskirche<\/b><\/p>\n<p>Konzert \u201eHeadlines\u201c. Der Junge Chor NRW pr\u00e4sentiert am Sonntag, 6. September, 17 Uhr, in der Stephanuskirche, Brehmstra\u00dfe 4\u20136, unter der Leitung von Anna Goeke-Paganetti das Konzertprogramm \u201eHeadlines\u201c. Das Konzert ist Teil der f\u00fcnfteiligen Konzertreihe \u201eAuftakte\u201c, in der der Chor in dieser Saison mit f\u00fcnf verschiedenen Dirigentinnen und Dirigenten auftritt. \u201eWas bewegt die Welt \u2013 und wie klingt das?\u201c Dieser Frage geht das Programm nach, indem \u00dcberschriften aus Zeitungen, Newslettern und Nachrichtendiensten als verbindende Elemente zwischen den Musikst\u00fccken fungieren und einen Dialog zwischen Gegenwart und Musik schaffen. Das Repertoire f\u00fchrt durch verschiedene Epochen und Klangwelten: Werke von Heinrich Sch\u00fctz, Claudio Monteverdi, Johann Sebastian Bach und Johannes Brahms treffen auf Kompositionen neuerer Zeit, etwa von Eric Whitacre und Kenneth Pelmear. Der Eintritt ist frei.<br \/><a href=\"https:\/\/www.ev-kirche-niehl-riehl.de\/\" target=\"_blank\" rel=\"noopener nofollow\"><b>www.ev-kirche-niehl-riehl.de<\/b><\/a><\/p>\n<p><b>Cembalokonzert in der Johanneskirche Westhoven<\/b><\/p>\n<p>Yuko Inoue und Ketil Haugsand spielen Bach und Couperin. An zwei historischen Tasteninstrumenten sind Yuko Inoue und Ketil Haugsand am Sonntag, 6. September, 18 Uhr, in der Johanneskirche Westhoven, Berliner Stra\u00dfe 5, zu erleben. Die Musikerin und der Musiker spielen abwechselnd\u00a0auf Cembalo und Fortepiano Werke von Johann Sebastian Bach, Wilhelm Friedemann Bach, Fran\u00e7ois Couperin und anderen Komponisten. Das Repertoire f\u00fcr zwei Cembali ist klein, daf\u00fcr umso interessanter und unterhaltsamer. Der Eintritt ist frei.<br \/><a href=\"https:\/\/www.kirche-porz.de\/\" target=\"_blank\" rel=\"noopener nofollow\"><b>www.kirche-porz.de<\/b><\/a><\/p>\n<p><b>\u201eBrot &amp; Buch &amp; Innenhof\u201c \u2013 Semesterer\u00f6ffnung der Melanchthon-Akademie<\/b><\/p>\n<p>Leitmotiv: \u201eAction speaks louder than words?!\u201c Die Melanchthon-Akademie er\u00f6ffnet ihr Programm f\u00fcr die zweite Jahresh\u00e4lfte am Montag, 7. September, 18 bis 21 Uhr, mit dem Format \u201eBrot &amp; Buch &amp; Innenhof\u201c auf dem Kart\u00e4usergel\u00e4nde, Kart\u00e4usergasse 7. Das gesamte Team zieht durch Ecken und Innenh\u00f6fe des Gel\u00e4ndes und stellt Lieblingsb\u00fccher zum Stichwort \u201eUn-reparierbar?\u201c vor: \u201eWas ist reparierbar \u2013 an unserer Welt, unserem Kontinent, unserer Stadt, unseren Seelen und Herzen?\u201c und \u201eWie gehen wir mit dem um, was sich der Reparatur entzieht?\u201c Aus den verschiedenen Perspektiven des Programms wollen die Mitarbeitenden diesen Fragen auf den Grund gehen und bei Brot und Getr\u00e4nken ins Gespr\u00e4ch kommen. Die Teilnahme ist kostenfrei. Das neue Halbjahresprogramm steht unter dem Leitmotiv \u201eAction speaks louder than words?!\u201c und r\u00fcckt Erfahrungsr\u00e4ume in den Mittelpunkt, in denen Theorie in gelebte Praxis \u00fcbergeht. Zu den Highlights z\u00e4hlen die EFI-Bildungswerkstatt f\u00fcr Menschen im nachberuflichen Leben (Dienstag, 6. Oktober), ein Workshop zu Qigong in der Trauerarbeit (Samstag, 7. November) sowie ein Angebot zum \u201eUn\/Doing Age\u201c, das Fragen des \u00c4lterwerdens k\u00f6rperbezogen erkundet (Samstag, 12. September). Au\u00dferdem spricht die Bundestagsabgeordnete Katrin G\u00f6ring-Eckardt am Freitag, 25. September, im K\u00f6lner Dom und tritt am Montag, 28. September, 18 Uhr, im Haus der Evangelischen Kirche in einen Dialog mit Abraham Lehrer, dem stellvertretenden Vorsitzenden des Zentralrates der Juden in Deutschland. Das neue Programm mit rund 300 Veranstaltungen ist online unter www.melanchthon-akademie.de einsehbar.<br \/>Anmeldung erforderlich, Tel: 0221 931 803 0, anmeldung@melanchthon-akademie.de<br \/><a href=\"https:\/\/www.melanchthon-akademie.de\/\" target=\"_blank\" rel=\"noopener nofollow\"><b>www.melanchthon-akademie.de<\/b><\/a><\/p>\n<p><a href=\"https:\/\/www.kirche-koeln.de\/wochentipps-musik-wandel-und-neue-perspektiven-in-koeln-und-der-region\/?print=pdf\" class=\"pdfprnt-button pdfprnt-button-pdf\" target=\"_blank\" rel=\"nofollow noopener\"><img decoding=\"async\" src=\"https:\/\/www.europesays.com\/de\/wp-content\/uploads\/2026\/07\/1783121297_528_pdf.png\" alt=\"image_pdf\" title=\"View PDF\"\/><\/a><a href=\"https:\/\/www.kirche-koeln.de\/wochentipps-musik-wandel-und-neue-perspektiven-in-koeln-und-der-region\/?print=print\" class=\"pdfprnt-button pdfprnt-button-print\" target=\"_blank\" rel=\"nofollow noopener\"><img decoding=\"async\" src=\"https:\/\/www.europesays.com\/de\/wp-content\/uploads\/2026\/07\/1783121298_782_print.png\" alt=\"image_print\" title=\"Print Content\"\/><\/a><\/p>\n<p>Text: APK<br \/>Foto(s): APK<\/p>\n","protected":false},"excerpt":{"rendered":"Diese Woche wird es musikalisch, gesellschaftlich und \u00fcberraschend vielseitig: In der Antoniterkirche treffen US-amerikanische Folksongs auf j\u00fcdische Klangtraditionen,&hellip;\n","protected":false},"author":2,"featured_media":1274656,"comment_status":"","ping_status":"","sticky":false,"template":"","format":"standard","meta":{"footnotes":"","_share_on_mastodon":"0"},"categories":[1828],"tags":[29,263118,30,125012,1420,263119,247412,263120,124545,263121,1209,263122,263123,203017],"class_list":["post-1274655","post","type-post","status-publish","format-standard","has-post-thumbnail","category-koeln","tag-deutschland","tag-evangelische-termine-koeln","tag-germany","tag-kirchliche-veranstaltungen-koeln","tag-koeln","tag-konzerte-in-koelner-kirchen","tag-kostenlose-konzerte-koeln","tag-kulturtermine-koeln","tag-melanchthon-akademie-veranstaltungen","tag-nachhaltigkeitsmarkt-lechenich","tag-nordrhein-westfalen","tag-veranstaltungen-in-der-region-koeln","tag-veranstaltungen-koeln-september-2026","tag-wochentipps-koeln"],"share_on_mastodon":{"url":"https:\/\/pubeurope.com\/@de\/117198428320250729","error":""},"_links":{"self":[{"href":"https:\/\/www.europesays.com\/de\/wp-json\/wp\/v2\/posts\/1274655","targetHints":{"allow":["GET"]}}],"collection":[{"href":"https:\/\/www.europesays.com\/de\/wp-json\/wp\/v2\/posts"}],"about":[{"href":"https:\/\/www.europesays.com\/de\/wp-json\/wp\/v2\/types\/post"}],"author":[{"embeddable":true,"href":"https:\/\/www.europesays.com\/de\/wp-json\/wp\/v2\/users\/2"}],"replies":[{"embeddable":true,"href":"https:\/\/www.europesays.com\/de\/wp-json\/wp\/v2\/comments?post=1274655"}],"version-history":[{"count":0,"href":"https:\/\/www.europesays.com\/de\/wp-json\/wp\/v2\/posts\/1274655\/revisions"}],"wp:featuredmedia":[{"embeddable":true,"href":"https:\/\/www.europesays.com\/de\/wp-json\/wp\/v2\/media\/1274656"}],"wp:attachment":[{"href":"https:\/\/www.europesays.com\/de\/wp-json\/wp\/v2\/media?parent=1274655"}],"wp:term":[{"taxonomy":"category","embeddable":true,"href":"https:\/\/www.europesays.com\/de\/wp-json\/wp\/v2\/categories?post=1274655"},{"taxonomy":"post_tag","embeddable":true,"href":"https:\/\/www.europesays.com\/de\/wp-json\/wp\/v2\/tags?post=1274655"}],"curies":[{"name":"wp","href":"https:\/\/api.w.org\/{rel}","templated":true}]}}