{"id":1274657,"date":"2026-09-01T23:40:22","date_gmt":"2026-09-01T23:40:22","guid":{"rendered":"https:\/\/www.europesays.com\/de\/1274657\/"},"modified":"2026-09-01T23:40:22","modified_gmt":"2026-09-01T23:40:22","slug":"transfer-ticker-borna-sosa-wechselt-von-crystal-palace-zum-1-fc-koeln","status":"publish","type":"post","link":"https:\/\/www.europesays.com\/de\/1274657\/","title":{"rendered":"Transfer-Ticker: Borna Sosa wechselt von Crystal Palace zum 1. FC K\u00f6ln"},"content":{"rendered":"<p>Transfer-TickerOffiziell: 1. FC K\u00f6ln leiht Borna Sosa aus<\/p>\n<p>Artikel anh\u00f6ren (01:07 min)<\/p>\n<p>01.09.2026 | 21:33 Uhr <\/p>\n<p class=\"Typography_text-default__P3otY Typography_weight-normal__pqUbH StorylineParagraph_p__4mkZU\">Der 1. FC K\u00f6ln hat Borna Sosa verpflichtet. Der 28 Jahre alte Linksverteidiger wechselt f\u00fcr die Saison 2026\/27 auf Leihbasis von Crystal Palace zum FC. Eine Kaufoption ist nicht Bestandteil der Vereinbarung. Wie zuletzt von Sky und im ntv-Transfer-Ticker berichtet, wurde der Last-Minute-Deal erst um 19.57 Uhr und damit drei Minuten vor dem Ende des Transferfensters abgeschlossen.<\/p>\n<p class=\"Typography_text-default__P3otY Typography_weight-normal__pqUbH StorylineParagraph_p__4mkZU\">Aufgrund des enormen Zeitdrucks absolvierte Sosa lediglich einen verk\u00fcrzten Medizincheck. Der kroatische Nationalspieler kennt die Bundesliga bereits bestens: Zwischen 2018 und 2023 bestritt er 115 Pflichtspiele f\u00fcr den VfB Stuttgart. Nach Stationen bei Ajax Amsterdam, dem FC Turin und Crystal Palace kehrt der offensivstarke Au\u00dfenverteidiger nun nach Deutschland zur\u00fcck.<\/p>\n<p>Verwendete Quelle: ntv.de<\/p>\n","protected":false},"excerpt":{"rendered":"Transfer-TickerOffiziell: 1. FC K\u00f6ln leiht Borna Sosa aus Artikel anh\u00f6ren (01:07 min) 01.09.2026 | 21:33 Uhr Der 1.&hellip;\n","protected":false},"author":2,"featured_media":1274658,"comment_status":"","ping_status":"","sticky":false,"template":"","format":"standard","meta":{"footnotes":"","_share_on_mastodon":"0"},"categories":[1828],"tags":[29,30,1420,1209],"class_list":["post-1274657","post","type-post","status-publish","format-standard","has-post-thumbnail","category-koeln","tag-deutschland","tag-germany","tag-koeln","tag-nordrhein-westfalen"],"share_on_mastodon":{"url":"https:\/\/pubeurope.com\/@de\/117198430323939196","error":""},"_links":{"self":[{"href":"https:\/\/www.europesays.com\/de\/wp-json\/wp\/v2\/posts\/1274657","targetHints":{"allow":["GET"]}}],"collection":[{"href":"https:\/\/www.europesays.com\/de\/wp-json\/wp\/v2\/posts"}],"about":[{"href":"https:\/\/www.europesays.com\/de\/wp-json\/wp\/v2\/types\/post"}],"author":[{"embeddable":true,"href":"https:\/\/www.europesays.com\/de\/wp-json\/wp\/v2\/users\/2"}],"replies":[{"embeddable":true,"href":"https:\/\/www.europesays.com\/de\/wp-json\/wp\/v2\/comments?post=1274657"}],"version-history":[{"count":0,"href":"https:\/\/www.europesays.com\/de\/wp-json\/wp\/v2\/posts\/1274657\/revisions"}],"wp:featuredmedia":[{"embeddable":true,"href":"https:\/\/www.europesays.com\/de\/wp-json\/wp\/v2\/media\/1274658"}],"wp:attachment":[{"href":"https:\/\/www.europesays.com\/de\/wp-json\/wp\/v2\/media?parent=1274657"}],"wp:term":[{"taxonomy":"category","embeddable":true,"href":"https:\/\/www.europesays.com\/de\/wp-json\/wp\/v2\/categories?post=1274657"},{"taxonomy":"post_tag","embeddable":true,"href":"https:\/\/www.europesays.com\/de\/wp-json\/wp\/v2\/tags?post=1274657"}],"curies":[{"name":"wp","href":"https:\/\/api.w.org\/{rel}","templated":true}]}}