{"id":1274661,"date":"2026-09-01T23:42:17","date_gmt":"2026-09-01T23:42:17","guid":{"rendered":"https:\/\/www.europesays.com\/de\/1274661\/"},"modified":"2026-09-01T23:42:17","modified_gmt":"2026-09-01T23:42:17","slug":"open-air-konzerten-am-koenigsplatz-muenchner-warten-vergeblich-auf-becherpfand","status":"publish","type":"post","link":"https:\/\/www.europesays.com\/de\/1274661\/","title":{"rendered":"Open-Air-Konzerten am K\u00f6nigsplatz: M\u00fcnchner warten vergeblich auf Becherpfand"},"content":{"rendered":"<p>Am monumentalen K\u00f6nigsplatz gibt es eine s\u00fcdliche Konzertatmosph\u00e4re. Doch: &#8222;Was l\u00e4uft hier schief?&#8220; Das fragen sich einige M\u00fcnchner, die Ende August zwei gro\u00dfe Open-Air-Shows am K\u00f6nigsplatz besucht haben.<\/p>\n<p>Fans von Geiger David Garrett (21. August) und von Nick Cave (23. August) warten nun seit zw\u00f6lf Tagen, beziehungsweise seit zehn Tagen, auf ihre Pfandr\u00fcckerstattung.<\/p>\n<p>Die AZ-Abonnenten Brigitte und Frank Ebeling hatten ihre David-Garrett-Konzertkarten \u00fcber die Zeitung gewonnen \u2013 und sich bereits letzte <a href=\"https:\/\/www.abendzeitung-muenchen.de\/muenchen\/drei-euro-pfand-keine-rueckzahlung-bis-jetzt-konzertgaeste-am-koenigsplatz-fuehlen-sich-betrogen-art-1154135\" target=\"_blank\" rel=\"noopener nofollow\" title=\"Drei Euro Pfand, keine R\u00fcckzahlung bis jetzt: Konzertg\u00e4ste am K\u00f6nigsplatz  f\u00fchlen sich betrogen\">Woche um ihr Pfandgeld f\u00fcr einen Becher Saftschorle betrogen gef\u00fchlt<\/a> (AZ berichtete).<\/p>\n<p>      <img decoding=\"async\" loading=\"lazy\" src=\"https:\/\/www.europesays.com\/de\/wp-content\/uploads\/2026\/09\/1736186_familie-ebeling_artikelbild-100proz_1GBLy0_zQNAur.jpg\" alt=\"Die AZ-Abonnenten Frank und Brigitte Ebeling beim David-Garrett-Konzert am K\u00f6nigsplatz.\" title=\"Die AZ-Abonnenten Frank und Brigitte Ebeling beim David-Garrett-Konzert am K\u00f6nigsplatz.\" width=\"812\" height=\"1083\"\/><\/p>\n<p>      Die AZ-Abonnenten Frank und Brigitte Ebeling beim David-Garrett-Konzert am K\u00f6nigsplatz.<br \/>\n      \u00a9 privat<\/p>\n<p>    Die AZ-Abonnenten Frank und Brigitte Ebeling beim David-Garrett-Konzert am K\u00f6nigsplatz.<\/p>\n<p>von privat <\/p>\n<p>&#8222;}&#8220;&gt; <\/p>\n<p>Am Dienstag, 1. September, haben sie das Pfandgeld immer noch nicht auf ihrem Konto zur\u00fcck: &#8222;Ich finde das sehr \u00e4rgerlich. Ich schaue jeden Tag auf meinem Kontoauszug und frage mich: Was machen die blo\u00df mit dem Geld?&#8220;, beschwert sich Brigitte Ebeling: &#8222;Zahlt endlich das Pfand zur\u00fcck!&#8220;, fordert sie.<\/p>\n<p>Es geht um die &#8222;seri\u00f6se Abwicklung&#8220;<\/p>\n<p>Der Frau geht es nicht um die drei Euro. Es geht ihr um eine seri\u00f6se Abwicklung des Becherpfands. Die M\u00fcnchnerin ist gelernte Kauffrau: &#8222;Das Kleinvieh kann sich summieren. Sind diese fehlenden Pfand-R\u00fcckbuchungen Einzelf\u00e4lle oder steckt System dahinter?&#8220;, wundert sie sich.<\/p>\n<p>Das Pfandsystem setzt der Gastro-Dienstleister um<\/p>\n<p>Ihr David-Garrett-Open-Air hatte die Firma Argo Konzerte aus W\u00fcrzburg veranstaltet. Die wiederum hat die Firma Kegel Impuls Event Service als Dienstleister f\u00fcr das gastronomische Angebot engagiert. &#8222;Das Pfandsystem wird vom Gastronomiedienstleister selbst umgesetzt&#8220;, best\u00e4tigt Argo Konzerte der AZ.<\/p>\n<p>Die hohen Preise am K\u00f6nigsplatz \u00e4rgern viele Besucher<\/p>\n<p>Viele Open-Air-Besucher der gro\u00dfen K\u00f6nigsplatz-Konzerte sind sowieso \u00fcber die hohen Preise dort erbost: Das Becherpfand sei &#8222;saftig&#8220;, mit drei Euro pro Plastik-Becher, ein Euro mehr als am <a href=\"https:\/\/www.abendzeitung-muenchen.de\/thema\/tollwood\/\" rel=\"nofollow noopener\" target=\"_blank\">Tollwood<\/a>.<\/p>\n<p>Und der Getr\u00e4nkepreis? Mit 7,50 Euro f\u00fcr 0,5 Liter Apfelschorle und 7,80 Euro f\u00fcr einen Becher <a href=\"https:\/\/www.abendzeitung-muenchen.de\/thema\/bier\/\" rel=\"nofollow noopener\" target=\"_blank\">Bier<\/a> sei der &#8222;v\u00f6llig \u00fcberteuert&#8220;, findet Brigitte Ebeling: &#8222;Man darf ja kein Getr\u00e4nk hineinnehmen. Man ist gen\u00f6tigt, vor Ort zu konsumieren. Auch deshalb sollten die Preise markt\u00fcblich sein&#8220;, findet Brigitte Ebeling. Mit ihrem Mann Frank habe sie festgestellt: &#8222;Die Getr\u00e4nkepreise sind wie auf der <a href=\"https:\/\/www.abendzeitung-muenchen.de\/muenchen\/oktoberfest\/\" rel=\"nofollow noopener\" target=\"_blank\">Wiesn<\/a>.&#8220;<\/p>\n<p>Wiesnpreise f\u00fcrs Bier<\/p>\n<p>Der gro\u00dfe Unterschied: &#8222;Auf dem Oktoberfest wird man bedient und steht nicht selbst in der Schlange und im Zelt kostet die Blasmusik nichts&#8220;, kritisiert eine unzufriedene Konzertg\u00e4ngerin die Gastro am K\u00f6nigsplatz gegen\u00fcber der AZ.<\/p>\n<p>      <img decoding=\"async\" loading=\"lazy\" src=\"https:\/\/www.europesays.com\/de\/wp-content\/uploads\/2026\/09\/1736185_becher_artikelbild-100proz_1GBLx__uBQWFk.jpg\" alt=\"Schwarzer Pfand-Becher bei Nick Cave am K\u00f6nigsplatz.\" title=\"Schwarzer Pfand-Becher bei Nick Cave am K\u00f6nigsplatz.\" width=\"690\" height=\"542\"\/><\/p>\n<p>      Schwarzer Pfand-Becher bei Nick Cave am K\u00f6nigsplatz.<br \/>\n      \u00a9 Guido Verstegen<\/p>\n<p>    Schwarzer Pfand-Becher bei Nick Cave am K\u00f6nigsplatz.<\/p>\n<p>von Guido Verstegen <\/p>\n<p>&#8222;}&#8220;&gt; <\/p>\n<p>Sicher ist: \u00dcber die Firma &#8222;Kegel Impuls Event Service&#8220; gab es bereits in einer anderen Stadt Beschwerden. Im Juni 2026 sind in Fulda, bei den gro\u00dfen Open-Air-Konzerten am Domplatz mit Peter Maffay, Konzertbesucher vor den Kopf gesto\u00dfen worden. Sie haben sich in der Presse beschwert, weil sie ihr Pfand nicht zur\u00fcckgebucht bekommen hatten. Nach &#8222;starken Verz\u00f6gerungen&#8220; (so die Fuldaer Zeitung) erhielten sie erst das Geld f\u00fcr die Becher zur\u00fcck. &#8222;Probleme mit der Bankabwicklung&#8220;, nannte die Kegel Impuls als Grund.<\/p>\n<p>Frank und Brigitte Ebeling halten die bis jetzt fehlende Pfandr\u00fcckzahlung f\u00fcr einen &#8222;Skandal&#8220;: &#8222;Ich habe einen ausgepr\u00e4gten Gerechtigkeitssinn&#8220;, sagt Brigitte Ebeling.<\/p>\n<p>Die Stadt M\u00fcnchen bekr\u00e4ftigt gegen\u00fcber der AZ, das <a href=\"https:\/\/www.abendzeitung-muenchen.de\/organisation\/kreisverwaltungsreferat\/\" rel=\"nofollow noopener\" target=\"_blank\">Kreisverwaltungsreferat<\/a> (KVR) nimmt die Beschwerden der Konzertbesucher vom K\u00f6nigsplatz ernst. Eine KVR-Sprecherin erkl\u00e4rt: &#8222;Der Kauf von Getr\u00e4nken inklusive Pfand ist eine privatrechtliche Angelegenheit zwischen Betreiber*in und Kundschaft&#8220;, so die Beh\u00f6rde: &#8222;Wir nehmen Ihre Anfrage aber zum Anlass, die Veranstalterin entsprechend daf\u00fcr zu sensibilisieren.&#8220;<\/p>\n<p>Kontaktadresse f\u00fcr Beschwerden zur Gutschrift<\/p>\n<p>M\u00fcnchner Open-Air-Besucher, die jetzt ihre Kontoausz\u00fcge kontrollieren, k\u00f6nnen sich bei Unregelm\u00e4\u00dfigkeiten beim Pfandeinnehmer melden. Nach den Problemen in Fulda hatte die Kegel Impuls eine Kontakttelefonnummer f\u00fcr R\u00fcckfragen zur Gutschrift eingerichtet. Die Mailadresse f\u00fcr Beschwerden ist: info@kegel-impuls.de<\/p>\n<p>&#8222;Jeder bekommt sein Geld zur\u00fcck, auch wenn es dauert&#8220;, sagt Firmeninhaber Helmut Kegel der AZ am Telefon. Zu einer Stellungnahme zum genauen Grund der fehlenden Pfandr\u00fcckzahlung bei einigen M\u00fcnchner Konzertbesuchern ist er am 1. September nicht bereit.<\/p>\n","protected":false},"excerpt":{"rendered":"Am monumentalen K\u00f6nigsplatz gibt es eine s\u00fcdliche Konzertatmosph\u00e4re. Doch: &#8222;Was l\u00e4uft hier schief?&#8220; Das fragen sich einige M\u00fcnchner,&hellip;\n","protected":false},"author":2,"featured_media":1274662,"comment_status":"","ping_status":"","sticky":false,"template":"","format":"standard","meta":{"footnotes":"","_share_on_mastodon":"0"},"categories":[1827],"tags":[772,85676,1483,162030,29,666,30,39311,1268,27442,23596,95181,8],"class_list":["post-1274661","post","type-post","status-publish","format-standard","has-post-thumbnail","category-muenchen","tag-bayern","tag-becherpfand","tag-betrug","tag-david-garrett","tag-deutschland","tag-geld","tag-germany","tag-koenigsplatz","tag-muenchen","tag-nick-cave","tag-open-air","tag-pfand","tag-top-meldungen"],"share_on_mastodon":{"url":"https:\/\/pubeurope.com\/@de\/117198439984942117","error":""},"_links":{"self":[{"href":"https:\/\/www.europesays.com\/de\/wp-json\/wp\/v2\/posts\/1274661","targetHints":{"allow":["GET"]}}],"collection":[{"href":"https:\/\/www.europesays.com\/de\/wp-json\/wp\/v2\/posts"}],"about":[{"href":"https:\/\/www.europesays.com\/de\/wp-json\/wp\/v2\/types\/post"}],"author":[{"embeddable":true,"href":"https:\/\/www.europesays.com\/de\/wp-json\/wp\/v2\/users\/2"}],"replies":[{"embeddable":true,"href":"https:\/\/www.europesays.com\/de\/wp-json\/wp\/v2\/comments?post=1274661"}],"version-history":[{"count":0,"href":"https:\/\/www.europesays.com\/de\/wp-json\/wp\/v2\/posts\/1274661\/revisions"}],"wp:featuredmedia":[{"embeddable":true,"href":"https:\/\/www.europesays.com\/de\/wp-json\/wp\/v2\/media\/1274662"}],"wp:attachment":[{"href":"https:\/\/www.europesays.com\/de\/wp-json\/wp\/v2\/media?parent=1274661"}],"wp:term":[{"taxonomy":"category","embeddable":true,"href":"https:\/\/www.europesays.com\/de\/wp-json\/wp\/v2\/categories?post=1274661"},{"taxonomy":"post_tag","embeddable":true,"href":"https:\/\/www.europesays.com\/de\/wp-json\/wp\/v2\/tags?post=1274661"}],"curies":[{"name":"wp","href":"https:\/\/api.w.org\/{rel}","templated":true}]}}