{"id":127467,"date":"2025-05-21T07:09:10","date_gmt":"2025-05-21T07:09:10","guid":{"rendered":"https:\/\/www.europesays.com\/de\/127467\/"},"modified":"2025-05-21T07:09:10","modified_gmt":"2025-05-21T07:09:10","slug":"hertha-bsc-fuer-den-aufstieg-hertha-hat-torschuetzenkoenig-im-visier-sport","status":"publish","type":"post","link":"https:\/\/www.europesays.com\/de\/127467\/","title":{"rendered":"Hertha BSC: F\u00fcr den Aufstieg! Hertha hat Torsch\u00fctzenk\u00f6nig im Visier | Sport"},"content":{"rendered":"<p><b>Mit drei Neuzug\u00e4ngen und vier wichtigen Vertragsverl\u00e4ngerungen hat Hertha BSC bereits ein Grundger\u00fcst f\u00fcr die neue Saison. Jetzt fehlt aber noch ein Knipser, der die Berliner mit vielen Toren in die 1. Liga ballert.<\/b><\/p>\n<p>Ein echter Neuner soll kommen \u2013 das hat Priorit\u00e4t! Doch das Geld ist knapp.<\/p>\n<p>Lesen Sie auch<\/p>\n<p><b>Nach BILD-Informationen haben die Berliner Fatih Kaya (25) im Visier, der in dieser Saison mit 20 Treffern Torsch\u00fctzenk\u00f6nig der 3. Liga wurde! Damit hat der Knipser \u00fcber ein Drittel aller Treffer seines Klubs SV Wehen Wiesbaden (Torverh\u00e4ltnis 59:60) erzielt.<\/b><\/p>\n<p>Kaya ist bei <a href=\"https:\/\/www.bild.de\/sport\/fussball\/hertha-bsc\/startseite-hertha-bsc-31074436.bild.html\" class=\"text-link\" target=\"_blank\" rel=\"noopener\">Hertha<\/a> kein Unbekannter. Trainer Stefan Leitl (47) arbeitete mit ihm bereits in Ingolstadt. Kapit\u00e4n und Abwehr-Boss Toni Leistner (34) kickte mit Kaya in Belgien bei VV St. Truiden. <\/p>\n<p><img decoding=\"async\" width=\"992\" height=\"649\" alt=\"Fatih Kaya (25) freut sich \u00fcber eines seiner 20 Tore in dieser Drittliga-Saison\" src=\"https:\/\/www.europesays.com\/de\/wp-content\/uploads\/2025\/05\/0117bbaaf2a9182c0b47bcfb87eb8ac3,30e1a63e\"   class=\"dynamic\" loading=\"lazy\"\/><\/p>\n<p class=\"fig__caption__text\">Fatih Kaya (25) freut sich \u00fcber eines seiner 20 Tore in dieser Drittliga-Saison<\/p>\n<p>Foto: Getty Images for DFB<\/p>\n<p>Der Mittelst\u00fcrmer hat einen exzellenten Torriecher, geht gerne in die Tiefe und macht mit guter Technik auch die B\u00e4lle fest. Kaya steht in Wiesbaden bis 2027 unter Vertrag, w\u00fcrde dank einer Ausstiegsklausel f\u00fcr Hertha eine Abl\u00f6se im mittleren, sechsstelligen Bereich kosten.<\/p>\n<p>Torsch\u00fctzenk\u00f6nig Fatih Kaya hat in Wiesbaden eine Ausstiegsklausel<\/p>\n<p><b>Neben den Blau-Wei\u00dfen sollen sich zuletzt auch Fortuna D\u00fcsseldorf und der KSC nach dem Torsch\u00fctzenk\u00f6nig erkundigt haben, der sich den Weg von Benedict Hollerbach (24) zum gro\u00dfen Ziel gemacht hat. Hollerbach st\u00fcrmte bis Sommer 2023 f\u00fcr den SV Wehen Wiesbaden in der Drittklassigkeit, ballerte in den Aufstiegsspielen zur 2. Liga Arminia Bielefeld ab und wurde von Bundesligist 1. FC Union verpflichtet.<\/b><\/p>\n<p>Bundesliga mit K\u00f6ln?: Podolski spricht offen \u00fcber seine Zukunft<a href=\"https:\/\/www.bild.de\/sport\/fussball\/bundesliga-mit-koeln-podolski-spricht-offen-ueber-seine-zukunft-682c46cfedb69e10df695aa9\" class=\"anchor\" target=\"_blank\" rel=\"noopener\"><img decoding=\"async\" width=\"992\" height=\"558\" alt=\"Teaser-Bild\" src=\"https:\/\/www.europesays.com\/de\/wp-content\/uploads\/2025\/05\/75f5b65e77441a4ca4a1759cf8fb6e16-landscape,bb9c7a03\"   class=\"landscape teaser__image\" loading=\"lazy\"\/><\/a><\/p>\n<p>Quelle: BILD20.05.2025<\/p>\n<p><b>Wer schnappt sich jetzt Kaya?<\/b><\/p>\n<p>Bei Hertha ist er einer von mehreren Kandidaten im Sturmzentrum, \u00fcber die BILD berichtet hatte.  Die R\u00fcckkehr von Haris Tabakovic (30\/Hoffenheim) scheint in Berlin aus Kostengr\u00fcnden vom Tisch zu sein, nachdem die klamme Hertha j\u00fcngst viel Geld in die Vertragsverl\u00e4ngerung von Top-Star Fabian Reese (27) bis 2030 investiert hat. <\/p>\n<p>Der Ulmer Semir Telalovic (25\/12 Tore) scheint N\u00fcrnberg zu favorisieren. Bochums Philipp Hofmann (32) muss sich nach einer Not-Operation (Lungen-Kollaps) auskurieren, kostet zudem Abl\u00f6se (Marktwert: 1,5 Mio. Euro).<\/p>\n<p><b>Holt sich Hertha nun Torsch\u00fctzenk\u00f6nig Kaya?<\/b><\/p>\n","protected":false},"excerpt":{"rendered":"Mit drei Neuzug\u00e4ngen und vier wichtigen Vertragsverl\u00e4ngerungen hat Hertha BSC bereits ein Grundger\u00fcst f\u00fcr die neue Saison. Jetzt&hellip;\n","protected":false},"author":2,"featured_media":127468,"comment_status":"","ping_status":"","sticky":false,"template":"","format":"standard","meta":{"footnotes":""},"categories":[136],"tags":[29,996,538,30,1088,265,806,819,22506,45,784],"class_list":{"0":"post-127467","1":"post","2":"type-post","3":"status-publish","4":"format-standard","5":"has-post-thumbnail","7":"category-sport","8":"tag-deutschland","9":"tag-dritte-liga","10":"tag-erste-bundesliga","11":"tag-germany","12":"tag-hertha-bsc","13":"tag-sport","14":"tag-sport-leuchtturm-berlin","15":"tag-sport-leuchtturm-essen","16":"tag-sv-wehen-wiesbaden","17":"tag-texttospeech","18":"tag-zweite-bundesliga"},"share_on_mastodon":{"url":"https:\/\/pubeurope.com\/@de\/114544572276953153","error":""},"_links":{"self":[{"href":"https:\/\/www.europesays.com\/de\/wp-json\/wp\/v2\/posts\/127467","targetHints":{"allow":["GET"]}}],"collection":[{"href":"https:\/\/www.europesays.com\/de\/wp-json\/wp\/v2\/posts"}],"about":[{"href":"https:\/\/www.europesays.com\/de\/wp-json\/wp\/v2\/types\/post"}],"author":[{"embeddable":true,"href":"https:\/\/www.europesays.com\/de\/wp-json\/wp\/v2\/users\/2"}],"replies":[{"embeddable":true,"href":"https:\/\/www.europesays.com\/de\/wp-json\/wp\/v2\/comments?post=127467"}],"version-history":[{"count":0,"href":"https:\/\/www.europesays.com\/de\/wp-json\/wp\/v2\/posts\/127467\/revisions"}],"wp:featuredmedia":[{"embeddable":true,"href":"https:\/\/www.europesays.com\/de\/wp-json\/wp\/v2\/media\/127468"}],"wp:attachment":[{"href":"https:\/\/www.europesays.com\/de\/wp-json\/wp\/v2\/media?parent=127467"}],"wp:term":[{"taxonomy":"category","embeddable":true,"href":"https:\/\/www.europesays.com\/de\/wp-json\/wp\/v2\/categories?post=127467"},{"taxonomy":"post_tag","embeddable":true,"href":"https:\/\/www.europesays.com\/de\/wp-json\/wp\/v2\/tags?post=127467"}],"curies":[{"name":"wp","href":"https:\/\/api.w.org\/{rel}","templated":true}]}}