{"id":1274676,"date":"2026-09-01T23:51:23","date_gmt":"2026-09-01T23:51:23","guid":{"rendered":"https:\/\/www.europesays.com\/de\/1274676\/"},"modified":"2026-09-01T23:51:23","modified_gmt":"2026-09-01T23:51:23","slug":"berlin-schoeneberg-schuesse-aus-gruppe-26-jaehriger-schwer-verletzt-panorama","status":"publish","type":"post","link":"https:\/\/www.europesays.com\/de\/1274676\/","title":{"rendered":"Berlin-Sch\u00f6neberg &#8211; Sch\u00fcsse aus Gruppe \u2013 26-J\u00e4hriger schwer verletzt &#8211; Panorama"},"content":{"rendered":"<p data-manual=\"paragraph\" data-schema-org-speakable=\"true\" class=\"css-1eosz7k\"><a href=\"https:\/\/www.sueddeutsche.de\/thema\/Berlin\" rel=\"nofollow noopener\" target=\"_blank\">Berlin<\/a> (dpa\/bb) &#8211; Ein 26 Jahre alter Mann ist in Berlin-Sch\u00f6neberg angeschossen und schwer verletzt worden \u2013 eine Mordkommission ermittelt. Nach ersten Erkenntnissen sollen aus einer Personengruppe heraus mehrere Sch\u00fcsse auf den Mann abgegeben worden sein, teilte die Polizei mit. Er wurde in ein Krankenhaus gebracht, wo er notoperiert wird.\u00a0<\/p>\n<p>Plattform XDie SZ-Redaktion hat diesen Artikel mit einem Inhalt von Plattform X angereichert<\/p>\n<p class=\"css-kxe210\">Um Ihre Daten zu sch\u00fctzen, wurde er nicht ohne Ihre Zustimmung geladen.<\/p>\n<p>Inhalt jetzt laden<\/p>\n<p class=\"css-orh8zx\">Ich bin damit einverstanden, dass mir Inhalte von Plattform X angezeigt werden. Damit werden personenbezogene Daten an den Betreiber des Portals zur Nutzungsanalyse \u00fcbermittelt. Mehr Informationen und eine Widerrufsm\u00f6glichkeit finden Sie unter\u00a0<a href=\"https:\/\/datenschutz.sueddeutsche.de\/sz\" class=\"css-lqefuc\" rel=\"nofollow noopener\" target=\"_blank\">sz.de\/datenschutz<\/a>.<\/p>\n<p data-manual=\"paragraph\" data-schema-org-speakable=\"true\" class=\"css-1eosz7k\">Die Einsatzkr\u00e4fte waren den Angaben zufolge gegen 20.20 Uhr in die Feurigstra\u00dfe alarmiert worden, weil Anwohner Sch\u00fcsse geh\u00f6rt hatten.<\/p>\n<p data-manual=\"paragraph\" data-schema-org-speakable=\"true\" class=\"css-1eosz7k\">\u00a9 dpa-infocom, dpa:260901-930-618342\/1<\/p>\n","protected":false},"excerpt":{"rendered":"Berlin (dpa\/bb) &#8211; Ein 26 Jahre alter Mann ist in Berlin-Sch\u00f6neberg angeschossen und schwer verletzt worden \u2013 eine&hellip;\n","protected":false},"author":2,"featured_media":1274677,"comment_status":"","ping_status":"","sticky":false,"template":"","format":"standard","meta":{"footnotes":"","_share_on_mastodon":"0"},"categories":[1825],"tags":[296,29,263124,30,1584,1974,149,4743],"class_list":["post-1274676","post","type-post","status-publish","format-standard","has-post-thumbnail","category-berlin","tag-berlin","tag-deutschland","tag-feurigstrasse","tag-germany","tag-kriminalitaet","tag-panorama","tag-sueddeutsche-zeitung","tag-waffen"],"share_on_mastodon":{"url":"https:\/\/pubeurope.com\/@de\/117198473551481631","error":""},"_links":{"self":[{"href":"https:\/\/www.europesays.com\/de\/wp-json\/wp\/v2\/posts\/1274676","targetHints":{"allow":["GET"]}}],"collection":[{"href":"https:\/\/www.europesays.com\/de\/wp-json\/wp\/v2\/posts"}],"about":[{"href":"https:\/\/www.europesays.com\/de\/wp-json\/wp\/v2\/types\/post"}],"author":[{"embeddable":true,"href":"https:\/\/www.europesays.com\/de\/wp-json\/wp\/v2\/users\/2"}],"replies":[{"embeddable":true,"href":"https:\/\/www.europesays.com\/de\/wp-json\/wp\/v2\/comments?post=1274676"}],"version-history":[{"count":0,"href":"https:\/\/www.europesays.com\/de\/wp-json\/wp\/v2\/posts\/1274676\/revisions"}],"wp:featuredmedia":[{"embeddable":true,"href":"https:\/\/www.europesays.com\/de\/wp-json\/wp\/v2\/media\/1274677"}],"wp:attachment":[{"href":"https:\/\/www.europesays.com\/de\/wp-json\/wp\/v2\/media?parent=1274676"}],"wp:term":[{"taxonomy":"category","embeddable":true,"href":"https:\/\/www.europesays.com\/de\/wp-json\/wp\/v2\/categories?post=1274676"},{"taxonomy":"post_tag","embeddable":true,"href":"https:\/\/www.europesays.com\/de\/wp-json\/wp\/v2\/tags?post=1274676"}],"curies":[{"name":"wp","href":"https:\/\/api.w.org\/{rel}","templated":true}]}}