{"id":1274690,"date":"2026-09-02T00:01:21","date_gmt":"2026-09-02T00:01:21","guid":{"rendered":"https:\/\/www.europesays.com\/de\/1274690\/"},"modified":"2026-09-02T00:01:21","modified_gmt":"2026-09-02T00:01:21","slug":"caro-daur-jubelt-deutschen-tennis-star-bei-den-us-open-weiter-sport","status":"publish","type":"post","link":"https:\/\/www.europesays.com\/de\/1274690\/","title":{"rendered":"Caro Daur jubelt deutschen Tennis-Star bei den US Open weiter | Sport"},"content":{"rendered":"<p><a class=\"skip-content skip-content--link\" href=\"#in-content-skip-link-target-v-0-0\">TTS-Player \u00fcberspringen\u21b5<\/a><a id=\"in-content-skip-link-target-v-0-0\" class=\"skip-content--target-link-hidden skip-content skip-content--target-link\" href=\"#in-content-skip-link-target-v-0-0\">Artikel weiterlesen<\/a><\/p>\n<p><b>Pflichtaufgabe erf\u00fcllt! Tennis-Sternchen <\/b><a href=\"https:\/\/www.bild.de\/sport\/mehr-sport\/eva-lys-ueber-hamburg-nie-gute-trainingsbase-gewesen-6a92edab34aac181d7097b43\" class=\"text-link\" rel=\"nofollow noopener\" target=\"_blank\"><b>Eva Lys<\/b><\/a><b> (24) steht in der 2. Runde der <\/b><a href=\"https:\/\/www.bild.de\/sport\/mehr-sport\/tennis\/home-23890462.bild.html\" class=\"text-link\" rel=\"nofollow noopener\" target=\"_blank\"><b>US Open<\/b><\/a><b>. Gegen Qualifikantin Gabriela Knutson (29) aus Tschechien gewinnt die Hamburgerin 6:3, 6:3. Nun trifft sie am Donnerstag auf die Russin Mirra Andreeva (19), die Nummer f\u00fcnf der Welt. \u201eIch bin nerv\u00f6s reingekommen, aber ich<\/b> <b>wusste , dass ich die bessere Spielerin bin und habe mich einfach auf das fokussiert , was ich im Training gemacht habe. Daher bin ich stolz auf mich und es war ein ganz, ganz besonderer Sieg f\u00fcr mich\u201c, sagt Lys.<\/b><\/p>\n<p>Im Match gegen Knutson, das auf keinem hohen Niveau steht, geht es f\u00fcr Lys darum, den Sturz aus den Top 100 zu vermeiden, ansonsten m\u00fcsste sie wohl bei den Australian Open im Januar wieder in die Qualifikation. Mit dem Sieg sollte dieses Vorhaben vorerst gelungen sein. Kurz vor Platz 100 wird Lys wohl am 14. September stehen.<\/p>\n<p><img decoding=\"async\" width=\"992\" height=\"1178\" alt=\"Model Caro Daur (31) bei den US Open in New York\" loading=\"lazy\" src=\"https:\/\/www.europesays.com\/de\/wp-content\/uploads\/2026\/09\/3da1c2f720bd346e4ca2eee139d8b346,7d739cfd.jpeg\"   class=\"portrait\"\/><\/p>\n<p class=\"fig__caption__text\">Model Caro Daur (31) bei den US Open in New York<\/p>\n<p>Foto: picture alliance\/abaca<\/p>\n<p>\u201eWenn man letztes Jahr die ganze Zeit so geil gespielt hat, dann h\u00e4ngt es einem auf jeden Fall im Nacken. Nicht nur der Druck von sich selbst, sondern auch der Druck von au\u00dfen. Ich glaube, in den letzten Matches bin ich physisch besser geworden\u201c, so Lys.<\/p>\n<p>Lys liegt in beiden S\u00e4tzen zur\u00fcck<\/p>\n<p>Zu Beginn der Partie hat die Deutsche gro\u00dfe Probleme und liegt schnell 0:2 zur\u00fcck. Dann wirkt sie jedoch konzentrierter und die Fehlerquote bei ihrer Gegnerin w\u00e4chst. Am Ende des Matches stehen mit 31 unerzwungenen Fehlern bei der Nummer 184 der Welt fast doppelt so viele in der Statistik wie bei Lys (16), die den ersten Satz 6:3 gewinnt. Bei Model Caro Daur (31), eng mit Lys befreundet und hinter ihren Eltern auf der Trib\u00fcne von Au\u00dfenplatz 6 sitzend, l\u00f6st sich die Anspannung. Sie jubelt fast schon frenetisch mit.<\/p>\n<p>Im zweiten Durchgang taucht pl\u00f6tzlich ein Knutson-Fanclub auf, der in den ersten Spielen f\u00fcr Stimmung sorgt. Das scheint die Au\u00dfenseiterin zu befl\u00fcgeln und sie liegt schnell 3:0 in Front. Danach verstimmt der Chor jedoch und der Trott aus dem ersten Satz schleicht sich wieder ein. Von Vater und Trainer Vladimir (50) l\u00e4sst sie sich einen neuen Schl\u00e4ger bringen und gibt fortan kein Spiel mehr ab.<\/p>\n<p><img decoding=\"async\" width=\"992\" height=\"558\" alt=\"Auch bei den Australian Open besuchte Model Caro Daur (l.) Freundin Eva Lys\" loading=\"lazy\" src=\"https:\/\/www.europesays.com\/de\/wp-content\/uploads\/2026\/09\/66f59fecec58f49e2a8940a71ddd31c5,c5931.jpeg\"   class=\"landscape\"\/><\/p>\n<p class=\"fig__caption__text\">Auch bei den Australian Open besuchte Model Caro Daur (l.) Freundin Eva Lys<\/p>\n<p>Foto: picture alliance\/dpa<\/p>\n<p>Schlie\u00dflich verwandelt Lys, die vor zwei Monaten nach Monte Carlo gezogen ist, ihren zweiten Matchball zum 6:3. Damit hat sie wie vor einem Jahr die erste Runde in Flushing Meadows \u00fcberstanden und verliert selbst bei einer Niederlage in der kommenden Runde keine Punkte. Denn: Dort war im vergangenen Jahr Schluss.<\/p>\n<p>Lys: \u201eIch habe die letzten Wochen sehr, sehr viel mit meinem Sportpsychologen gearbeitet, um endlich mal wieder rauszugehen und einfach das Tennis zu spielen, das ich mein ganzes Leben lang so sehr genossen habe. Ich will es wieder genie\u00dfen.\u201c<\/p>\n","protected":false},"excerpt":{"rendered":"TTS-Player \u00fcberspringen\u21b5Artikel weiterlesen Pflichtaufgabe erf\u00fcllt! Tennis-Sternchen Eva Lys (24) steht in der 2. Runde der US Open. Gegen&hellip;\n","protected":false},"author":2,"featured_media":1274691,"comment_status":"","ping_status":"","sticky":false,"template":"","format":"standard","meta":{"footnotes":"","_share_on_mastodon":"0"},"categories":[136],"tags":[168117,59911,29,17497,30,22181,17498,47780,265,806,4206,10331,64177,19031],"class_list":["post-1274690","post","type-post","status-publish","format-standard","has-post-thumbnail","category-sport","tag-andreeva-mirra","tag-daur-caroline","tag-deutschland","tag-dtb","tag-germany","tag-grand-slam-turniere","tag-kayser-sebastian","tag-lys-eva","tag-sport","tag-sport-leuchtturm-berlin","tag-tennis","tag-tennis-einzel","tag-us-open","tag-wta"],"share_on_mastodon":{"url":"https:\/\/pubeurope.com\/@de\/117198516122875800","error":""},"_links":{"self":[{"href":"https:\/\/www.europesays.com\/de\/wp-json\/wp\/v2\/posts\/1274690","targetHints":{"allow":["GET"]}}],"collection":[{"href":"https:\/\/www.europesays.com\/de\/wp-json\/wp\/v2\/posts"}],"about":[{"href":"https:\/\/www.europesays.com\/de\/wp-json\/wp\/v2\/types\/post"}],"author":[{"embeddable":true,"href":"https:\/\/www.europesays.com\/de\/wp-json\/wp\/v2\/users\/2"}],"replies":[{"embeddable":true,"href":"https:\/\/www.europesays.com\/de\/wp-json\/wp\/v2\/comments?post=1274690"}],"version-history":[{"count":0,"href":"https:\/\/www.europesays.com\/de\/wp-json\/wp\/v2\/posts\/1274690\/revisions"}],"wp:featuredmedia":[{"embeddable":true,"href":"https:\/\/www.europesays.com\/de\/wp-json\/wp\/v2\/media\/1274691"}],"wp:attachment":[{"href":"https:\/\/www.europesays.com\/de\/wp-json\/wp\/v2\/media?parent=1274690"}],"wp:term":[{"taxonomy":"category","embeddable":true,"href":"https:\/\/www.europesays.com\/de\/wp-json\/wp\/v2\/categories?post=1274690"},{"taxonomy":"post_tag","embeddable":true,"href":"https:\/\/www.europesays.com\/de\/wp-json\/wp\/v2\/tags?post=1274690"}],"curies":[{"name":"wp","href":"https:\/\/api.w.org\/{rel}","templated":true}]}}