{"id":1274704,"date":"2026-09-02T00:09:37","date_gmt":"2026-09-02T00:09:37","guid":{"rendered":"https:\/\/www.europesays.com\/de\/1274704\/"},"modified":"2026-09-02T00:09:37","modified_gmt":"2026-09-02T00:09:37","slug":"zeichen-gegen-militarisierung-am-weltfriedenstag-buendnis-linker-organisationen-protestiert-auf-den-strassen-von-halle-saale-du-bist-halle","status":"publish","type":"post","link":"https:\/\/www.europesays.com\/de\/1274704\/","title":{"rendered":"Zeichen gegen Militarisierung am Weltfriedenstag: B\u00fcndnis linker Organisationen protestiert auf den Stra\u00dfen von Halle (Saale) \u2013 Du bist Halle"},"content":{"rendered":"<p class=\"wp-block-paragraph\">Aus Anlass des internationalen Weltfriedenstags veranstaltete ein B\u00fcndnis verschiedener linker Organisationen am Dienstagabend eine Antikriegsdemonstration im Zentrum von Halle (Saale). Rund 50 Teilnehmende versammelten sich zu Beginn auf dem zentralen Riebeckplatz, um ein Zeichen gegen die aktuelle deutsche R\u00fcstungspolitik, weltweite Kriege und den Abbau von Sozialleistungen zu setzen. Zu dem Protest hatten sich unter anderem die Marxistisch-Leninistische Partei Deutschlands (MLPD), die Linksjugend Solid, der Jugendverband Rebell, das Friedensb\u00fcndnis Halle, die Internationalistische Liste sowie das Solidarit\u00e4tsnetzwerk und weitere linke Gruppierungen versammelt.<\/p>\n<p>Werbung<\/p>\n<p><a href=\"https:\/\/swh.de\/produkte\" target=\"_blank\" aria-label=\"swh-image-800\u00d7600-tuerme\" rel=\"nofollow noopener\"><img loading=\"lazy\" decoding=\"async\" src=\"https:\/\/www.europesays.com\/de\/wp-content\/uploads\/2026\/03\/swh-image-800x600-tuerme.png\" alt=\"\"   width=\"800\" height=\"600\"\/><\/a><\/p>\n<p class=\"wp-block-paragraph\"><strong>Lautstarker Demozug durch die Innenstadt<\/strong><\/p>\n<p class=\"wp-block-paragraph\">Nach den ersten Auftaktkundgebungen setzte sich die Demonstration in Richtung der halleschen Innenstadt in Bewegung. Die Demonstranten zogen mit Transparenten, Red-Flag-Symbolen und Schildern durch die Stra\u00dfen und verliehen ihren Forderungen mit zahlreichen, gemeinsam skandierten Parolen Nachdruck. So hallten Rufe wie \u201eFriedrich Merz an die Front\u201c, \u201eViva Palestina\u201c und \u201eJugend, Zukunft, Sozialismus\u201c durch die Fu\u00dfg\u00e4ngerzone. Die Teilnehmenden thematisierten dabei sowohl die geplante Wiedereinf\u00fchrung von Pflichtdiensten als auch die deutsche Au\u00dfen- und Sicherheitspolitik. Parolen wie \u201eDeutschland finanziert, Israel bombardiert\u201c, \u201eNie wieder Wehrpflicht\u201c und \u201eDie Reichen wollen Krieg, die Jugend eine Zukunft\u201c bildeten dabei den inhaltlichen Schwerpunkt. Zudem betonten die Demonstrierenden ihre strikte Ablehnung gegen\u00fcber der R\u00fcstungsindustrie mit Sprechch\u00f6ren wie \u201eHass wie noch nie, Feuer und Flamme der Kriegsindustrie\u201c.<\/p>\n<p class=\"wp-block-paragraph\"><strong>Scharfe Kritik an geplanter R\u00fcstungsfabrik in Sangerhausen<\/strong><\/p>\n<p class=\"wp-block-paragraph\">Inhaltlicher Schwerpunkt mehrerer Gastbeitr\u00e4ge war die Kritik an regionalen R\u00fcstungsprojekten in Sachsen-Anhalt. Ein Redner vor Ort kritisierte den beschleunigten Ausbau der Verteidigungsinfrastruktur im Bundesland scharf und verwies auf konkrete Pl\u00e4ne im Landkreis Mansfeld-S\u00fcdharz. \u201eDie Militarisierung Deutschlands ist in vollem Gange\u201c, warnte der Redner vor der Versammlung. So solle die Aufr\u00fcstung auch vor Sachsen-Anhalt keinen Halt machen, wo ein israelischer R\u00fcstungskonzern den Bau einer neuen Produktionsst\u00e4tte in Sangerhausen plant.<\/p>\n<p>Werbung<\/p>\n<p><a href=\"https:\/\/www.hallebwg.de\/\" target=\"_blank\" aria-label=\"DubistHalle 400 x 600 Gif BWG\" rel=\"nofollow noopener\"><img loading=\"lazy\" decoding=\"async\" src=\"https:\/\/www.europesays.com\/de\/wp-content\/uploads\/2026\/09\/DubistHalle-400-x-600-Gif-BWG.gif\" alt=\"\" width=\"800\" height=\"600\"\/><\/a><\/p>\n<p class=\"wp-block-paragraph\">F\u00fcr dieses Vorhaben sollen nach Angaben der Initiatoren wertvolle Natur- und Landwirtschaftsfl\u00e4chen geopfert werden. \u201eHochwertige Ackerfl\u00e4chen und eine Goldhamsterfamilie sollen dieser Kriegsindustrie weichen\u201c, hie\u00df es in der Rede weiter. Der Redner betonte die Risiken f\u00fcr die Bev\u00f6lkerung vor Ort und stellte fest: \u201eDeutschland r\u00fcstet f\u00fcr einen Weltkrieg auf und Arbeiter:Innen aus Sachsen-Anhalt sollen sich daran aktiv beteiligen.\u201c Sollte es zu einem gro\u00dfen kriegerischen Konflikt kommen, st\u00fcnden R\u00fcstungsstandorte und deren Belegschaften an vorderster Front. Zudem sei der geplante Investor als wichtiger Zulieferer der israelischen Streitkr\u00e4fte direkt mit den milit\u00e4rischen Handlungen im Gazastreifen verkn\u00fcpft. Der Redner stellte klar, dass der Protest erst dann enden werde, wenn das Ansiedlungsvorhaben endg\u00fcltig vom Tisch sei, und forderte stattdessen den konsequenten Aufbau ziviler und nachhaltiger Arbeitspl\u00e4tze.<\/p>\n<p class=\"wp-block-paragraph\"><strong>Kommunistische Jugend fordert Widerstand gegen das System<\/strong><\/p>\n<p class=\"wp-block-paragraph\">Noch deutlich sch\u00e4rfere Worte w\u00e4hlte eine Vertreterin der Kommunistischen Jugend in ihrem Beitrag. Sie griff die politische F\u00fchrung des Landes direkt an und warf den Entscheidungstr\u00e4gern vor, die j\u00fcngere Generation f\u00fcr wirtschaftliche und strategische Interessen zu opfern. \u201eDie Kapitalisten und Politbonzen sehen uns Jugendliche als Kanonenfutter an\u201c, erkl\u00e4rte die Rednerin. \u201eSie wollen uns in den Tod schicken und bereiten sich auf einen dritten Weltkrieg vor.\u201c<\/p>\n<p class=\"wp-block-paragraph\">Aus ihrer Sicht reiche rein pazifistischer Protest nicht aus, um kriegerische Auseinandersetzungen dauerhaft zu unterbinden. Wer f\u00fcr echten Frieden eintreten wolle, \u201emuss diesem ausbeuterischen Dreckssystem den Kampf ansagen und das Gewehr, das sie einem geben, umdrehen und nach oben richten. Erst wenn die Kapitalisten nicht mehr \u00fcber uns herrschen, k\u00f6nnen wir Frieden schaffen.\u201c Abschlie\u00dfend forderte sie die Anwesenden zu aktiven Gegenma\u00dfnahmen auf: \u201eWenn wir Kriege bek\u00e4mpfen wollen, m\u00fcssen wir schon heute eine militante Praxis entwickeln.\u201c Es sei notwendig, den Verantwortlichen in Wirtschaft und Politik gezielt Steine in den Weg zu legen und die Erfolgschancen des deutschen Imperialismus konsequent zu sabotieren.<\/p>\n<p><video height=\"478\" style=\"aspect-ratio: 848 \/ 478;\" width=\"848\" controls=\"\" src=\"https:\/\/dubisthalle.de\/wp-content\/uploads\/2026\/09\/WhatsApp-Video-2026-09-01-at-22.39.04.mp4\"\/><\/p>\n<p>Werbung<\/p>\n<p><a href=\"https:\/\/www.asb-halle-bitterfeld.de\/asb-halle-bitterfeld\/news\/kita-schlumpfhausen\" target=\"_blank\" aria-label=\"kita schlumpfhausen\" rel=\"nofollow noopener\"><img loading=\"lazy\" decoding=\"async\" src=\"https:\/\/www.europesays.com\/de\/wp-content\/uploads\/2026\/06\/kita-schlumpfhausen.jpg\" alt=\"\"   width=\"1700\" height=\"802\"\/><\/a>          <\/p>\n","protected":false},"excerpt":{"rendered":"Aus Anlass des internationalen Weltfriedenstags veranstaltete ein B\u00fcndnis verschiedener linker Organisationen am Dienstagabend eine Antikriegsdemonstration im Zentrum von&hellip;\n","protected":false},"author":2,"featured_media":878772,"comment_status":"","ping_status":"","sticky":false,"template":"","format":"standard","meta":{"footnotes":"","_share_on_mastodon":"0"},"categories":[1860],"tags":[3364,29,548,663,3934,30,4062,17332,13,14,15,17331,860,12],"class_list":["post-1274704","post","type-post","status-publish","format-standard","has-post-thumbnail","category-halle-saale","tag-de","tag-deutschland","tag-eu","tag-europa","tag-europe","tag-germany","tag-halle","tag-halle-saale","tag-headlines","tag-nachrichten","tag-news","tag-saale","tag-sachsen-anhalt","tag-schlagzeilen"],"share_on_mastodon":{"url":"https:\/\/pubeurope.com\/@de\/117198546044499545","error":""},"_links":{"self":[{"href":"https:\/\/www.europesays.com\/de\/wp-json\/wp\/v2\/posts\/1274704","targetHints":{"allow":["GET"]}}],"collection":[{"href":"https:\/\/www.europesays.com\/de\/wp-json\/wp\/v2\/posts"}],"about":[{"href":"https:\/\/www.europesays.com\/de\/wp-json\/wp\/v2\/types\/post"}],"author":[{"embeddable":true,"href":"https:\/\/www.europesays.com\/de\/wp-json\/wp\/v2\/users\/2"}],"replies":[{"embeddable":true,"href":"https:\/\/www.europesays.com\/de\/wp-json\/wp\/v2\/comments?post=1274704"}],"version-history":[{"count":0,"href":"https:\/\/www.europesays.com\/de\/wp-json\/wp\/v2\/posts\/1274704\/revisions"}],"wp:featuredmedia":[{"embeddable":true,"href":"https:\/\/www.europesays.com\/de\/wp-json\/wp\/v2\/media\/878772"}],"wp:attachment":[{"href":"https:\/\/www.europesays.com\/de\/wp-json\/wp\/v2\/media?parent=1274704"}],"wp:term":[{"taxonomy":"category","embeddable":true,"href":"https:\/\/www.europesays.com\/de\/wp-json\/wp\/v2\/categories?post=1274704"},{"taxonomy":"post_tag","embeddable":true,"href":"https:\/\/www.europesays.com\/de\/wp-json\/wp\/v2\/tags?post=1274704"}],"curies":[{"name":"wp","href":"https:\/\/api.w.org\/{rel}","templated":true}]}}