{"id":1274705,"date":"2026-09-02T00:11:34","date_gmt":"2026-09-02T00:11:34","guid":{"rendered":"https:\/\/www.europesays.com\/de\/1274705\/"},"modified":"2026-09-02T00:11:34","modified_gmt":"2026-09-02T00:11:34","slug":"digitale-kompetenzen-fuer-den-berufsalltag","status":"publish","type":"post","link":"https:\/\/www.europesays.com\/de\/1274705\/","title":{"rendered":"Digitale Kompetenzen f\u00fcr den Berufsalltag"},"content":{"rendered":"<p> Pressemitteilung<\/p>\n<p><a href=\"https:\/\/filmpost.de\/javascript:;\" data-fancybox-trigger=\"galleryfipo\" rel=\"nofollow noopener\" target=\"_blank\"><br \/>\n<img decoding=\"async\" src=\"https:\/\/www.europesays.com\/de\/wp-content\/uploads\/2026\/09\/37332_Die_VHS_in_Eschweiler_stellt_neue_Angebote_vor._Filmpost.3437a9ba.jpg\" longdesc=\"\" alt=\"Die VHS in Eschweiler stellt neue Angebote vor. - Foto Filmpost - \" title=\"Die VHS in Eschweiler stellt neue Angebote vor. - Foto Filmpost - \"\/><br \/>\n<\/a><\/p>\n<p class=\"MsoPlainText\"><strong>vhs Eschweiler: <\/strong>Ein Schwerpunkt des neuen Programms liegt auf digitalen Kompetenzen, die heute in nahezu jedem Beruf ben\u00f6tigt werden.<br \/>Das Angebot reicht von Word, Excel und PowerPoint \u00fcber LibreOffice bis zur vernetzten Arbeit mit Microsoft 365. Dabei k\u00f6nnen sowohl Einsteiger*innen als auch Teilnehmende mit Vorkenntnissen ihre F\u00e4higkeiten praxisnah erweitern.<\/p>\n<p>&#13;<\/p>\n<p class=\"MsoPlainText\"><strong>K\u00fcnstliche Intelligenz sinnvoll einsetzen<\/strong><br \/>Auch der Einsatz K\u00fcnstlicher Intelligenz im Berufsalltag wird aufgegriffen.<br \/>Kurse zu ChatGPT und Microsoft Copilot zeigen, wie KI bei der Texterstellung, der Ideenfindung, der Datenaufbereitung oder bei wiederkehrenden Aufgaben unterst\u00fctzen kann.<br \/>Neben den M\u00f6glichkeiten werden dabei auch die Grenzen und Risiken der neuen Technologien betrachtet.<br \/>Rhetorik, Kommunikation und Qualifizierung<br \/>Wer im Beruf \u00fcberzeugender auftreten und auch in schwierigen Gespr\u00e4chssituationen sicher reagieren m\u00f6chte, findet Angebote zu Rhetorik, Kommunikation und Schlagfertigkeit.<br \/>Erg\u00e4nzt wird das Programm durch berufsqualifizierende Lehrg\u00e4nge \u2013 unter anderem f\u00fcr Besch\u00e4ftigte an weiterf\u00fchrenden Schulen und Weiterbildungseinrichtungen sowie f\u00fcr Menschen, die sich f\u00fcr den Einsatz auf Fachkraftstunden in Kindertageseinrichtungen qualifizieren m\u00f6chten.<\/p>\n<p>&#13;<\/p>\n<p class=\"MsoPlainText\"><strong>Bildungsurlaub zur intensiven Weiterbildung<\/strong><br \/>Mehrt\u00e4gige Bildungsurlaube bieten dar\u00fcber hinaus die M\u00f6glichkeit, sich intensiv mit digitalen Arbeitsabl\u00e4ufen oder mit Kommunikation und Rhetorik auseinanderzusetzen.<br \/>Arbeitnehmer*innen k\u00f6nnen daf\u00fcr unter bestimmten Voraussetzungen eine Freistellung nach dem Arbeitnehmerweiterbildungsgesetz NRW beantragen.<br \/>Vielf\u00e4ltige Angebote f\u00fcr die berufliche Zukunft<br \/>Das Programm zeigt: Berufliche Weiterbildung kann ganz unterschiedlich aussehen \u2013 vom ersten Beratungsgespr\u00e4ch \u00fcber einen kompakten Abendkurs bis hin zu einer umfassenden Qualifizierung.<br \/>Wer neugierig geworden ist, findet alle Veranstaltungen, Termine, Teilnahmevoraussetzungen und Anmeldem\u00f6glichkeiten auf der Homepage: www.vhs-eschweiler.de . Eine telefonische Beratung ist unter: 02403\/7027-0 m\u00f6glich.<\/p>\n<p>&#13;<\/p>\n<p class=\"MsoPlainText\"><strong>Gemeinsam statt nur dabei: Neue Eltern-Kind-Kurse an der vhs Eschweiler<\/strong><br \/>Zwischen Kita, Schule, Arbeit und Terminen bleibt im Familienalltag oft wenig Zeit, wirklich etwas miteinander zu erleben. Mit einem neuen Kursformat schafft die vhs Eschweiler deshalb Raum f\u00fcr gemeinsame Erlebnisse von Kindern und ihren Eltern, Gro\u00dfeltern oder anderen vertrauten Bezugspersonen.<br \/>Beim Kurs \u201eGemeinsam kreativ \u2013 Eltern-Kind-Malen\u201c k\u00f6nnen Kinder ab sechs Jahren zusammen mit einer erwachsenen Bezugsperson malen, zeichnen und Neues ausprobieren. Nicht das perfekte Ergebnis steht im Mittelpunkt, sondern die Freude am gemeinsamen Gestalten und die ungeteilte Zeit miteinander.<br \/>Beim \u201eEltern-Kind-Graffiti-Kurs: Streetart gemeinsam erleben\u201c f\u00fcr Kinder ab neun Jahren wird es etwas au\u00dfergew\u00f6hnlicher: Gemeinsam werden Motive entwickelt, Spr\u00fchtechniken ausprobiert und eigene Graffiti gestaltet. Erwachsene tauchen dabei in die kreative Welt der Kinder ein \u2013 und beide Seiten k\u00f6nnen sich einmal ganz anders erleben.<br \/>Die neuen Eltern-Kind-Kurse verbinden kreatives Lernen mit etwas, das im oft vollen Familienalltag besonders wertvoll ist: gemeinsame Zeit und Erinnerungen, die bleiben.<\/p>\n<p>Anmeldungen und weitere Informationen sind unter <a href=\"http:\/\/www.vhs-eschweiler.de\/\" target=\"_blank\" rel=\"noopener nofollow\">www.vhs-eschweiler.de<\/a> oder telefonisch m\u00f6glich. Seit 10. August 2026 ist die Volkshochschule zu den folgenden Zeiten: \u00a0mo. + mi.-fr. von 09:00-12:00 Uhr telefonisch erreichbar und ge\u00f6ffnet.<\/p>\n<p>&#13;<\/p>\n<p><strong>Redaktion<\/strong><\/p>\n<p>    <a href=\"https:\/\/filmpost.de\/assets\/medienquellen\/galerien\/assets\/galleries\/31270\/37332_Die_VHS_in_Eschweiler_stellt_neue_Angebote_vor._Filmpost.jpg\" data-fancybox=\"galleryfipo\" data-caption=\"Die VHS in Eschweiler stellt neue Angebote vor. - Foto Filmpost  \" rel=\"nofollow noopener\" target=\"_blank\"><br \/>\n        <img decoding=\"async\" title=\"Die VHS in Eschweiler stellt neue Angebote vor. - Foto Filmpost\" src=\"https:\/\/www.europesays.com\/de\/wp-content\/uploads\/2026\/09\/37332_31012acf73eade85aff3eb4684390cfc.13b9be1c.jpg\"\/><\/p>\n<p>    <\/a><\/p>\n<p>\u00a0<\/p>\n","protected":false},"excerpt":{"rendered":"Pressemitteilung vhs Eschweiler: Ein Schwerpunkt des neuen Programms liegt auf digitalen Kompetenzen, die heute in nahezu jedem Beruf&hellip;\n","protected":false},"author":2,"featured_media":1274706,"comment_status":"","ping_status":"","sticky":false,"template":"","format":"standard","meta":{"footnotes":"","_share_on_mastodon":"0"},"categories":[1853],"tags":[1424,3364,29,548,663,3934,30,13,14,15,1209,12],"class_list":["post-1274705","post","type-post","status-publish","format-standard","has-post-thumbnail","category-aachen","tag-aachen","tag-de","tag-deutschland","tag-eu","tag-europa","tag-europe","tag-germany","tag-headlines","tag-nachrichten","tag-news","tag-nordrhein-westfalen","tag-schlagzeilen"],"share_on_mastodon":{"url":"https:\/\/pubeurope.com\/@de\/117198554103240867","error":""},"_links":{"self":[{"href":"https:\/\/www.europesays.com\/de\/wp-json\/wp\/v2\/posts\/1274705","targetHints":{"allow":["GET"]}}],"collection":[{"href":"https:\/\/www.europesays.com\/de\/wp-json\/wp\/v2\/posts"}],"about":[{"href":"https:\/\/www.europesays.com\/de\/wp-json\/wp\/v2\/types\/post"}],"author":[{"embeddable":true,"href":"https:\/\/www.europesays.com\/de\/wp-json\/wp\/v2\/users\/2"}],"replies":[{"embeddable":true,"href":"https:\/\/www.europesays.com\/de\/wp-json\/wp\/v2\/comments?post=1274705"}],"version-history":[{"count":0,"href":"https:\/\/www.europesays.com\/de\/wp-json\/wp\/v2\/posts\/1274705\/revisions"}],"wp:featuredmedia":[{"embeddable":true,"href":"https:\/\/www.europesays.com\/de\/wp-json\/wp\/v2\/media\/1274706"}],"wp:attachment":[{"href":"https:\/\/www.europesays.com\/de\/wp-json\/wp\/v2\/media?parent=1274705"}],"wp:term":[{"taxonomy":"category","embeddable":true,"href":"https:\/\/www.europesays.com\/de\/wp-json\/wp\/v2\/categories?post=1274705"},{"taxonomy":"post_tag","embeddable":true,"href":"https:\/\/www.europesays.com\/de\/wp-json\/wp\/v2\/tags?post=1274705"}],"curies":[{"name":"wp","href":"https:\/\/api.w.org\/{rel}","templated":true}]}}