{"id":1274717,"date":"2026-09-02T00:21:22","date_gmt":"2026-09-02T00:21:22","guid":{"rendered":"https:\/\/www.europesays.com\/de\/1274717\/"},"modified":"2026-09-02T00:21:22","modified_gmt":"2026-09-02T00:21:22","slug":"81-junge-menschen-starten-ausbildung-bei-swa-und-stadtsparkasse","status":"publish","type":"post","link":"https:\/\/www.europesays.com\/de\/1274717\/","title":{"rendered":"81 junge Menschen starten Ausbildung bei swa und Stadtsparkasse"},"content":{"rendered":"<p>  <a href=\"https:\/\/www.daz-augsburg.de\/81-junge-menschen-starten-ausbildung-bei-swa-und-stadtsparkasse\/\" rel=\"nofollow noopener\" target=\"_blank\">81 junge Menschen starten Ausbildung bei swa und Stadtsparkasse<\/a><\/p>\n<p><strong>Bei den Stadtwerken Augsburg und der Stadtsparkasse Augsburg hat am 1.\u00a0September das neue Ausbildungsjahr begonnen. Zusammen begr\u00fc\u00dfen die beiden Unternehmen 81\u00a0junge Menschen, die eine Ausbildung oder ein duales Studium aufnehmen.<\/strong><\/p>\n<p>Von Bruno Stubenrauch<\/p>\n<p>Ausgebildet wird in unterschiedlichen Bereichen \u2013 von technischen und kaufm\u00e4nnischen Berufen \u00fcber Kundenservice bis hin zu dualen Studieng\u00e4ngen. Beide Unternehmen setzen dabei auf eine praxisnahe Ausbildung und wollen junge Menschen f\u00fcr eine berufliche Zukunft in Augsburg gewinnen.<\/p>\n<p><strong>Ausbildungsstart bei den Stadtwerken<\/strong><\/p>\n<p><img fetchpriority=\"high\" decoding=\"async\" width=\"1024\" height=\"658\" src=\"https:\/\/www.europesays.com\/de\/wp-content\/uploads\/2026\/09\/Talents.jpg\" alt=\"\" class=\"alignleft size-full wp-image-108726\"  \/><\/p>\n<p>Die neuen swa Talents starten in ihre Ausbildung oder ihr duales Studium. (Bild): swa \/ Bernd Jaufmann)<\/p>\n<p>Bei den Stadtwerken Augsburg (swa) starten 47\u00a0junge Menschen als Auszubildende oder dual Studierende. Angeboten werden Ausbildungspl\u00e4tze in den Bereichen Anlagenmechanik, Industriemechanik, Lagerlogistik und Elektronik f\u00fcr Betriebstechnik sowie f\u00fcr Industriekaufleute und Fachkr\u00e4fte im Fahrbetrieb.<\/p>\n<p>Drei duale Studieng\u00e4nge erg\u00e4nzen das Angebot: BWL, Elektrotechnik und Maschinenbau. Zum Einstieg absolvieren die neuen \u201eswa Talents\u201c zun\u00e4chst eine gemeinsame Onboardingwoche. Dabei lernen sie das Unternehmen, ihre k\u00fcnftigen Aufgaben und andere Auszubildende aus verschiedenen Berufsgruppen kennen.<\/p>\n<p>Die swa bilden nach eigenen Angaben in eigenen Ausbildungswerkst\u00e4tten und Schulungsr\u00e4umen aus. Bewerbungen f\u00fcr den Ausbildungs- und Studienstart 2027 sind bereits m\u00f6glich.<\/p>\n<p><strong>34 neue Auszubildende bei der Stadtsparkasse<\/strong><\/p>\n<p><img loading=\"lazy\" decoding=\"async\" width=\"1024\" height=\"557\" src=\"https:\/\/www.europesays.com\/de\/wp-content\/uploads\/2026\/09\/image001-2.jpg\" alt=\"\" class=\"alignleft size-full wp-image-108727\"  \/><\/p>\n<p>Der Ausbildungsjahrgang 2026 der Stadtsparkasse Augsburg, rechts Cornelia Kollmer, stv. Vorstandsvorsitzende (Bild: Artur Brozmann \/ Stadtsparkasse Augsburg)<\/p>\n<p>Bei der Stadtsparkasse Augsburg beginnen 34\u00a0junge Menschen ihre berufliche Laufbahn. 27\u00a0von ihnen werden zu Bankkaufleuten ausgebildet, vier starten als Servicekr\u00e4fte f\u00fcr Dialogmarketing. Hinzu kommen drei dual Studierende sowie ein angehender Versicherungskaufmann.<\/p>\n<p>Die Ausbildung zum Versicherungskaufmann erfolgt im Rahmen einer Verbundausbildung mit der Versicherungskammer Bayern. W\u00e4hrend die praktische Ausbildung bei der Stadtsparkasse den Schwerpunkt auf Kundenkontakt und die Abl\u00e4ufe eines Finanzdienstleisters legt, vermittelt die Versicherungskammer Kenntnisse aus der Versicherungswelt.<\/p>\n<p>Zum Ausbildungsstart setzt die Stadtsparkasse auf Einf\u00fchrungstage, digitale Lernangebote und technische Ausstattung. Die Auszubildenden erhalten unter anderem iPads und Apple Pencils. Gemeinsame Aktivit\u00e4ten wie Teambuildingtage und der \u201eAzubi-Climb\u201c sollen zudem den Austausch und Zusammenhalt f\u00f6rdern.<\/p>\n<p>    Artikel vom<br \/>\n    <a href=\"https:\/\/www.daz-augsburg.de\/?m=20260902\" rel=\"nofollow noopener\" target=\"_blank\"><br \/>\n      02.09.2026    <\/a><br \/>\n    | Autor: Bruno Stubenrauch<br \/>Rubrik: <a href=\"https:\/\/www.daz-augsburg.de\/rubrik\/wirtschaft\/\" rel=\"category tag nofollow noopener\" target=\"_blank\">Wirtschaft<\/a>  <\/p>\n","protected":false},"excerpt":{"rendered":"81 junge Menschen starten Ausbildung bei swa und Stadtsparkasse Bei den Stadtwerken Augsburg und der Stadtsparkasse Augsburg hat&hellip;\n","protected":false},"author":2,"featured_media":1274718,"comment_status":"","ping_status":"","sticky":false,"template":"","format":"standard","meta":{"footnotes":"","_share_on_mastodon":"0"},"categories":[1846],"tags":[680,772,3364,29,548,663,3934,30,13,14,15,12],"class_list":["post-1274717","post","type-post","status-publish","format-standard","has-post-thumbnail","category-augsburg","tag-augsburg","tag-bayern","tag-de","tag-deutschland","tag-eu","tag-europa","tag-europe","tag-germany","tag-headlines","tag-nachrichten","tag-news","tag-schlagzeilen"],"share_on_mastodon":{"url":"https:\/\/pubeurope.com\/@de\/117198593987401675","error":""},"_links":{"self":[{"href":"https:\/\/www.europesays.com\/de\/wp-json\/wp\/v2\/posts\/1274717","targetHints":{"allow":["GET"]}}],"collection":[{"href":"https:\/\/www.europesays.com\/de\/wp-json\/wp\/v2\/posts"}],"about":[{"href":"https:\/\/www.europesays.com\/de\/wp-json\/wp\/v2\/types\/post"}],"author":[{"embeddable":true,"href":"https:\/\/www.europesays.com\/de\/wp-json\/wp\/v2\/users\/2"}],"replies":[{"embeddable":true,"href":"https:\/\/www.europesays.com\/de\/wp-json\/wp\/v2\/comments?post=1274717"}],"version-history":[{"count":0,"href":"https:\/\/www.europesays.com\/de\/wp-json\/wp\/v2\/posts\/1274717\/revisions"}],"wp:featuredmedia":[{"embeddable":true,"href":"https:\/\/www.europesays.com\/de\/wp-json\/wp\/v2\/media\/1274718"}],"wp:attachment":[{"href":"https:\/\/www.europesays.com\/de\/wp-json\/wp\/v2\/media?parent=1274717"}],"wp:term":[{"taxonomy":"category","embeddable":true,"href":"https:\/\/www.europesays.com\/de\/wp-json\/wp\/v2\/categories?post=1274717"},{"taxonomy":"post_tag","embeddable":true,"href":"https:\/\/www.europesays.com\/de\/wp-json\/wp\/v2\/tags?post=1274717"}],"curies":[{"name":"wp","href":"https:\/\/api.w.org\/{rel}","templated":true}]}}