{"id":1274719,"date":"2026-09-02T00:23:28","date_gmt":"2026-09-02T00:23:28","guid":{"rendered":"https:\/\/www.europesays.com\/de\/1274719\/"},"modified":"2026-09-02T00:23:28","modified_gmt":"2026-09-02T00:23:28","slug":"sv-waldhof-mannheim-leiht-innenverteidiger-aus","status":"publish","type":"post","link":"https:\/\/www.europesays.com\/de\/1274719\/","title":{"rendered":"SV Waldhof Mannheim leiht Innenverteidiger aus"},"content":{"rendered":"<p><b>Mannheim.<\/b> Der SV Waldhof Mannheim hat zum Abschluss des Transferfensters seine Defensive verst\u00e4rkt. Innenverteidiger Olu Ogbemudia wechselt f\u00fcr diese Saison auf Leihbasis zum SVW. Darauf verst\u00e4ndigten sich der Mannheimer Verein und der 1. FC Union Berlin, wie der Waldhof mitteilte.<\/p>\n<p>R\u00fcckkehr nach Mannheim<\/p>\n<p>Ogbemudia kennt den Verein bereits: Der 20-J\u00e4hrige spielte in der abgelaufenen R\u00fcckrunde f\u00fcr den SV Waldhof. Nach Angaben des Vereins entwickelte sich der vierfache deutsche U-Nationalspieler dabei zu einem Leistungstr\u00e4ger. Nun folgt die erneute Leihe nach Mannheim.<\/p>\n<p>Gerhard Zuber, Gesch\u00e4ftsf\u00fchrer Sport des SV Waldhof, erkl\u00e4rte, der Verein sei mit dem Spieler \u00fcber einen l\u00e4ngeren Zeitraum in engem Austausch gewesen. Ogbemudia habe auch andere Optionen gehabt, sagte Zuber laut Mitteilung. Als sich kurzfristig die M\u00f6glichkeit ergeben habe, ihn erneut f\u00fcr ein Jahr nach Mannheim zu holen, habe der Verein diese nutzen wollen.<\/p>\n<p>Verst\u00e4rkung f\u00fcr die Abwehr<\/p>\n<p>Ogbemudia sagte zu seiner R\u00fcckkehr, die R\u00fcckrunde beim SV Waldhof sei f\u00fcr ihn \u201eetwas Besonderes\u201c gewesen. Der Verein und die Stadt h\u00e4tten ihn gut aufgenommen und ihm den Einstieg in die 3. Liga erleichtert. Besonders freue er sich auf die Kulisse im Carl-Benz-Stadion.<\/p>\n<p>Sportdirektor Mathias Schober verwies auf den Bedarf in der Defensive. \u201eDefensiv sind wir in dieser Saison noch nicht da, wo wir gerne sein w\u00fcrden. Olu hatten wir nat\u00fcrlich die ganze Zeit auf unserem Radar\u201c, sagte Schober laut Vereinsmitteilung. Als Spieler, aber auch als Typ sei Ogbemudia eine Verst\u00e4rkung f\u00fcr die Mannschaft.<\/p>\n<p>RatgeberAnzeige<\/p>\n<p>                                    <a href=\"https:\/\/www.wochenblatt-reporter.de\/mannheim\/c-ratgeber\/kieser-in-mannheim-fuer-starke-muskeln-und-ihre-gesundheit_a854308?ref=curate\" class=\"stop-click-event-propagation\" rel=\"nofollow noopener\" target=\"_blank\"><\/p>\n<p>                                                                            <img class=\"imagecontainer\" decoding=\"auto\" data-aspect-ratio=\"0.563157895\" src=\"https:\/\/www.europesays.com\/de\/wp-content\/uploads\/2026\/08\/1796161_L.webp\"\/><\/p>\n<p>                                    <\/a><\/p>\n<p>                <a href=\"https:\/\/www.wochenblatt-reporter.de\/mannheim\/c-ratgeber\/kieser-in-mannheim-fuer-starke-muskeln-und-ihre-gesundheit_a854308?ref=curate\" class=\"stop-click-event-propagation\" rel=\"nofollow noopener\" target=\"_blank\"><br \/>\n                                        Kieser in Mannheim &#8211; f\u00fcr starke Muskeln und Ihre Gesundheit<br \/>\n                <\/a><\/p>\n<p class=\"line-clamp\" style=\"--line-clamp: 4\">\n                        Kieser Mannheim bedeutet mehr als Fitness: Mit Kieser st\u00e4rken Sie gezielt Ihre Muskeln und f\u00f6rdern Ihre Gesundheit, Beweglichkeit und Leistungsf\u00e4higkeit. Sie begleiten uns jeden Tag durchs Leben und sind weit mehr als nur f\u00fcr Bewegung zust\u00e4ndig: Unsere Muskeln beeinflussen Gesundheit, Haltung, Belastbarkeit und Wohlbefinden. Wer seine Muskulatur gezielt st\u00e4rkt, schafft eine wichtige Grundlage f\u00fcr mehr Leistungsf\u00e4higkeit und einen aktiven Alltag. Unsere Muskeln bewegen uns und tragen uns durch&#8230;\n                    <\/p>\n<p>            <a href=\"https:\/\/www.wochenblatt-reporter.de\/ludwigshafen\/profile-52239\/pr-content?type=article\" onclick=\"return false;\" rel=\"nofollow noopener\" target=\"_blank\"><\/p>\n<p>                                                                            <img class=\"imagecontainer\" decoding=\"auto\" data-aspect-ratio=\"0.763684913\" src=\"https:\/\/media04.wochenblatt-reporter.de\/user\/2025\/02\/06\/0\/23210_L.jpg?1738847037\" style=\"object-position: 50% 50%;\" data-object-position=\"50% 50%\" bad-src=\"data:image\/gif;base64,R0lGODlhAQABAIAAAAAAAP\/\/\/yH5BAEAAAAALAAAAAABAAEAAAIBRAA7\"\/><\/p>\n<p>                            <\/a><\/p>\n<p>RatgeberAnzeige<\/p>\n<p>                                    <a href=\"https:\/\/www.wochenblatt-reporter.de\/mannheim\/c-ratgeber\/kieser-in-mannheim-fuer-starke-muskeln-und-ihre-gesundheit_a854308?ref=curate\" class=\"stop-click-event-propagation\" rel=\"nofollow noopener\" target=\"_blank\"><\/p>\n<p>                                                                            <img class=\"imagecontainer\" decoding=\"auto\" data-aspect-ratio=\"0.563157895\" src=\"https:\/\/www.europesays.com\/de\/wp-content\/uploads\/2026\/08\/1796161_L.webp\"\/><\/p>\n<p>                                    <\/a><\/p>\n<p>                <a href=\"https:\/\/www.wochenblatt-reporter.de\/mannheim\/c-ratgeber\/kieser-in-mannheim-fuer-starke-muskeln-und-ihre-gesundheit_a854308?ref=curate\" class=\"stop-click-event-propagation\" rel=\"nofollow noopener\" target=\"_blank\"><br \/>\n                                        Kieser in Mannheim &#8211; f\u00fcr starke Muskeln und Ihre Gesundheit<br \/>\n                <\/a><\/p>\n<p class=\"line-clamp\" style=\"--line-clamp: 4\">\n                        Kieser Mannheim bedeutet mehr als Fitness: Mit Kieser st\u00e4rken Sie gezielt Ihre Muskeln und f\u00f6rdern Ihre Gesundheit, Beweglichkeit und Leistungsf\u00e4higkeit. Sie begleiten uns jeden Tag durchs Leben und sind weit mehr als nur f\u00fcr Bewegung zust\u00e4ndig: Unsere Muskeln beeinflussen Gesundheit, Haltung, Belastbarkeit und Wohlbefinden. Wer seine Muskulatur gezielt st\u00e4rkt, schafft eine wichtige Grundlage f\u00fcr mehr Leistungsf\u00e4higkeit und einen aktiven Alltag. Unsere Muskeln bewegen uns und tragen uns durch&#8230;\n                    <\/p>\n<p>            <a href=\"https:\/\/www.wochenblatt-reporter.de\/ludwigshafen\/profile-52239\/pr-content?type=article\" onclick=\"return false;\" rel=\"nofollow noopener\" target=\"_blank\"><\/p>\n<p>                                                                            <img class=\"imagecontainer\" decoding=\"auto\" data-aspect-ratio=\"0.763684913\" src=\"https:\/\/media04.wochenblatt-reporter.de\/user\/2025\/02\/06\/0\/23210_L.jpg?1738847037\" style=\"object-position: 50% 50%;\" data-object-position=\"50% 50%\" bad-src=\"data:image\/gif;base64,R0lGODlhAQABAIAAAAAAAP\/\/\/yH5BAEAAAAALAAAAAABAAEAAAIBRAA7\"\/><\/p>\n<p>                            <\/a><\/p>\n<p>Wirtschaft &amp; HandelAnzeige<\/p>\n<p>                                    <a href=\"https:\/\/www.wochenblatt-reporter.de\/ludwigshafen\/c-wirtschaft-handel\/metzger-ludwigshafen-kundk-fleischhandel-steht-fuer-30-jahre-qualitaet-und-tradition_a770866?ref=curate\" class=\"stop-click-event-propagation\" rel=\"nofollow noopener\" target=\"_blank\"><\/p>\n<p>                                                                            <img class=\"imagecontainer\" decoding=\"auto\" data-aspect-ratio=\"0.563085938\" src=\"https:\/\/www.europesays.com\/de\/wp-content\/uploads\/2026\/07\/1656151_L.webp\"\/><\/p>\n<p>                                    <\/a><\/p>\n<p>                                2 Bilder<\/p>\n<p>                <a href=\"https:\/\/www.wochenblatt-reporter.de\/ludwigshafen\/c-wirtschaft-handel\/metzger-ludwigshafen-kundk-fleischhandel-steht-fuer-30-jahre-qualitaet-und-tradition_a770866?ref=curate\" class=\"stop-click-event-propagation\" rel=\"nofollow noopener\" target=\"_blank\"><br \/>\n                                        Metzger Ludwigshafen: K&amp;K Fleischhandel steht f\u00fcr 30 Jahre Qualit\u00e4t und Tradition<br \/>\n                <\/a><\/p>\n<p class=\"line-clamp\" style=\"--line-clamp: 4\">\n                        Metzger Ludwigshafen: Die Metzgerei K&amp;K Fleischhandel steht seit 30 Jahren f\u00fcr Qualit\u00e4t, frische Wurst, hochwertiges Fleisch und pers\u00f6nlichen Service. Die K&amp;K Fleischhandel GmbH in Ludwigshafen feiert im Jahr 2026 ihr 30-j\u00e4hriges Bestehen. Das Unternehmen steht seit drei Jahrzehnten f\u00fcr Qualit\u00e4t, Verl\u00e4sslichkeit und pers\u00f6nlichen Service im Bereich Fleischhandel, Wurstwaren und Feinkost. Gegr\u00fcndet wurde K&amp;K von Frank K\u00fchner und Heiko Klawonn. Was einst in Ludwigshafen-Friesenheim begann,&#8230;\n                    <\/p>\n<p>            <a href=\"https:\/\/www.wochenblatt-reporter.de\/ludwigshafen\/profile-52239\/pr-content?type=article\" onclick=\"return false;\" rel=\"nofollow noopener\" target=\"_blank\"><\/p>\n<p>                                                                            <img class=\"imagecontainer\" decoding=\"auto\" data-aspect-ratio=\"0.763684913\" src=\"https:\/\/media04.wochenblatt-reporter.de\/user\/2025\/02\/06\/0\/23210_L.jpg?1738847037\" style=\"object-position: 50% 50%;\" data-object-position=\"50% 50%\" bad-src=\"data:image\/gif;base64,R0lGODlhAQABAIAAAAAAAP\/\/\/yH5BAEAAAAALAAAAAABAAEAAAIBRAA7\"\/><\/p>\n<p>                            <\/a><\/p>\n<p>Wirtschaft &amp; HandelAnzeige<\/p>\n<p>                                    <a href=\"https:\/\/www.wochenblatt-reporter.de\/rockenhausen\/c-wirtschaft-handel\/pflegefachkraft-rockenhausen-zoar-bietet-perspektiven_a759694?ref=curate\" class=\"stop-click-event-propagation\" rel=\"nofollow noopener\" target=\"_blank\"><\/p>\n<p>                                                                            <img class=\"imagecontainer\" decoding=\"auto\" data-aspect-ratio=\"0.666666667\" src=\"https:\/\/www.europesays.com\/de\/wp-content\/uploads\/2026\/08\/1799050_L.webp\"\/><\/p>\n<p>                                    <\/a><\/p>\n<p>                                2 Bilder<\/p>\n<p>                <a href=\"https:\/\/www.wochenblatt-reporter.de\/rockenhausen\/c-wirtschaft-handel\/pflegefachkraft-rockenhausen-zoar-bietet-perspektiven_a759694?ref=curate\" class=\"stop-click-event-propagation\" rel=\"nofollow noopener\" target=\"_blank\"><br \/>\n                                        Pflegefachkraft Rockenhausen: Zoar bietet Perspektiven<br \/>\n                <\/a><\/p>\n<p class=\"line-clamp\" style=\"--line-clamp: 4\">\n                        Pflegefachkraft Rockenhausen. Das Evangelische Diakoniewerk Zoar \u00fcberzeugt als Arbeitgeber mit gewachsenem Profil und klarer sozialer Haltung.\u00a0 Rockenhausen. Das Evangelische Diakoniewerk Zoar ist mit 16 Standorten in der Pfalz und in Rheinhessen vertreten, in der Pfalz mit Einrichtungen zwischen Rockenhausen \u00fcber Kusel und Kaiserslautern bis nach Ludwigshafen. 1.600 Mitarbeitende sind bei dem Unternehmen besch\u00e4ftigt. In der Pflege, in der Assistenz und in der Betreuung bietet Zoar damit nicht&#8230;\n                    <\/p>\n<p>            <a href=\"https:\/\/www.wochenblatt-reporter.de\/ludwigshafen\/profile-52239\/pr-content?type=article\" onclick=\"return false;\" rel=\"nofollow noopener\" target=\"_blank\"><\/p>\n<p>                                                                            <img class=\"imagecontainer\" decoding=\"auto\" data-aspect-ratio=\"0.763684913\" src=\"https:\/\/media04.wochenblatt-reporter.de\/user\/2025\/02\/06\/0\/23210_L.jpg?1738847037\" style=\"object-position: 50% 50%;\" data-object-position=\"50% 50%\" bad-src=\"data:image\/gif;base64,R0lGODlhAQABAIAAAAAAAP\/\/\/yH5BAEAAAAALAAAAAABAAEAAAIBRAA7\"\/><\/p>\n<p>                            <\/a><\/p>\n<p>Wirtschaft &amp; HandelAnzeige<\/p>\n<p>                                    <a href=\"https:\/\/www.wochenblatt-reporter.de\/mannheim\/c-wirtschaft-handel\/bachelor-mannheim-vwa-rhein-neckar-bietet-stufenweisen-weg-zum-hochschulabschluss_a855955?ref=curate\" class=\"stop-click-event-propagation\" rel=\"nofollow noopener\" target=\"_blank\"><\/p>\n<p>                                                                            <img class=\"imagecontainer\" decoding=\"auto\" data-aspect-ratio=\"0.666666667\" src=\"https:\/\/www.europesays.com\/de\/wp-content\/uploads\/2026\/08\/1799119_L.webp\" style=\"object-position: 50% 50%;\" data-object-position=\"50% 50%\"\/><\/p>\n<p>                                    <\/a><\/p>\n<p>                                2 Bilder<\/p>\n<p>                <a href=\"https:\/\/www.wochenblatt-reporter.de\/mannheim\/c-wirtschaft-handel\/bachelor-mannheim-vwa-rhein-neckar-bietet-stufenweisen-weg-zum-hochschulabschluss_a855955?ref=curate\" class=\"stop-click-event-propagation\" rel=\"nofollow noopener\" target=\"_blank\"><br \/>\n                                        Bachelor Mannheim: VWA Rhein-Neckar bietet stufenweisen Weg zum Hochschulabschluss<br \/>\n                <\/a><\/p>\n<p class=\"line-clamp\" style=\"--line-clamp: 4\">\n                        Bachelor Mannheim: Das berufsbegleitende Studienmodell an der\u00a0 VWA Rhein-Neckar verbindet Fachwirt, Betriebswirt (VWA) und Bachelor \u2013 mit \u00fcberschaubaren Etappen, transparenten Geb\u00fchren und Abschl\u00fcssen staatlicher Hochschulen. Am besten gleich die detaillierten Infos dazu lesen. Und sich noch bis 27. August 2026 anmelden. K\u00fcnstliche Intelligenz ver\u00e4ndert den Bewerbungsprozess auf beiden Seiten: Bewerberinnen und Bewerber k\u00f6nnen in kurzer Zeit deutlich mehr Bewerbungen erstellen und versenden&#8230;.\n                    <\/p>\n<p>                <a id=\"like-anchor\"\/><\/p>\n<p>                    Dieser Inhalt gef\u00e4llt Ihnen?<\/p>\n<p>Melden Sie sich an, um diesen Inhalt mit \u00abGef\u00e4llt mir\u00bb zu markieren.<\/p>\n<p>            \u00d7<\/p>\n<p>        <a href=\"#\" data-trigger-click-on-space-or-enter=\"\" class=\"button ggm-like-button hollow\" title=\"Gef\u00e4llt mir\" data-open=\"like-conversion-6a976c72c1493\"><\/p>\n<p>        <\/a><\/p>\n<p>\n        Gef\u00e4llt <strong>0<\/strong> mal<br \/>\n        0\n    <\/p>\n<p>            <a href=\"https:\/\/www.wochenblatt-reporter.de\/ludwigshafen\/profile-25\/anouar-touir\" class=\"stop-click-event-propagation\" rel=\"nofollow noopener\" target=\"_blank\">    <\/p>\n<p>                                                                            <img class=\"imagecontainer\" decoding=\"auto\" data-aspect-ratio=\"0.666666667\" src=\"https:\/\/media04.wochenblatt-reporter.de\/user\/2025\/09\/02\/6\/25146_L.webp?1756820086\" style=\"object-position: 51% 41%;\" data-object-position=\"51% 41%\" bad-src=\"data:image\/gif;base64,R0lGODlhAQABAIAAAAAAAP\/\/\/yH5BAEAAAAALAAAAAABAAEAAAIBRAA7\"\/><\/p>\n<p>        <\/a><\/p>\n<p>                    Sie m\u00f6chten diesem Profil folgen?<\/p>\n<p>Verpassen Sie nicht die neuesten Inhalte von diesem Profil: Melden Sie sich an, um neuen Inhalten von Profilen und Orten in Ihrem <strong>pers\u00f6nlichen Feed<\/strong> zu folgen.<\/p>\n<p>            \u00d7<\/p>\n<p>\n            <strong>9<\/strong> folgen diesem Profil\n        <\/p>\n","protected":false},"excerpt":{"rendered":"Mannheim. Der SV Waldhof Mannheim hat zum Abschluss des Transferfensters seine Defensive verst\u00e4rkt. Innenverteidiger Olu Ogbemudia wechselt f\u00fcr&hellip;\n","protected":false},"author":2,"featured_media":1274720,"comment_status":"","ping_status":"","sticky":false,"template":"","format":"standard","meta":{"footnotes":"","_share_on_mastodon":"0"},"categories":[1845],"tags":[1634,3364,29,548,663,3934,30,13,2096,14,15,12],"class_list":["post-1274719","post","type-post","status-publish","format-standard","has-post-thumbnail","category-mannheim","tag-baden-wuerttemberg","tag-de","tag-deutschland","tag-eu","tag-europa","tag-europe","tag-germany","tag-headlines","tag-mannheim","tag-nachrichten","tag-news","tag-schlagzeilen"],"share_on_mastodon":{"url":"","error":""},"_links":{"self":[{"href":"https:\/\/www.europesays.com\/de\/wp-json\/wp\/v2\/posts\/1274719","targetHints":{"allow":["GET"]}}],"collection":[{"href":"https:\/\/www.europesays.com\/de\/wp-json\/wp\/v2\/posts"}],"about":[{"href":"https:\/\/www.europesays.com\/de\/wp-json\/wp\/v2\/types\/post"}],"author":[{"embeddable":true,"href":"https:\/\/www.europesays.com\/de\/wp-json\/wp\/v2\/users\/2"}],"replies":[{"embeddable":true,"href":"https:\/\/www.europesays.com\/de\/wp-json\/wp\/v2\/comments?post=1274719"}],"version-history":[{"count":0,"href":"https:\/\/www.europesays.com\/de\/wp-json\/wp\/v2\/posts\/1274719\/revisions"}],"wp:featuredmedia":[{"embeddable":true,"href":"https:\/\/www.europesays.com\/de\/wp-json\/wp\/v2\/media\/1274720"}],"wp:attachment":[{"href":"https:\/\/www.europesays.com\/de\/wp-json\/wp\/v2\/media?parent=1274719"}],"wp:term":[{"taxonomy":"category","embeddable":true,"href":"https:\/\/www.europesays.com\/de\/wp-json\/wp\/v2\/categories?post=1274719"},{"taxonomy":"post_tag","embeddable":true,"href":"https:\/\/www.europesays.com\/de\/wp-json\/wp\/v2\/tags?post=1274719"}],"curies":[{"name":"wp","href":"https:\/\/api.w.org\/{rel}","templated":true}]}}