{"id":1274727,"date":"2026-09-02T00:28:26","date_gmt":"2026-09-02T00:28:26","guid":{"rendered":"https:\/\/www.europesays.com\/de\/1274727\/"},"modified":"2026-09-02T00:28:26","modified_gmt":"2026-09-02T00:28:26","slug":"angeklagter-bestreitet-vor-gericht-diebstahl-ganzer-e-bikes-2","status":"publish","type":"post","link":"https:\/\/www.europesays.com\/de\/1274727\/","title":{"rendered":"Angeklagter bestreitet vor Gericht Diebstahl ganzer E-Bikes"},"content":{"rendered":"<p>Der Angeklagte bezeichnet sich selbst als Messie und bestreitet den Diebstahl ganzer Fahrr\u00e4der. Die aufgehebelten Akkus habe er als Energiespeicher einsetzen wollen.<\/p>\n<p>M\u00fcnster (dpa) &#8211; In einem kuriosen Prozess vor dem Amtsgericht M\u00fcnster hat sich der Angeklagte am ersten Verhandlungstag in Widerspr\u00fcche verwickelt. Laut Anklage soll der 63-J\u00e4hrige im Jahr 2023 zahlreiche wertvolle R\u00e4der und die Akkus von E-Bikes und E-Scootern gestohlen haben. Angeklagt sind 58 F\u00e4lle, davon 37 als besonders schwerer Diebstahl. Das Gesetz sieht daf\u00fcr einen Strafrahmen von drei Monaten bis zu zehn Jahren Gef\u00e4ngnis vor.<\/p>\n<p class=\"contextmenu caption\">\u00dcbewiegend in M\u00fcnster gestohlen<\/p>\n<p>Auf dem Grundst\u00fcck des Mannes waren noch viel mehr R\u00e4der und Akkus gefunden worden. Nicht bei allen Funden konnte eine Straftat nachgewiesen werden. In seiner Einlassung zu den Vorw\u00fcrfen gab der Mann an, ein typischer Messie zu sein. Er sammle krankhaft und bastle gerne an Fahrr\u00e4dern. Das Grundst\u00fcck und seine Wohnung seien voller dieser Dinge. Seine Ehe sei bereits daran gescheitert. <\/p>\n<p>Laut Staatsanwalt hatte er die hochwertigen E-Bikes oder einzelne Akkus \u00fcberwiegend in M\u00fcnster gestohlen. Wiederholte Tatorte waren der Parkplatz am Zoo oder der Botanische Garten. Auf Druck seines Anwalts und des Richters gab er zu, vereinzelt Akkus herausgebrochen und gestohlen zu haben. Den gezielten Diebstahl der zum Teil bis zu 3000 Euro teuren E-Bikes wies er wiederholt von sich. Auch den Hinweis des Gerichts, dass die Beweislast erdr\u00fcckend sei und die anstehenden Zeugenaussagen etwas anderes ergeben w\u00fcrden, \u00e4nderte nichts an seiner Aussage.<\/p>\n<p class=\"contextmenu caption\">Nie ganze R\u00e4der gestohlen <\/p>\n<p>Er habe keine vollst\u00e4ndigen R\u00e4der im \u00f6ffentlichen Raum gestohlen. Und im Detail k\u00f6nne er sich auch bei der Vielzahl der aufgef\u00fchrten F\u00e4lle ohnehin nicht erinnern. Nach seiner Aussage hat er die Rahmen der R\u00e4der immer irgendwo in Containern oder als Schrott im Geb\u00fcsch gefunden. Die eigentlichen Diebe m\u00fcssten sie da entsorgt haben, so die Begr\u00fcndung des Angeklagten. <\/p>\n<p>Richter Christoph Neuk\u00e4ter warf dem Mann mehrfach vor, unglaubw\u00fcrdig zu sein. Auch das Motiv, dass er die Akkus als gro\u00dfen Energiespeicher f\u00fcr seine Photovoltaik-Anlage basteln wollte, nahm der Richter dem Angeklagten nicht ab. Diese Aussage hatte er bei einer seiner ersten Vernehmungen bei der Polizei gemacht. Bis zum 24. September sind vier weitere Verhandlungstermine angesetzt. <\/p>\n<p>Texte und Fotos von die-glocke.de sind urheberrechtlich gesch\u00fctzt.<br \/>\n            Weiterverwendung nur mit Genehmigung der Chefredaktion.<\/p>\n","protected":false},"excerpt":{"rendered":"Der Angeklagte bezeichnet sich selbst als Messie und bestreitet den Diebstahl ganzer Fahrr\u00e4der. Die aufgehebelten Akkus habe er&hellip;\n","protected":false},"author":2,"featured_media":1274728,"comment_status":"","ping_status":"","sticky":false,"template":"","format":"standard","meta":{"footnotes":"","_share_on_mastodon":"0"},"categories":[1843],"tags":[19227,147839,3364,29,1233,30,39062,8970,1209,1269],"class_list":["post-1274727","post","type-post","status-publish","format-standard","has-post-thumbnail","category-muenster","tag-akku","tag-amtsgericht-muenster","tag-de","tag-deutschland","tag-e-bike","tag-germany","tag-kurios","tag-muenster","tag-nordrhein-westfalen","tag-prozess"],"share_on_mastodon":{"url":"https:\/\/pubeurope.com\/@de\/117198619078937046","error":""},"_links":{"self":[{"href":"https:\/\/www.europesays.com\/de\/wp-json\/wp\/v2\/posts\/1274727","targetHints":{"allow":["GET"]}}],"collection":[{"href":"https:\/\/www.europesays.com\/de\/wp-json\/wp\/v2\/posts"}],"about":[{"href":"https:\/\/www.europesays.com\/de\/wp-json\/wp\/v2\/types\/post"}],"author":[{"embeddable":true,"href":"https:\/\/www.europesays.com\/de\/wp-json\/wp\/v2\/users\/2"}],"replies":[{"embeddable":true,"href":"https:\/\/www.europesays.com\/de\/wp-json\/wp\/v2\/comments?post=1274727"}],"version-history":[{"count":0,"href":"https:\/\/www.europesays.com\/de\/wp-json\/wp\/v2\/posts\/1274727\/revisions"}],"wp:featuredmedia":[{"embeddable":true,"href":"https:\/\/www.europesays.com\/de\/wp-json\/wp\/v2\/media\/1274728"}],"wp:attachment":[{"href":"https:\/\/www.europesays.com\/de\/wp-json\/wp\/v2\/media?parent=1274727"}],"wp:term":[{"taxonomy":"category","embeddable":true,"href":"https:\/\/www.europesays.com\/de\/wp-json\/wp\/v2\/categories?post=1274727"},{"taxonomy":"post_tag","embeddable":true,"href":"https:\/\/www.europesays.com\/de\/wp-json\/wp\/v2\/tags?post=1274727"}],"curies":[{"name":"wp","href":"https:\/\/api.w.org\/{rel}","templated":true}]}}