{"id":1274741,"date":"2026-09-02T00:38:29","date_gmt":"2026-09-02T00:38:29","guid":{"rendered":"https:\/\/www.europesays.com\/de\/1274741\/"},"modified":"2026-09-02T00:38:29","modified_gmt":"2026-09-02T00:38:29","slug":"ukraine-krieg-i-putin-deutsche-sanktionen-sind-ein-weiterer-fehler","status":"publish","type":"post","link":"https:\/\/www.europesays.com\/de\/1274741\/","title":{"rendered":"Ukraine-Krieg I Putin: Deutsche Sanktionen sind ein &#8222;weiterer Fehler&#8220;"},"content":{"rendered":"<p>Newsblog zum Krieg in der Ukraine <\/p>\n<p>Putin an Deutschland: &#8222;Ein erneuter schwerer Fehler&#8220;<\/p>\n<p>Aktualisiert am 02.09.2026 &#8211; 00:44 UhrLesedauer: 10 Min.<\/p>\n<p><a href=\"#focus-0\" class=\"transition-colors block text-current relative\" data-sctrack=\"FocusGalleryImage.Reference\"><img fetchpriority=\"high\" data-testid=\"Opener.Image\"   loading=\"eager\" src=\"https:\/\/www.europesays.com\/de\/wp-content\/uploads\/2026\/09\/kyrgyzstan-sco-summit-9233195-02-092026-russian-president-vladimir-putin-answers-questions-from-jour.jpeg\" alt=\"imago images 0865559622\" title=\"imago images 0865559622\" width=\"3085\" height=\"1735\" class=\"bg-[url:var(--lqipURL)] bg-cover bg-center flex h-full w-full max-w-full\" style=\"--lqipURL:url('https:\/\/images.t-online.de\/2026\/09\/DxQ4uqyjr93E\/722x371:3085x1735\/fit-in\/150x0\/filters:blur(25)\/kyrgyzstan-sco-summit-9233195-02-092026-russian-president-vladimir-putin-answers-questions-from-journalists-following-the-shanghai-cooperation-organization-sco-summit-in-bishkek-kyrgyzstan-kristina-solovyova-sputnik-bishkek-kyrgyzstan-publicationxinxgerxsuixautxestxltuxlatxnorxswexdenxnedxpolxukxausxonly-copyright-xkristinaxsolovyovax.jpg')\" decoding=\"async\"\/><img loading=\"lazy\" src=\"https:\/\/www.t-online.de\/s\/paper\/_next\/static\/media\/zoom-in.f7dae02f.svg\" alt=\"Vergr\u00f6\u00dfern des Bildes\" title=\"Vergr\u00f6\u00dfern des Bildes\" class=\"block h-[calc(var(--height)_\/_16_*_1rem)] w-[calc(var(--width)_\/_16_*_1rem)] max-w-none absolute right-8 bottom-8 rounded-4 bg-snow p-8\" style=\"--width:32;--height:32\" decoding=\"async\"\/><\/a><\/p>\n<p>Wladimir Putin: Der Kremlherrscher hat die Sanktionen als schweren Fehler bezeichnet. (Quelle: IMAGO\/Kristina Solovyova\/imago)<\/p>\n<p class=\"font-bold text-18 leading-17 user-text-lg:text-22 user-text-xl:text-24\">Putin \u00e4u\u00dfert sich zur deutschen Reaktion auf den Anschlag in Leipzig. Selenskyj warnt vor Fl\u00fcgen \u00fcber Russland. Alle Entwicklungen im Newsblog.<\/p>\n<p>Putin: Deutsche Sanktionen gegen Russland &#8222;weiterer Fehler&#8220;<\/p>\n<p class=\"text-18 leading-17 user-text-lg:text-22 user-text-xl:text-24\"><a href=\"https:\/\/www.t-online.de\/themen\/wladimir-putin\/\" class=\"transition-colors cursor-pointer no-underline md:hover:text-magenta md:focus:text-magenta border-b border-solid border-current text-salemsfur md:hover:border-magenta\" data-tracking=\"{&quot;action&quot;:&quot;click&quot;,&quot;category&quot;:&quot;intextLink&quot;,&quot;label&quot;:&quot;\/themen\/wladimir-putin\/&quot;}\" data-sctrack=\"BodyAnchor\" rel=\"nofollow noopener\" target=\"_blank\">Wladimir Putin<\/a> hat die von Deutschland nach dem Drohnen-Vorfall von Leipzig angek\u00fcndigten Sanktionen als Fehler bezeichnet. &#8222;Ich denke, dass das ein erneuter schwerer Fehler ist&#8220;, sagte Putin am Dienstag in einer von der russischen Nachrichtenagentur Tass \u00fcbertragenen Pressekonferenz in Bischkek (Kirgistan). &#8222;Wo sind die Beweise?&#8220;, fragte der Kremlchef. Bisher vorgelegte Belege bezeichnete er als &#8222;gef\u00e4lscht&#8220;.<\/p>\n<p class=\"text-18 leading-17 user-text-lg:text-22 user-text-xl:text-24\">Die Reaktion der <a href=\"https:\/\/www.t-online.de\/themen\/bundesregierung\/\" class=\"transition-colors cursor-pointer no-underline md:hover:text-magenta md:focus:text-magenta border-b border-solid border-current text-salemsfur md:hover:border-magenta\" data-tracking=\"{&quot;action&quot;:&quot;click&quot;,&quot;category&quot;:&quot;intextLink&quot;,&quot;label&quot;:&quot;\/themen\/bundesregierung\/&quot;}\" data-sctrack=\"BodyAnchor\" rel=\"nofollow noopener\" target=\"_blank\">Bundesregierung<\/a> um Bundeskanzler <a href=\"https:\/\/www.t-online.de\/themen\/friedrich-merz\/\" class=\"transition-colors cursor-pointer no-underline md:hover:text-magenta md:focus:text-magenta border-b border-solid border-current text-salemsfur md:hover:border-magenta\" data-tracking=\"{&quot;action&quot;:&quot;click&quot;,&quot;category&quot;:&quot;intextLink&quot;,&quot;label&quot;:&quot;\/themen\/friedrich-merz\/&quot;}\" data-sctrack=\"BodyAnchor\" rel=\"nofollow noopener\" target=\"_blank\">Friedrich Merz<\/a> sei vor allem innenpolitisch motiviert. &#8222;Meiner Meinung l\u00e4uft dies eindeutig den Interessen des deutschen Volkes zuwider&#8220; behauptete Putin und erg\u00e4nzte, die Reaktion der Bundesregierung h\u00e4nge mit den &#8222;bevorstehenden Wahlk\u00e4mpfen&#8220; zusammen. &#8222;Merz hat das Vertrauen der B\u00fcrger verloren, da er die nationalen Interessen Deutschlands nicht sch\u00fctzt&#8220;, sagte Putin nach dem Gipfeltreffen der Shanghaier Organisation f\u00fcr Zusammenarbeit (SCO). <a href=\"https:\/\/www.t-online.de\/nachrichten\/ukraine\/id_101415884\/drohnen-vorwuerfe-i-sigmar-gabriel-putin-wird-das-nicht-beeindrucken-.html\" class=\"transition-colors cursor-pointer no-underline md:hover:text-magenta md:focus:text-magenta border-b border-solid border-current text-salemsfur md:hover:border-magenta\" data-tracking=\"{&quot;action&quot;:&quot;click&quot;,&quot;category&quot;:&quot;intextLink&quot;,&quot;label&quot;:&quot;\/nachrichten\/ukraine\/id_101415884\/drohnen-vorwuerfe-i-sigmar-gabriel-putin-wird-das-nicht-beeindrucken-.html&quot;}\" data-sctrack=\"BodyAnchor\" rel=\"nofollow noopener\" target=\"_blank\">Hier lesen Sie mehr zu dem Thema.<\/a><\/p>\n<p>Putin spricht bei Vormarsch in der Ukraine von Fortschritten<\/p>\n<p class=\"text-18 leading-17 user-text-lg:text-22 user-text-xl:text-24\">Im Krieg in der <a href=\"https:\/\/www.t-online.de\/themen\/ukraine\/\" class=\"transition-colors cursor-pointer no-underline md:hover:text-magenta md:focus:text-magenta border-b border-solid border-current text-salemsfur md:hover:border-magenta\" data-tracking=\"{&quot;action&quot;:&quot;click&quot;,&quot;category&quot;:&quot;intextLink&quot;,&quot;label&quot;:&quot;\/themen\/ukraine\/&quot;}\" data-sctrack=\"BodyAnchor\" rel=\"nofollow noopener\" target=\"_blank\">Ukraine<\/a> kommen die russischen Truppen laut Darstellung von Kremlchef Wladimir Putin immer schneller voran. Russische Einheiten seien im Donezker Gebiet bis auf wenige Kilometer an die St\u00e4dte Slowjansk, Kramatorsk und Druschkiwka heranger\u00fcckt, behauptete er in der kirgisischen Hauptstadt Bischkek vor Vertretern staatlicher Medien. Die Stadt Swjatohirsk sei erneut unter russischer Kontrolle; und in Dobropillja gebe es bereits Stra\u00dfenk\u00e4mpfe.<\/p>\n<p class=\"text-18 leading-17 user-text-lg:text-22 user-text-xl:text-24\">Putins Angaben zu angeblichen Erfolgen an der Front widersprechen den Einsch\u00e4tzungen ukrainischer und westlicher Beobachter, die zuletzt \u00fcbereinstimmend eine Verlangsamung des russischen Vormarsches feststellten.<\/p>\n<p class=\"text-18 leading-17 user-text-lg:text-22 user-text-xl:text-24\">In der S\u00fcdukraine stie\u00df die russische Armee dem Kremlchef zufolge im Gebiet Saporischschja zudem bis in das Zentrum der Stadt Orichiw vor. In der Nordostukraine verlaufe die Frontlinie nur noch rund zw\u00f6lf Kilometer von der Gebietshauptstadt Sumy entfernt, meinte Putin weiter. In der ostukrainischen Region Charkiw sei auf dem Ostufer des Flusses Oskil eine gr\u00f6\u00dfere Gruppierung der ukrainischen Streitkr\u00e4fte eingeschlossen worden.<\/p>\n<p>Selenskyj warnt vor Fl\u00fcgen \u00fcber Russland<\/p>\n<p class=\"text-18 leading-17 user-text-lg:text-22 user-text-xl:text-24\">Der ukrainische Pr\u00e4sident <a href=\"https:\/\/www.t-online.de\/themen\/wolodymyr-selenskyj\/\" class=\"transition-colors cursor-pointer no-underline md:hover:text-magenta md:focus:text-magenta border-b border-solid border-current text-salemsfur md:hover:border-magenta\" data-tracking=\"{&quot;action&quot;:&quot;click&quot;,&quot;category&quot;:&quot;intextLink&quot;,&quot;label&quot;:&quot;\/themen\/wolodymyr-selenskyj\/&quot;}\" data-sctrack=\"BodyAnchor\" rel=\"nofollow noopener\" target=\"_blank\">Wolodymyr Selenskyj<\/a> hat alle Fluggesellschaften vor Fl\u00fcgen \u00fcber <a href=\"https:\/\/www.t-online.de\/themen\/russland\/\" class=\"transition-colors cursor-pointer no-underline md:hover:text-magenta md:focus:text-magenta border-b border-solid border-current text-salemsfur md:hover:border-magenta\" data-tracking=\"{&quot;action&quot;:&quot;click&quot;,&quot;category&quot;:&quot;intextLink&quot;,&quot;label&quot;:&quot;\/themen\/russland\/&quot;}\" data-sctrack=\"BodyAnchor\" rel=\"nofollow noopener\" target=\"_blank\">Russland<\/a> gewarnt. &#8222;Der russische Luftraum wird vollkommen unsicher&#8220;, sagte Selenskyj in seiner abendlichen Videobotschaft. Die Ukraine drohe dabei jedoch nicht der zivilen Luftfahrt oder einzelnen Flugzeugen. &#8222;Es wird einfach so viele Drohnen im russischen Luftraum geben, dass man dies ber\u00fccksichtigen muss&#8220;, erkl\u00e4rte der Staatschef. Der russische Luftraum werde &#8222;faktisch&#8220; geschlossen. Erst vergangene Woche hatte er den Einsatz von bis zu 1.000 weitreichenden Drohnen t\u00e4glich angedroht.<\/p>\n<p><a href=\"#focus-1\" class=\"transition-colors block text-current relative\" data-sctrack=\"FocusGalleryImage.Reference\"><img   loading=\"lazy\" src=\"https:\/\/www.europesays.com\/de\/wp-content\/uploads\/2026\/09\/wolodymyr-selenskyj-vor-seinem-regierungsflieger-der-ukrainische-praesident-droht-mit-angriffen-auf-.jpeg\" alt=\"Wolodymyr Selenskyj vor seinem Regierungsflieger: Der ukrainische Pr\u00e4sident droht mit Angriffen auf Moskau. (Archivbild)\" title=\"Wolodymyr Selenskyj vor seinem Regierungsflieger: Der ukrainische Pr\u00e4sident droht mit Angriffen auf Moskau. (Archivbild)\" width=\"1974\" height=\"1111\" class=\"h-full w-full max-w-full rounded-8\" decoding=\"async\"\/><img loading=\"lazy\" src=\"https:\/\/www.t-online.de\/s\/paper\/_next\/static\/media\/zoom-in.f7dae02f.svg\" alt=\"Vergr\u00f6\u00dfern des Bildes\" title=\"Vergr\u00f6\u00dfern des Bildes\" class=\"block h-[calc(var(--height)_\/_16_*_1rem)] w-[calc(var(--width)_\/_16_*_1rem)] max-w-none absolute right-8 bottom-8 rounded-4 bg-snow p-8\" style=\"--width:32;--height:32\" decoding=\"async\"\/>Der ukrainische Pr\u00e4sident Wolodymyr Selenskyj vor seinem Regierungsflieger: &#8222;Der russische Luftraum wird vollkommen unsicher&#8220;. (Quelle: IMAGO\/Ukraine Presidency via Bestimage\/imago)<\/a><\/p>\n","protected":false},"excerpt":{"rendered":"Newsblog zum Krieg in der Ukraine Putin an Deutschland: &#8222;Ein erneuter schwerer Fehler&#8220; Aktualisiert am 02.09.2026 &#8211; 00:44&hellip;\n","protected":false},"author":2,"featured_media":1274742,"comment_status":"","ping_status":"","sticky":false,"template":"","format":"standard","meta":{"footnotes":"","_share_on_mastodon":"0"},"categories":[4013],"tags":[1217,326,6079,522,331,332,296,144510,1173,29,100255,1478,7563,775,13,5793,47259,68280,5020,71,308,14,15,3129,263132,29177,263131,4043,4044,850,307,9562,12,8645,56373,11904,263130,317,312,64,306,107],"class_list":["post-1274741","post","type-post","status-publish","format-standard","has-post-thumbnail","category-russland","tag-1217","tag-326","tag-6079","tag-522","tag-aktuelle-nachrichten","tag-aktuelle-news","tag-berlin","tag-bischkek","tag-bundesregierung","tag-deutschland","tag-dobropillja","tag-drohne","tag-flughafen-leipzig-halle","tag-friedrich-merz","tag-headlines","tag-kiew","tag-kirgistan","tag-kramatorsk","tag-kreml","tag-leipzig","tag-moskau","tag-nachrichten","tag-news","tag-newsblog","tag-nordostukraine","tag-oleksij-makejew","tag-orichiw","tag-russia","tag-russian-federation","tag-russische-foederation","tag-russland","tag-sanktion","tag-schlagzeilen","tag-st-petersburg","tag-suedukraine","tag-sumy","tag-swjatohirsk","tag-ukraine","tag-ukrainekrieg","tag-usa","tag-wladimir-putin","tag-wolodymyr-selenskyj"],"share_on_mastodon":{"url":"","error":"Validation failed: Text character limit of 500 exceeded"},"_links":{"self":[{"href":"https:\/\/www.europesays.com\/de\/wp-json\/wp\/v2\/posts\/1274741","targetHints":{"allow":["GET"]}}],"collection":[{"href":"https:\/\/www.europesays.com\/de\/wp-json\/wp\/v2\/posts"}],"about":[{"href":"https:\/\/www.europesays.com\/de\/wp-json\/wp\/v2\/types\/post"}],"author":[{"embeddable":true,"href":"https:\/\/www.europesays.com\/de\/wp-json\/wp\/v2\/users\/2"}],"replies":[{"embeddable":true,"href":"https:\/\/www.europesays.com\/de\/wp-json\/wp\/v2\/comments?post=1274741"}],"version-history":[{"count":0,"href":"https:\/\/www.europesays.com\/de\/wp-json\/wp\/v2\/posts\/1274741\/revisions"}],"wp:featuredmedia":[{"embeddable":true,"href":"https:\/\/www.europesays.com\/de\/wp-json\/wp\/v2\/media\/1274742"}],"wp:attachment":[{"href":"https:\/\/www.europesays.com\/de\/wp-json\/wp\/v2\/media?parent=1274741"}],"wp:term":[{"taxonomy":"category","embeddable":true,"href":"https:\/\/www.europesays.com\/de\/wp-json\/wp\/v2\/categories?post=1274741"},{"taxonomy":"post_tag","embeddable":true,"href":"https:\/\/www.europesays.com\/de\/wp-json\/wp\/v2\/tags?post=1274741"}],"curies":[{"name":"wp","href":"https:\/\/api.w.org\/{rel}","templated":true}]}}