{"id":1274751,"date":"2026-09-02T00:47:25","date_gmt":"2026-09-02T00:47:25","guid":{"rendered":"https:\/\/www.europesays.com\/de\/1274751\/"},"modified":"2026-09-02T00:47:25","modified_gmt":"2026-09-02T00:47:25","slug":"europa-steht-vor-enormen-kosten-durch-waldbraende","status":"publish","type":"post","link":"https:\/\/www.europesays.com\/de\/1274751\/","title":{"rendered":"Europa steht vor enormen Kosten durch Waldbr\u00e4nde."},"content":{"rendered":"<p><img decoding=\"async\" style=\"cursor:pointer\" src=\"https:\/\/www.europesays.com\/de\/wp-content\/uploads\/2026\/09\/1788265973515_2060682134176807739_4860473999407910609_5e813915fc714b7403d3309c9aa95c7a.jpg\" data-original=\"https:\/\/www.europesays.com\/de\/wp-content\/uploads\/2026\/09\/1788265973515_2060682134176807739_4860473999407910609_5e813915fc714b7403d3309c9aa95c7a.jpg\" alt=\"1788265973515_2060682134176807739_4860473999407910609_5e813915fc714b7403d3309c9aa95c7a.jpg\" src-mobile=\"\" data-file-id=\"485406\"\/> In Griechenland w\u00fcten Waldbr\u00e4nde. Foto: Reuters<\/p>\n<p> Allein im Sommer 2026 werden die wirtschaftlichen Verluste durch Waldbr\u00e4nde in Europa auf rund 15,6 bis 19,1 Milliarden Euro gesch\u00e4tzt, wobei der Schwerpunkt auf Frankreich, <a class=\"data-link\" data-org-href=\"https:\/\/www.vietnam.vn\/de\/tag\/tay-ban-nha\" href=\"https:\/\/www.vietnam.vn\/de\/tag\/tay-ban-nha\" title=\"Spanien\" target=\"_blank\" rel=\"nofollow noopener\">Spanien<\/a> und Griechenland liegt.<\/p>\n<p> Diese Zahl ber\u00fccksichtigt nicht vollst\u00e4ndig die Kosten f\u00fcr die Wiederherstellung des Waldes, die Infrastruktur, die Landwirtschaft und <a class=\"data-link\" data-org-href=\"https:\/\/www.vietnam.vn\/de\/category\/kinh-te\" href=\"https:\/\/www.vietnam.vn\/de\/category\/kinh-te\" title=\"Wirtschaft\" target=\"_blank\" rel=\"nofollow noopener\">die wirtschaftlichen<\/a> Verluste, die nach dem L\u00f6schen des Feuers entstehen.<\/p>\n<p> Spanien geh\u00f6rte zu den am st\u00e4rksten betroffenen L\u00e4ndern. Bis Ende Juli waren etwa 172.400 Hektar Wald verbrannt.<\/p>\n<p> Bei gesch\u00e4tzten Kosten f\u00fcr die Brandbek\u00e4mpfung von 10.000 bis 19.000 Euro pro Hektar k\u00f6nnten allein die Kosten f\u00fcr die Brandbek\u00e4mpfungsma\u00dfnahmen 1,7 bis 3,3 Milliarden Euro betragen.<\/p>\n<p> Dies sind lediglich die direkten Kosten, die Wiederherstellung der zerst\u00f6rten Gebiete ist nicht inbegriffen. Auch nach der Brandbek\u00e4mpfung werden weitere Kosten anfallen.<\/p>\n<p> Die Regierung muss Vertriebene unterst\u00fctzen, Stra\u00dfen und wichtige Infrastruktur wiederherstellen sowie W\u00e4lder und <a class=\"data-link\" data-org-href=\"https:\/\/www.vietnam.vn\/de\/category\/nong-nghiep\" href=\"https:\/\/www.vietnam.vn\/de\/category\/nong-nghiep\" title=\"Landwirtschaft\" target=\"_blank\" rel=\"nofollow noopener\">landwirtschaftliche<\/a> Fl\u00e4chen sanieren.<\/p>\n<p> In stark betroffenen Gebieten kann es Jahre dauern, bis sich die wirtschaftliche Aktivit\u00e4t wieder normalisiert hat.<\/p>\n<p> Die Auswirkungen von Extremwetterereignissen reichen weit \u00fcber die von den Br\u00e4nden betroffenen Gebiete hinaus. <a class=\"data-link\" data-org-href=\"https:\/\/www.vietnam.vn\/de\/tag\/nang-nong\" href=\"https:\/\/www.vietnam.vn\/de\/tag\/nang-nong\" title=\"Hei\u00dfes Wetter\" target=\"_blank\" rel=\"nofollow noopener\">Hitzewellen<\/a> und D\u00fcrren verringern die Arbeitsproduktivit\u00e4t und die landwirtschaftliche Produktion, belasten die Stromversorgungssysteme und beeintr\u00e4chtigen den Transport.<\/p>\n<p> Bei gro\u00dfen Fl\u00fcssen wie dem Rhein und der Donau k\u00f6nnen niedrige Wasserst\u00e4nde den Warentransport behindern und dadurch die Produktion beeintr\u00e4chtigen.<\/p>\n<p> Eine Anfang August von der Triodos Bank ver\u00f6ffentlichte Analyse sch\u00e4tzte, dass die <a class=\"data-link\" data-org-href=\"https:\/\/www.vietnam.vn\/de\/tag\/mua-he\" href=\"https:\/\/www.vietnam.vn\/de\/tag\/mua-he\" title=\"Sommer\" target=\"_blank\" rel=\"nofollow noopener\">diesj\u00e4hrige<\/a> Hitzewelle und die extremen Wetterbedingungen die EU-Wirtschaft rund 180 Milliarden Euro kosten k\u00f6nnten, was fast 1 % des BIP entspricht.<\/p>\n<p> Frankreich d\u00fcrfte am st\u00e4rksten betroffen sein, mit einem potenziellen R\u00fcckgang des BIP-Wachstums um 1,4 Prozentpunkte.<\/p>\n<p>Das k\u00f6nnte Sie interessieren<\/p>\n<p> Die Auswirkungen sind auch f\u00fcr die Bev\u00f6lkerung an den Preisen sp\u00fcrbar. D\u00fcrren und Hitzewellen verringern das Angebot an Agrarprodukten, w\u00e4hrend die Kosten f\u00fcr Produktion, Transport und Lagerung steigen.<\/p>\n<p> Die EZB sch\u00e4tzte einst, dass die Sommerhitzewelle des Jahres 2025 dazu f\u00fchren k\u00f6nnte, dass der Preis f\u00fcr unverarbeitete Lebensmittel im Euroraum innerhalb eines Jahres um 0,4 bis 0,7 Prozentpunkte steigt.<\/p>\n<p> Nach Angaben der Europ\u00e4ischen Umweltagentur haben extreme Wetterereignisse in der EU zwischen 1980 und 2024 Sch\u00e4den in H\u00f6he von rund 822 Milliarden Euro verursacht.<\/p>\n<p> Allerdings sind weniger als 20 % der Sch\u00e4den versichert. Daher tragen nach wie vor die B\u00fcrger, die Unternehmen und der Staatshaushalt den Gro\u00dfteil der Kosten.<\/p>\n<p> <b>Die Frage, ob man jetzt oder sp\u00e4ter zahlt.<\/b><\/p>\n<p> Dieser Druck entsteht zu einem Zeitpunkt, an dem viele europ\u00e4ische Regierungen bereits ihre Haushalte f\u00fcr eine Reihe anderer Bed\u00fcrfnisse wie Verteidigung, <a class=\"data-link\" data-org-href=\"https:\/\/www.vietnam.vn\/de\/category\/y-te\" href=\"https:\/\/www.vietnam.vn\/de\/category\/y-te\" title=\"medizinische\" target=\"_blank\" rel=\"nofollow noopener\">Gesundheitswesen<\/a> , Renten und Energie ausgleichen m\u00fcssen. <\/p>\n<p><img decoding=\"async\" style=\"cursor:pointer\" src=\"https:\/\/www.europesays.com\/de\/wp-content\/uploads\/2026\/09\/2026-08-21t115406z_1_lop698821082026rp1_rtrmadp_baseimage-960x540_europe-weather-france-wildfire-res.jpeg\" data-original=\"https:\/\/www.europesays.com\/de\/wp-content\/uploads\/2026\/09\/2026-08-21t115406z_1_lop698821082026rp1_rtrmadp_baseimage-960x540_europe-weather-france-wildfire-res.jpeg\" alt=\"2026-08-21t115406z_1_lop698821082026rp1_rtrmadp_baseimage-960x540_europe-weather-france-wildfire-residents.jpg\" src-mobile=\"\" data-file-id=\"485407\"\/> Bewohner stehen neben einem ausgebrannten Haus in der Stadt Le Porge im S\u00fcdwesten Frankreichs. Foto: Reuters.<\/p>\n<p> Die Kosten f\u00fcr die Bek\u00e4mpfung von Waldbr\u00e4nden und extremen Wetterereignissen werden daher zu einem immer wichtigeren Thema der \u00f6ffentlichen Finanzen.<\/p>\n<p> Doch K\u00fcrzungen bei den Investitionen in Pr\u00e4ventivma\u00dfnahmen k\u00f6nnten sp\u00e4ter zu h\u00f6heren Kosten f\u00fchren.<\/p>\n<p> Die Europ\u00e4ische Kommission (EK) sch\u00e4tzt, dass die EU bis 2050 j\u00e4hrlich rund 70 Milliarden Euro f\u00fcr Ma\u00dfnahmen zur Anpassung an den Klimawandel ben\u00f6tigt, darunter die Modernisierung der Infrastruktur, der Wasserversorgungssysteme, den Schutz der Landwirtschaft und die Erh\u00f6hung der Widerstandsf\u00e4higkeit gegen\u00fcber extremen Wetterereignissen.<\/p>\n<p> Investitionen in die Forstwirtschaft und die Brandverh\u00fctung k\u00f6nnen L\u00e4ndern helfen, die Kosten der Brandbek\u00e4mpfung zu senken, den Verlust von Menschenleben und Eigentum zu begrenzen und die Erholungszeit nach Naturkatastrophen zu verk\u00fcrzen.<\/p>\n<p> Die EU-Umweltkommissarin Jessika Roswall argumentiert, dass die L\u00e4nder die Investitionen in die Wald- und \u00d6kosystembewirtschaftung erh\u00f6hen m\u00fcssen, um das Risiko gro\u00dfer Waldbr\u00e4nde zu verringern.<\/p>\n<p>Das k\u00f6nnte Sie interessieren<\/p>\n<p> Der Klimawandel versch\u00e4rft die Hitze- und Trockenperioden und erh\u00f6ht damit in vielen Gebieten das Risiko von Waldbr\u00e4nden.<\/p>\n<p> F\u00fcr Europa besteht die aktuelle Herausforderung daher nicht nur darin, die Br\u00e4nde zu l\u00f6schen.<\/p>\n<p> Regierungen m\u00fcssen au\u00dferdem Ressourcen finden, um k\u00fcnftige Sch\u00e4den zu verhindern, sich an sie anzupassen und sie abzumildern.<\/p>\n<p> Wer heute in den Klimaschutz investiert, kann morgen mit deutlich geringeren Ausgaben im Haushalt rechnen.<\/p>\n<p> (Synthetik)<\/p>\n<p class=\"mb-0\"> Quelle: https:\/\/hanoimoi.vn\/chau-au-doi-mat-hoa-don-chay-rung-khong-lo-1705550.html<\/p>\n","protected":false},"excerpt":{"rendered":"In Griechenland w\u00fcten Waldbr\u00e4nde. Foto: Reuters Allein im Sommer 2026 werden die wirtschaftlichen Verluste durch Waldbr\u00e4nde in Europa&hellip;\n","protected":false},"author":2,"featured_media":1274752,"comment_status":"","ping_status":"","sticky":false,"template":"","format":"standard","meta":{"footnotes":"","_share_on_mastodon":"0"},"categories":[3933],"tags":[331,332,18062,548,663,158,3934,3935,13,14,15,12,5666],"class_list":["post-1274751","post","type-post","status-publish","format-standard","has-post-thumbnail","category-eu","tag-aktuelle-nachrichten","tag-aktuelle-news","tag-budget","tag-eu","tag-europa","tag-europaeische-union","tag-europe","tag-european-union","tag-headlines","tag-nachrichten","tag-news","tag-schlagzeilen","tag-waldbrand"],"share_on_mastodon":{"url":"https:\/\/pubeurope.com\/@de\/117198695764737815","error":""},"_links":{"self":[{"href":"https:\/\/www.europesays.com\/de\/wp-json\/wp\/v2\/posts\/1274751","targetHints":{"allow":["GET"]}}],"collection":[{"href":"https:\/\/www.europesays.com\/de\/wp-json\/wp\/v2\/posts"}],"about":[{"href":"https:\/\/www.europesays.com\/de\/wp-json\/wp\/v2\/types\/post"}],"author":[{"embeddable":true,"href":"https:\/\/www.europesays.com\/de\/wp-json\/wp\/v2\/users\/2"}],"replies":[{"embeddable":true,"href":"https:\/\/www.europesays.com\/de\/wp-json\/wp\/v2\/comments?post=1274751"}],"version-history":[{"count":0,"href":"https:\/\/www.europesays.com\/de\/wp-json\/wp\/v2\/posts\/1274751\/revisions"}],"wp:featuredmedia":[{"embeddable":true,"href":"https:\/\/www.europesays.com\/de\/wp-json\/wp\/v2\/media\/1274752"}],"wp:attachment":[{"href":"https:\/\/www.europesays.com\/de\/wp-json\/wp\/v2\/media?parent=1274751"}],"wp:term":[{"taxonomy":"category","embeddable":true,"href":"https:\/\/www.europesays.com\/de\/wp-json\/wp\/v2\/categories?post=1274751"},{"taxonomy":"post_tag","embeddable":true,"href":"https:\/\/www.europesays.com\/de\/wp-json\/wp\/v2\/tags?post=1274751"}],"curies":[{"name":"wp","href":"https:\/\/api.w.org\/{rel}","templated":true}]}}