{"id":1274757,"date":"2026-09-02T00:50:13","date_gmt":"2026-09-02T00:50:13","guid":{"rendered":"https:\/\/www.europesays.com\/de\/1274757\/"},"modified":"2026-09-02T00:50:13","modified_gmt":"2026-09-02T00:50:13","slug":"russland-und-deutschland-sachsens-innenminister-nennt-anschlagsversuch-staatsterrorismus","status":"publish","type":"post","link":"https:\/\/www.europesays.com\/de\/1274757\/","title":{"rendered":"Russland und Deutschland: Sachsens Innenminister nennt Anschlagsversuch \u00bbStaatsterrorismus\u00ab"},"content":{"rendered":"<p class=\"paragraph article__item\">Der s\u00e4chsische Innenminister Armin Schuster (<a class=\"rtr-entity\" href=\"https:\/\/www.zeit.de\/thema\/cdu\" rel=\"nofollow noopener\" target=\"_blank\">CDU<\/a>) hat in Bezug auf<br \/>\n den Anschlagsversuch auf den Leipziger Flughafen von \u00bbStaatsterrorismus\u00ab gesprochen und die <a href=\"https:\/\/www.zeit.de\/politik\/deutschland\/2026-09\/bundesregierung-schliesst-russisches-generalkonsulat-in-bonn-gxe\" target=\"_blank\" rel=\"nofollow noopener\">Reaktion der Bundesregierung begr\u00fc\u00dft<\/a>. Die deutschen<br \/>\nSicherheitsbeh\u00f6rden h\u00e4tten angesichts der H\u00e4ufigkeit und Intensit\u00e4t von<br \/>\nAngriffen wie am Leipziger Flughafen eine neue Gef\u00e4hrdungslage zu<br \/>\nbew\u00e4ltigen, \u00bbweil diese Anschl\u00e4ge eine g\u00e4nzlich neue terroristische<br \/>\nBedrohung darstellen, die man klar als Staatsterrorismus benennen und<br \/>\nbek\u00e4mpfen muss\u00ab, sagte Schuster den Zeitungen der Funke Mediengruppe.\n<\/p>\n<p class=\"paragraph article__item\">Die <a class=\"rtr-entity\" href=\"https:\/\/www.zeit.de\/thema\/bundesregierung\" rel=\"nofollow noopener\" target=\"_blank\">Bundesregierung<\/a> hatte zuvor mitgeteilt, dass der gescheiterte Anschlag mit<br \/>\neiner Sprengstoff-Drohne auf dem Flughafen Leipzig\/Halle nach ihren<br \/>\n Erkenntnissen auf Russland zur\u00fcckgehe. Sie k\u00fcndigte eine Reihe von<br \/>\nMa\u00dfnahmen zur Vergeltung des Angriffs an, etwa die Schlie\u00dfung des<br \/>\nrussischen Generalkonsulats in Bonn, die K\u00fcndigung des Vertrags \u00fcber<br \/>\ndas Russische Haus in Berlin und weitere Sanktionen.\n<\/p>\n<p class=\"paragraph article__item\">Schuster sagte, es<br \/>\n sei deshalb \u00bbimmens wichtig, dass wir in Sachsen, aber auch bundesweit<br \/>\nden eingeschlagenen Weg fortsetzen und Polizei und Nachrichtendienste<br \/>\nmit den richtigen Befugnissen und angemessenen technischen Mitteln<br \/>\nausstatten\u00ab.\n<\/p>\n<p>            Gr\u00fcne kritisieren Reaktion als \u00bblange \u00fcberf\u00e4llig\u00ab            <\/p>\n<p class=\"paragraph article__item\">Auch die <a href=\"https:\/\/www.zeit.de\/thema\/buendnis-90-die-gruenen\" target=\"_blank\" rel=\"nofollow noopener\">Gr\u00fcnen<\/a> begr\u00fc\u00dften das Handeln der Bundesregierung. Zugleich kritisierte der stellvertretende Fraktionsvorsitzende der Partei, Konstantin von Notz, die sp\u00e4te Reaktion. \u00bbDass die Bundesregierung nun endlich eine deutlich klarere Sprache zu dem Vorfall in Leipzig findet, begr\u00fc\u00dfen wir ausdr\u00fccklich. Das war lange \u00fcberf\u00e4llig\u00ab, sagte er der Nachrichtenagentur dpa.\n<\/p>\n<p>                            \u00a9\u00a0Lea Dohle<\/p>\n<p>\n                                        Newsletter<br \/>\n                                        Was jetzt? \u2013 Der t\u00e4gliche Morgen\u00fcberblick<\/p>\n<p class=\"newsletter-signup__text\">Starten Sie mit unserem kurzen Nachrichten-Newsletter in den Tag. Erhalten Sie zudem freitags das digitale Magazin ZEIT am Wochenende.<\/p>\n<p class=\"newsletter-signup__datapolicy\" hidden=\"\">\n            Mit Ihrer Registrierung nehmen Sie die <a href=\"https:\/\/datenschutz.zeit.de\/zon#Newsletter\" target=\"_blank\" rel=\"nofollow noopener\">Datenschutzerkl\u00e4rung<\/a> zur Kenntnis.\n        <\/p>\n<p>    Vielen Dank! Wir haben Ihnen eine E-Mail geschickt.<\/p>\n<p>Pr\u00fcfen Sie Ihr Postfach und best\u00e4tigen Sie das Newsletter-Abonnement.<\/p>\n<p class=\"paragraph article__item\">Er sei irritiert \u00fcber \u00bbdie bisherige Sprach- und Konzeptlosigkeit der Bundesregierung\u00ab, sagte von Notz. Es sei ein wichtiges Zeichen, dass Dobrindt und Wadephul zusammen vor die Presse getreten seien. Generell m\u00fcsse die Bundesregierung in Sicherheitsfragen aber besser zusammenarbeiten.\n<\/p>\n<p class=\"paragraph article__item\">Auf eine \u00c4u\u00dferung der Bundesregierung zu dem Anschlagsversuch war lange gewartet worden. Die <a href=\"https:\/\/www.zeit.de\/politik\/2026-08\/drohnen-leipzig-flughafen-sicherheit-russland\" target=\"_blank\" rel=\"nofollow noopener\">mit Sprengstoff pr\u00e4parierte Drohne<\/a><br \/>\n war bereits am 4. August im Sicherheitsbereich des Flughafens Leipzig\/Halle<br \/>\nzwischen ukrainischen Frachtmaschinen entdeckt worden. Eine <a href=\"https:\/\/www.zeit.de\/politik\/deutschland\/2026-08\/flughafen-leipzig-halle-drohne-ermittlungen-ukraine-russland\" target=\"_blank\" rel=\"nofollow noopener\">Reisegruppe<br \/>\n hatte sp\u00e4tabends eine kleine schwebende Drohne mit vier Fl\u00fcgeln entdeckt und eingefangen<\/a>. Sie trug <a href=\"https:\/\/www.zeit.de\/gesellschaft\/zeitgeschehen\/2026-08\/drohne-flughafen-leipzig-sprengsatz-sicherheitsbereich-lka\" target=\"_blank\" rel=\"nofollow noopener\">eine mutma\u00dflich von Profis selbst gebaute Sprengvorrichtung mit sich<\/a>. Sie soll zuvor <a href=\"https:\/\/www.zeit.de\/politik\/deutschland\/2026-08\/drohne-leipzig-flughafen-sprengstoff-kameraaufnahmen\" target=\"_blank\" rel=\"nofollow noopener\">direkt auf der Tragfl\u00e4che des Flugzeugs aufgeschlagen sein<\/a>. Warum der Sprengsatz nicht explodierte, ist unklar.<\/p>\n<p class=\"paragraph article__item\"><a class=\"rtr-entity\" href=\"https:\/\/www.zeit.de\/thema\/thomas-roewekamp\" rel=\"nofollow noopener\" target=\"_blank\">Thomas R\u00f6wekamp<\/a> (CDU), der Vorsitzende des Verteidigungsausschusses im Bundestag, stellte eine rasche Umsetzung der nun beschlossenen Ma\u00dfnahmen in Aussicht. Die Sofortma\u00dfnahmen gegen das Russische Haus und das russische Konsulat seien \u00bbrichtig und notwendig\u00ab, sagte R\u00f6wekamp der Rheinischen Post. \u00bbWeitere Ma\u00dfnahmen, etwa gegen die russische Schattenflotte, m\u00fcssen wir jetzt gemeinsam mit unseren Partnern beraten und anschlie\u00dfend entschlossen umsetzen\u00ab, sagte er.\n<\/p>\n<p>            Gabriel warnt vor Eskalation mit Putin            <\/p>\n<p class=\"paragraph article__item\">Der ehemalige Bundesau\u00dfenminister Sigmar Gabriel (SPD) nannte die Sanktionen angemessen und warnte vor einer Esklation im Umgang mit dem russischen Staatschef <a href=\"https:\/\/www.zeit.de\/politik\/ausland\/2026-09\/russland-drohnenangriff-flughafen-leipzig-halle-konsulat-kulturzentrum\" target=\"_blank\" rel=\"nofollow noopener\">Wladimir Putin<\/a>. \u00bbWir haben ja kein Interesse, mit <a class=\"rtr-entity\" href=\"https:\/\/www.zeit.de\/thema\/russland\" rel=\"nofollow noopener\" target=\"_blank\">Russland<\/a> in einen \u00dcberbietungswettbewerb zu kommen.\u00ab Allerdings werde das allein keinen Effekt auf Russlands Pr\u00e4sidenten haben. \u00bbEs wird ihn hoffentlich beeindrucken, wenn wir in der Nato und in Europa zusammenhalten.\u00ab Die Einigkeit k\u00f6nne die Nato zum Beispiel dadurch zeigen, \u00bbdass man Drohnen-\u00dcberfl\u00fcge \u00fcber ein Land der Nato nicht einfach hinnimmt, sondern sie runterholt oder auch ein Jagdflugzeug nicht einfach vorbeifliegen l\u00e4sst, das Nato-Gebiet \u00fcberfliegt\u00ab, sagte Gabriel.\n<\/p>\n<p class=\"paragraph article__item\">Kritik kam hingegen von BSW-Gr\u00fcnderin <a href=\"https:\/\/www.zeit.de\/thema\/sahra-wagenknecht\" target=\"_blank\" rel=\"nofollow noopener\">Sahra Wagenknecht<\/a>. \u00bbSelbst wenn Russland dahinterstehen sollte, ist eine Drohne, die keinerlei Schaden angerichtet hat, kein Grund, eine brandgef\u00e4hrliche Eskalation anzuheizen\u00ab, sagte sie. Dies k\u00f6nne in einem Krieg mit Russland enden. Die Russland zugeschriebenen Drohnen seien nicht explodiert. Bundeskanzler Friedrich Merz (CDU) warf sie vor, die Lage mit Russland zu eskalieren: \u00bbMerz f\u00fchrt uns immer n\u00e4her an einen Krieg mit Russland.\u00ab\n<\/p>\n<p>Mehr zum Thema<\/p>\n<p>            Russland        <\/p>\n<p>                <a href=\"https:\/\/www.zeit.de\/politik\/ausland\/2026-09\/drohne-anschlag-leipzig-flughafen-sprengstoff\" data-ct-label=\"Drohnenanschlag in Leipzig: Wie die Ermittler herausfanden, woher die Drohne kam\" data-uuid=\"e4733e13-a45b-4525-a3a6-0a14ae73d597\" rel=\"nofollow noopener\" target=\"_blank\"><\/p>\n<p>        Z+ (abopflichtiger Inhalt);<\/p>\n<p>    Drohnenanschlag in Leipzig:<br \/>\n                        Wie die Ermittler herausfanden, woher die Drohne kam<\/p>\n<p>                <\/a><\/p>\n<p>                <a href=\"https:\/\/www.zeit.de\/politik\/deutschland\/2026-09\/drohne-angriff-leipzig-flughafen-bundesregierung-russland\" data-ct-label=\"Drohnenangriff in Leipzig: Russland war\u2019s!\" data-uuid=\"e8e46059-6fd1-41b1-8006-6e4f74023b66\" rel=\"nofollow noopener\" target=\"_blank\"><\/p>\n<p>        Z+ (abopflichtiger Inhalt);<\/p>\n<p>    Drohnenangriff in Leipzig:<br \/>\n                        Russland war\u2019s!<\/p>\n<p>                <\/a><\/p>\n<p>                <a href=\"https:\/\/www.zeit.de\/politik\/ausland\/2026-08\/claudia-major-drohnenangriff-leipzig-russland-ukraine\" data-ct-label=\"Claudia Major: \u00bbF\u00fcr Putin ist dieser Herbst ein Moment der europ\u00e4ischen Schw\u00e4che\u00ab \" data-uuid=\"f6c685d4-a3d4-4e3f-9b3a-afe0e019095b\" rel=\"nofollow noopener\" target=\"_blank\"><\/p>\n<p>        Z+ (abopflichtiger Inhalt);<\/p>\n<p>    Claudia Major:<br \/>\n                        \u00bbF\u00fcr Putin ist dieser Herbst ein Moment der europ\u00e4ischen Schw\u00e4che\u00ab <\/p>\n<p>                <\/a><\/p>\n","protected":false},"excerpt":{"rendered":"Der s\u00e4chsische Innenminister Armin Schuster (CDU) hat in Bezug auf den Anschlagsversuch auf den Leipziger Flughafen von \u00bbStaatsterrorismus\u00ab&hellip;\n","protected":false},"author":2,"featured_media":1274758,"comment_status":"","ping_status":"","sticky":false,"template":"","format":"standard","meta":{"footnotes":"","_share_on_mastodon":"0"},"categories":[2],"tags":[331,3924,332,3922,159384,49664,1173,21,31,3364,29,7563,30,13,54075,71,14,3923,15,3921,16,307,263133,12,99087],"class_list":["post-1274757","post","type-post","status-publish","format-standard","has-post-thumbnail","category-deutschland","tag-aktuelle-nachrichten","tag-aktuelle-nachrichten-aus-deutschland","tag-aktuelle-news","tag-aktuelle-news-aus-deutschland","tag-anschlagsversuch","tag-armin-schuster","tag-bundesregierung","tag-buendnis-90-die-gruenen","tag-cdu","tag-de","tag-deutschland","tag-flughafen-leipzig-halle","tag-germany","tag-headlines","tag-konstantin-von-notz","tag-leipzig","tag-nachrichten","tag-nachrichten-aus-deutschland","tag-news","tag-news-aus-deutschland","tag-politik","tag-russland","tag-russland-und-deutschland","tag-schlagzeilen","tag-thomas-roewekamp"],"share_on_mastodon":{"url":"","error":"Validation failed: Text character limit of 500 exceeded"},"_links":{"self":[{"href":"https:\/\/www.europesays.com\/de\/wp-json\/wp\/v2\/posts\/1274757","targetHints":{"allow":["GET"]}}],"collection":[{"href":"https:\/\/www.europesays.com\/de\/wp-json\/wp\/v2\/posts"}],"about":[{"href":"https:\/\/www.europesays.com\/de\/wp-json\/wp\/v2\/types\/post"}],"author":[{"embeddable":true,"href":"https:\/\/www.europesays.com\/de\/wp-json\/wp\/v2\/users\/2"}],"replies":[{"embeddable":true,"href":"https:\/\/www.europesays.com\/de\/wp-json\/wp\/v2\/comments?post=1274757"}],"version-history":[{"count":0,"href":"https:\/\/www.europesays.com\/de\/wp-json\/wp\/v2\/posts\/1274757\/revisions"}],"wp:featuredmedia":[{"embeddable":true,"href":"https:\/\/www.europesays.com\/de\/wp-json\/wp\/v2\/media\/1274758"}],"wp:attachment":[{"href":"https:\/\/www.europesays.com\/de\/wp-json\/wp\/v2\/media?parent=1274757"}],"wp:term":[{"taxonomy":"category","embeddable":true,"href":"https:\/\/www.europesays.com\/de\/wp-json\/wp\/v2\/categories?post=1274757"},{"taxonomy":"post_tag","embeddable":true,"href":"https:\/\/www.europesays.com\/de\/wp-json\/wp\/v2\/tags?post=1274757"}],"curies":[{"name":"wp","href":"https:\/\/api.w.org\/{rel}","templated":true}]}}