{"id":1274771,"date":"2026-09-02T01:01:19","date_gmt":"2026-09-02T01:01:19","guid":{"rendered":"https:\/\/www.europesays.com\/de\/1274771\/"},"modified":"2026-09-02T01:01:19","modified_gmt":"2026-09-02T01:01:19","slug":"suedniedersachsen-a7-in-richtung-hannover-nach-unfall-wieder-frei-panorama","status":"publish","type":"post","link":"https:\/\/www.europesays.com\/de\/1274771\/","title":{"rendered":"S\u00fcdniedersachsen &#8211; A7 in Richtung Hannover nach Unfall wieder frei &#8211; Panorama"},"content":{"rendered":"<p data-manual=\"paragraph\" data-schema-org-speakable=\"true\" class=\"css-1eosz7k\">Northeim (dpa\/lni) &#8211; Die Vollsperrung der Autobahn 7 n\u00f6rdlich von G\u00f6ttingen nach einem Unfall ist aufgehoben worden. Die Bergungsarbeiten seien beendet, die Fahrbahn sei wieder frei, teilte die Polizei am sp\u00e4ten Abend mit. Betroffen war der Abschnitt zwischen N\u00f6rten-Hardenberg und Northeim-West in Fahrtrichtung Hannover. Angaben zu Verletzten oder zum Unfallhergang gab es zun\u00e4chst nicht.\u00a0<\/p>\n<p data-manual=\"paragraph\" data-schema-org-speakable=\"true\" class=\"css-1eosz7k\">Es hatte sich ein Stau gebildet. Die Polizei rief Autofahrer daher dazu auf, eine Rettungsgasse zu bilden und vorsichtig an das Stauende heranzufahren. Auf allen Fahrstreifen seien Fahrzeugteile verteilt gewesen und es sei \u00d6l ausgelaufen.<\/p>\n<p data-manual=\"paragraph\" data-schema-org-speakable=\"true\" class=\"css-1eosz7k\">\u00a9 dpa-infocom, dpa:260901-930-617259\/2<\/p>\n","protected":false},"excerpt":{"rendered":"Northeim (dpa\/lni) &#8211; Die Vollsperrung der Autobahn 7 n\u00f6rdlich von G\u00f6ttingen nach einem Unfall ist aufgehoben worden. Die&hellip;\n","protected":false},"author":2,"featured_media":1274772,"comment_status":"","ping_status":"","sticky":false,"template":"","format":"standard","meta":{"footnotes":"","_share_on_mastodon":"0"},"categories":[1836],"tags":[3364,29,30,46,1411,1974,149,2624,67932,3094,601],"class_list":["post-1274771","post","type-post","status-publish","format-standard","has-post-thumbnail","category-hannover","tag-de","tag-deutschland","tag-germany","tag-hannover","tag-niedersachsen","tag-panorama","tag-sueddeutsche-zeitung","tag-unfaelle","tag-ungefaehrer-ort-des-geschehens","tag-unglueck-und-unfall","tag-verkehr"],"share_on_mastodon":{"url":"https:\/\/pubeurope.com\/@de\/117198748851073105","error":""},"_links":{"self":[{"href":"https:\/\/www.europesays.com\/de\/wp-json\/wp\/v2\/posts\/1274771","targetHints":{"allow":["GET"]}}],"collection":[{"href":"https:\/\/www.europesays.com\/de\/wp-json\/wp\/v2\/posts"}],"about":[{"href":"https:\/\/www.europesays.com\/de\/wp-json\/wp\/v2\/types\/post"}],"author":[{"embeddable":true,"href":"https:\/\/www.europesays.com\/de\/wp-json\/wp\/v2\/users\/2"}],"replies":[{"embeddable":true,"href":"https:\/\/www.europesays.com\/de\/wp-json\/wp\/v2\/comments?post=1274771"}],"version-history":[{"count":0,"href":"https:\/\/www.europesays.com\/de\/wp-json\/wp\/v2\/posts\/1274771\/revisions"}],"wp:featuredmedia":[{"embeddable":true,"href":"https:\/\/www.europesays.com\/de\/wp-json\/wp\/v2\/media\/1274772"}],"wp:attachment":[{"href":"https:\/\/www.europesays.com\/de\/wp-json\/wp\/v2\/media?parent=1274771"}],"wp:term":[{"taxonomy":"category","embeddable":true,"href":"https:\/\/www.europesays.com\/de\/wp-json\/wp\/v2\/categories?post=1274771"},{"taxonomy":"post_tag","embeddable":true,"href":"https:\/\/www.europesays.com\/de\/wp-json\/wp\/v2\/tags?post=1274771"}],"curies":[{"name":"wp","href":"https:\/\/api.w.org\/{rel}","templated":true}]}}