{"id":1274773,"date":"2026-09-02T01:02:43","date_gmt":"2026-09-02T01:02:43","guid":{"rendered":"https:\/\/www.europesays.com\/de\/1274773\/"},"modified":"2026-09-02T01:02:43","modified_gmt":"2026-09-02T01:02:43","slug":"von-magdeburg-nach-hollywood-zehn-ueberraschende-fakten-ueber-christian-friedel","status":"publish","type":"post","link":"https:\/\/www.europesays.com\/de\/1274773\/","title":{"rendered":"Von Magdeburg nach Hollywood: Zehn \u00fcberraschende Fakten \u00fcber Christian Friedel"},"content":{"rendered":"<p>        <img decoding=\"async\" src=\"https:\/\/www.europesays.com\/de\/wp-content\/uploads\/2026\/09\/bild-262036.webp\" alt=\"F\u00fcnf Personen stehen am Strand und winken.\" title=\"Christian Friedel (Mitte) ist unter anderem aus der Erfolgsserie &quot;The White Lotus&quot; bekannt. Der geb\u00fcrtige Magdeburger ist aber nicht nur als Schauspieler erfolgreich. | IMAGO \/ ZUMA Press\" class=\"responsive\"\/><\/p>\n<p>AUDIO: Die vielen Gesichter des Christian Friedel (2 Min)<\/p>\n<p class=\"topline\">Neue Inszenierung in Dresden<\/p>\n<p>\n                Stand: 01.09.2026 14:32 Uhr<\/p>\n<p class=\"preface\">Christian Friedel l\u00e4sst sich nur schwer auf eine Rolle festlegen: 2025 war der geb\u00fcrtige Magdeburger in der Erfolgsserie &#8222;The White Lotus&#8220; zu sehen, im September kehrt er f\u00fcr die finale Staffel von &#8222;Babylon Berlin&#8220; zur\u00fcck. Gleichzeitig bringt er am Staatsschauspiel Dresden mit &#8222;Love, Death &amp; Shadows&#8220; seine n\u00e4chste Inszenierung auf die B\u00fchne, gemeinsam mit seiner Band Woods of Birnam. Und schon im Oktober folgt mit &#8222;Corpus Delicti&#8220; der n\u00e4chste Kinofilm. Zehn Fakten \u00fcber einen K\u00fcnstler, der zwischen Film, Theater und Musik l\u00e4ngst seinen ganz eigenen Weg geht.<\/p>\n<p class=\"textauthor\">von Anna Pr\u00f6hle, MDR KULTUR<\/p>\n<p>    1. In seiner Heimat fest verwurzelt<\/p>\n<p class=\"\">Seine ersten schauspielerischen Schritte machte er am Theater seiner <a href=\"https:\/\/www.mdr.de\/kultur\/magdeburg-beruehmte-persoenlichkeiten-kultur-102.html\" title=\"Aus Magdeburg: 20 bekannte Pers\u00f6nlichkeiten \u2013 aus Film, Kunst, Literatur und Musik\" rel=\"nofollow noopener\" target=\"_blank\">Geburtsstadt Magdeburg<\/a>. Sp\u00e4ter studierte Friedel an der Otto Falckenberg Schule M\u00fcnchen und spielte dann am Bayerischen Staatsschauspiel und an den M\u00fcnchner Kammerspielen. Nach einer weiteren Station am Schauspiel Hannover wechselte er ans Staatsschauspiel Dresden, wo er zun\u00e4chst als festes Ensemblemitglied und sp\u00e4ter als Gast aktiv war. Parallel spielt Christian Friedel am D\u00fcsseldorfer Schauspielhaus, mit seinen Inszenierungen ist er aber auch f\u00fcr Gastspiele unterwegs, etwa mit seiner Shakespeare-Motiv-Interpretation &#8222;Searching for William&#8220; in Magdeburg.<\/p>\n<p>        <img decoding=\"async\" src=\"https:\/\/www.europesays.com\/de\/wp-content\/uploads\/2026\/09\/muv-16750.webp\" alt=\"Christian Friedel, zu Gast im Studio\" title=\"Christian Friedel, zu Gast im Studio | MITTELDEUTSCHER RUNDFUNK\" class=\"responsive\" loading=\"lazy\"\/><\/p>\n<p>&#8222;G\u00e4ste zum Kaffee&#8220;<\/p>\n<p>Schauspieler und Musiker Christian Friedel begeistert auf B\u00fchne, Leinwand und Konzertpodium. Ob Film, Theater oder Musik \u2013 seine Vielseitigkeit macht ihn zu einem der spannendsten K\u00fcnstler seiner Generation.<\/p>\n<p>    2. Friedel gibt am Theater alles<\/p>\n<p class=\"\">Jede Nuance, jeder Satz, jeder Blick und auch jede Note sowie Pause wirkt, wenn Friedel auf der Theaterb\u00fchne steht. Dabei besticht er weniger durch Provokation, Lautheit oder Grenz\u00fcberschreitungen. Es ist vielmehr die innere Leidensf\u00e4higkeit und mitunter auch Verlorenheit seiner Figuren, die er brillant nach au\u00dfen zu tragen versteht.<\/p>\n<blockquote><p>\n        Viele sagen, ich besch\u00e4dige meine Karriere, weil ich zu viel in verschiedenen Bereichen arbeite. Ich sage, ich bin dadurch aber viel gl\u00fccklicher, als wenn ich sage, ich bin einfach nur ein Filmstar. Das w\u00fcrde meinem Naturell nicht entsprechen und ich glaube, dass in uns allen viel mehr steckt, als wir zu denken hoffen.<\/p>\n<p>                Christian Friedel, Schauspieler, Regisseur, Musiker<\/p>\n<\/blockquote>\n<p>                    <a href=\"https:\/\/www.europesays.com\/de\/wp-content\/uploads\/2026\/09\/macbeth-staatsschauspiel-dresden-102.webp\" class=\"zoomimage\" title=\"Bild vergr\u00f6\u00dfern\"><\/p>\n<p>        <img decoding=\"async\" src=\"https:\/\/www.europesays.com\/de\/wp-content\/uploads\/2026\/09\/macbeth-staatsschauspiel-dresden-102.webp\" alt=\"Ein Mann in dunkler Kleidung steht auf einer Theaterb\u00fchne vor einem Mikrofon.\" title=\"Christian Friedel als &quot;Macbeth&quot; am Staatsschauspiel Dresden.  | Sebastian Hoppe\" class=\"responsive\" loading=\"lazy\"\/><\/p>\n<p>                    <\/a><\/p>\n<p>                    Christian Friedel als &#8222;Macbeth&#8220; am Staatsschauspiel Dresden. <\/p>\n<p>    3. Macht in der Regie eine gute Figur<\/p>\n<p class=\"\">Neben seiner Arbeit als Schauspieler und Musiker ist Friedel auch als Regisseur aktiv. Im September 2026 bringt er mit &#8222;Love, Death &amp; Shadows&#8220; seine n\u00e4chste Inszenierung am Staatsschauspiel Dresden auf die B\u00fchne. Darin widmet er sich den Sonetten William Shakespeares und verbindet erneut Schauspiel, Musik und Tanz. Mit dabei sind das Ensemble des Staatsschauspiels, Friedels Band Woods of Birnam und T\u00e4nzerinnen und T\u00e4nzer des Semperoper Balletts.<\/p>\n<p>        <img decoding=\"async\" src=\"https:\/\/www.europesays.com\/de\/wp-content\/uploads\/2026\/09\/christian-friedel-188.webp\" alt=\"Christian Friedel\" title=\"Christian Friedel | picture alliance\/dpa | Hannes P. Albert\" class=\"responsive\" loading=\"lazy\"\/><\/p>\n<p>Premiere <\/p>\n<p>Der Regisseur Christian Friedel widmet sich den Sonetten Shakespeares und interpretiert sie in einer genre\u00fcbergreifenden Inszenierung mit Musik und Ballett in Dresden. Er sagt: &#8222;Mich reizt Shakespeares Sprachgewalt&#8220;.<\/p>\n<p class=\"\">Die Verbindung von Schauspiel, Musik und Shakespeare zieht sich dabei schon l\u00e4nger durch Friedels Arbeit. Bereits 2016 brachte er mit &#8222;Searching for William&#8220; Texte des Dramatikers gemeinsam mit Musik auf die B\u00fchne. Auch bei seiner &#8222;Macbeth&#8220;-Inszenierung am Staatsschauspiel Dresden setzte er auf diese Mischung: Mit Musik, Tanz und einer modernen \u00c4sthetik holte Friedel den Shakespeare-Stoff ins Heute und begeisterte damit auch ein junges Publikum.<\/p>\n<p>    4. Wagt sich im Kino an Abgr\u00fcnde<\/p>\n<p class=\"\">Sein filmischer Durchbruch gelang Christian Friedel mit der Rolle des Lehrers in &#8222;Das wei\u00dfe Band &#8211; Eine deutsche Kindergeschichte&#8220; (2009) von Michael Haneke. In &#8222;Elser \u2013 Er h\u00e4tte die Welt ver\u00e4ndert&#8220; (2015) verk\u00f6rperte er den Hitler-Attent\u00e4ter Georg Elser. Im Kinofilm &#8222;The Zone of Interest&#8220; von Jonathan Glazer spielt er den Auschwitz-Kommandanten Rudolf H\u00f6\u00df (mit <a href=\"https:\/\/www.mdr.de\/kultur\/kino-und-film\/star-,sandra-hueller-filme-empfehlung-112.html\" title=\"Leipzigs Star Sandra H\u00fcller: Die Top 9 Filme der Schauspielerin\" rel=\"nofollow noopener\" target=\"_blank\">Sandra H\u00fcller<\/a> als seiner Frau Hedwig an seiner Seite), der mit seiner Familie neben dem KZ ein idyllisches Haus bewohnt und parallel die Massenvernichtung der Juden koordiniert. Der Film \u00fcber die &#8222;Banalit\u00e4t des B\u00f6sen&#8220; wurde 2024 mit dem Oscar in den Kategorien bester internationaler Film und bester Ton ausgezeichnet.<\/p>\n<p>                    <a href=\"https:\/\/www.europesays.com\/de\/wp-content\/uploads\/2026\/09\/zone-of-interest-116.webp\" class=\"zoomimage\" title=\"Bild vergr\u00f6\u00dfern\"><\/p>\n<p>        <img decoding=\"async\" src=\"https:\/\/www.europesays.com\/de\/wp-content\/uploads\/2026\/09\/zone-of-interest-116.webp\" alt=\"Ein Mann in wei\u00dfem Hemd und Krawatte steht hinter einem edlen Tor und raucht in der D\u00e4mmerung. Im Hintergrund leuchtet ein Einfamilienhaus.\" title=\"Im oscarpr\u00e4mierten Film &quot;The Zone of Interest&quot; spielt Christian Friedel den Auschwitz-Kommandanten Rudolf H\u00f6\u00df. | IMAGO \/ Landmark Media\" class=\"responsive\" loading=\"lazy\"\/><\/p>\n<p>                    <\/a><\/p>\n<p>                    Im oscarpr\u00e4mierten Film &#8222;The Zone of Interest&#8220; spielt Christian Friedel den Auschwitz-Kommandanten Rudolf H\u00f6\u00df.<\/p>\n<p class=\"\">Ab Oktober 2026 ist Friedel au\u00dferdem in der Verfilmung von Juli Zehs Bestseller &#8222;Corpus Delicti&#8220; im Kino zu sehen. In der dystopischen Geschichte um eine Gesellschaft, die Gesundheit und Sicherheit \u00fcber individuelle Freiheit stellt, spielt er Lutz Rosentreter, den Anwalt des wegen Mordes angeklagten Moritz Holl.<\/p>\n<p>    5. \u00dcberzeugt auch in Serien und TV<\/p>\n<p class=\"\">Sp\u00e4testens seit der dritten Staffel von &#8222;The White Lotus&#8220; d\u00fcrfte Christian Friedel auch einem internationalen Serienpublikum bekannt sein: In der HBO-Erfolgsserie spielt er Fabian, den Manager des luxuri\u00f6sen Resorts in Thailand. Eine seiner bekanntesten deutschen Serienrollen begleitet ihn dagegen schon seit Jahren: Als Polizeifotograf Reinhold Gr\u00e4f ist Friedel in <a href=\"https:\/\/www.mdr.de\/geschichte\/weitere-epochen\/weimarer-republik\/goldene-zwanziger-babylon-berlin-100.html\" title=\"So waren die &quot;Goldenen Zwanziger&quot; wirklich\" rel=\"nofollow noopener\" target=\"_blank\">&#8222;Babylon Berlin&#8220;<\/a> zu sehen und kehrt am <a href=\"https:\/\/www.ardmediathek.de\/serie\/babylon-berlin\/staffel-4\/Y3JpZDovL2Rhc2Vyc3RlLmRlL2JhYnlsb24tYmVybGlu\/4\" title=\"Hier anschauen : &quot;Babylon Berlin&quot; in der ARD Mediathek\" rel=\"nofollow noopener\" target=\"_blank\">10. September 2026 auch f\u00fcr die f\u00fcnfte und finale Staffel<\/a> zur\u00fcck.<\/p>\n<p>                    <a href=\"https:\/\/www.europesays.com\/de\/wp-content\/uploads\/2026\/09\/christian-friedel-white-lotus-100.webp\" class=\"zoomimage\" title=\"Bild vergr\u00f6\u00dfern\"><\/p>\n<p>        <img decoding=\"async\" src=\"https:\/\/www.europesays.com\/de\/wp-content\/uploads\/2026\/09\/christian-friedel-white-lotus-100.webp\" alt=\"Christian Friedel in der Rolle des Fabian in &quot;The White Lotus&quot;\" title=\"Christian Friedel als Manager Fabian in der HBO-Serie &quot;The White Lotus&quot;. |  IMAGO \/ Cinema Publishers Collection\" class=\"responsive\" loading=\"lazy\"\/><\/p>\n<p>                    <\/a><\/p>\n<p>                    Christian Friedel als Manager Fabian in der HBO-Serie &#8222;The White Lotus&#8220;.<\/p>\n<p class=\"\">Dar\u00fcber hinaus war er auch in verschiedenen Tatorten und im Polizeiruf 110 als Gastdarsteller dabei. Im Fernsehfilm &#8222;Die Dasslers \u2013 Pioniere, Br\u00fcder und Rivalen&#8220; (2016) verk\u00f6rperte er Adidas-Gr\u00fcnder Adi Dassler mit hinrei\u00dfender Leidenschaft f\u00fcr Schuhe und nicht zuletzt ist Friedel mit seiner sympathischen und klugen Art auch ein gern gesehener Interviewgast.<\/p>\n<p>        <img decoding=\"async\" src=\"https:\/\/www.europesays.com\/de\/wp-content\/uploads\/2026\/09\/babylon-berlin-finale-staffel-100.webp\" alt=\"&quot;Babylon Berlin&quot; - Die finale Staffel - Keyvisual - Charlotte Ritter (Liv Lisa Fries, li.) und Gereon Rath (Volker Bruch, re.).\" title=\"&quot;Babylon Berlin&quot; - Die finale Staffel - Keyvisual - Charlotte Ritter (Liv Lisa Fries, li.) und Gereon Rath (Volker Bruch, re.). | Fr\u00e9d\u00e9ric Batier\/X Filme Creative Pool\/ARD Degeto Film\/WDR\/SWR\/HR\/Radio Bremen\/Beta Film\/BDA Creativ; Hintergrund KI-generiert\" class=\"responsive\" loading=\"lazy\"\/><\/p>\n<p>    6. Gro\u00dfe Leidenschaft ist die Musik<\/p>\n<p class=\"\">Hinter all den Masken und Kost\u00fcmen, in die Christian Friedel nur zu gern schl\u00fcpft, verbirgt sich noch eine ganz andere Seite. Die wird sp\u00e4testens dann sp\u00fcrbar, wenn er anf\u00e4ngt zu singen. Verletzlich, ber\u00fchrend und immer mit einem Hauch Melancholie erschafft er mit seiner <a href=\"https:\/\/www.mdr.de\/nachrichten\/konzert-musik-veranstalter-ticket-preise,livekonzerte-veranstalter-kultur-news-100.html\" title=\"Konzert-Veranstalter unter Druck: Steigende Kosten belasten die Branche \" rel=\"nofollow noopener\" target=\"_blank\">Band Woods of Birnam<\/a> die <a href=\"https:\/\/www.mdr.de\/nachrichten\/sachsen\/dresden\/musik-woods-birnam-solaris-album-kultur-news-100.html\" title=\"Christian Friedel als Sci-Fi-Fan: so klingt Lems &quot;Solaris&quot; bei Woods of Birnam\" rel=\"nofollow noopener\" target=\"_blank\">Klangwelten<\/a> seiner Theaterst\u00fccke und bindet die Musiker in die Inszenierungen ein. Mit Hilfe der Songs blickt er in die Seelen seiner Figuren mit all ihren Widerspr\u00fcchen und bringt so zeitgem\u00e4\u00df zum Ausdruck, was Worte allein nicht verm\u00f6gen. Zudem veranstaltet die Band j\u00e4hrlich ihr eigenes<a href=\"https:\/\/www.mdr.de\/nachrichten\/deutschland\/panorama\/konzert-musik-ticket-preise,dynamic-pricing-kultur-news-100.html\" title=\"Dynamic Pricing treibt Ticketpreise: Geht das auf Kosten der Fans? \" rel=\"nofollow noopener\" target=\"_blank\"> Festival &#8222;Come to the Woods&#8220;<\/a> in Dresden.<\/p>\n<p>                    <a href=\"https:\/\/www.europesays.com\/de\/wp-content\/uploads\/2026\/09\/woods-of-birnam-dorian-102.webp\" class=\"zoomimage\" title=\"Bild vergr\u00f6\u00dfern\"><\/p>\n<p>        <img decoding=\"async\" src=\"https:\/\/www.europesays.com\/de\/wp-content\/uploads\/2026\/09\/woods-of-birnam-dorian-102.webp\" alt=\"Die Band Woods of Birnam, vier M\u00e4nner in Anz\u00fcgen\" title=\"Christian Friedel mit seiner Band Woods of Birnam. | Carsten Beier\" class=\"responsive\" loading=\"lazy\"\/><\/p>\n<p>                    <\/a><\/p>\n<p>                    Christian Friedel mit seiner Band Woods of Birnam.<\/p>\n<p>    7. Christian Friedel ist ein Multitalent<\/p>\n<p class=\"\">In seiner 2022 am Staatsschauspiel Dresden uraufgef\u00fchrten &#8222;Macbeth&#8220;-Inszenierung f\u00fchrte Christian Friedel nicht nur Regie, sondern spielte gleichzeitig auch die Hauptrolle des dreist\u00fcndigen B\u00fchnenwerks. Den Soundtrack komponierte er gemeinsam mit seiner Band Woods of Birnam. Zwischen langen Monologen wechselte Friedel dabei sekundenschnell in die Musik und sang teils eigene Texte, teils einf\u00fchlsam vertonte Shakespeare-Zitate. Das muss erstmal jemand nachmachen.<\/p>\n<p>        <img decoding=\"async\" src=\"https:\/\/www.europesays.com\/de\/wp-content\/uploads\/2026\/09\/christian-friedel-146.webp\" alt=\"Christian Friedel\" title=\"Christian Friedel | picture alliance\/dpa | Sebastian Kahnert\" class=\"responsive\" loading=\"lazy\"\/><\/p>\n<p>Zum H\u00f6ren <\/p>\n<p>Der Schauspieler Christian Friedel \u00fcber seine Faszination f\u00fcr Shakespeare.<\/p>\n<p>    8. Hat ein Herz f\u00fcr Kinder<\/p>\n<p class=\"\">Schon zu Schulzeiten unterhielt Christian Friedel seine Mitsch\u00fclerinnen und Mitsch\u00fcler liebend gern mit Puppentheater. W\u00e4hrend des Studiums wirkte er in Kinderh\u00f6rspielen mit und 2023 \u00fcbernahm er im Kinder-H\u00f6rspiel-Podcast &#8222;Figarinos Fahrradladen&#8220; von MDR Tweens die <a href=\"https:\/\/www.mdr.de\/tweens\/podcast\/figarino\/artikel-figarino-neue-folge-will-shakespeare-mdr-100.html\" title=\"Will Shakespeare mit Schauspieler Christian Friedel\" rel=\"nofollow noopener\" target=\"_blank\">Rolle von Will Shakespeare<\/a>, der im Fahrradladen eine Romeo-und-Julia-Inszenierung zu retten versucht. Was ihm gro\u00dfe Freude bereitete, denn, so Friedel, &#8222;nachdem ich schon ganz oft in Werken von William Shakespeare mitspielen durfte, war es ganz toll f\u00fcr mich, mal selber Shakespeare zu sein.&#8220;<\/p>\n<p>                    <a href=\"https:\/\/www.europesays.com\/de\/wp-content\/uploads\/2026\/09\/fahrradladen-130.webp\" class=\"zoomimage\" title=\"Bild vergr\u00f6\u00dfern\"><\/p>\n<p>        <img decoding=\"async\" src=\"https:\/\/www.europesays.com\/de\/wp-content\/uploads\/2026\/09\/fahrradladen-130.webp\" alt=\"In einem Aufnahmestudio stehen zwei M\u00e4nner und eine Frau vor einem Mikrofon.\" title=\"Christian Friedel bei den Aufnahmen zu &quot;Figarinos Fahrradladen&quot;. | MDR TWEENS\" class=\"responsive\" loading=\"lazy\"\/><\/p>\n<p>                    <\/a><\/p>\n<p>                    Christian Friedel bei den Aufnahmen zu &#8222;Figarinos Fahrradladen&#8220;.<\/p>\n<p>    9. Dresden ist seine Wahlheimat<\/p>\n<p class=\"\"><a href=\"https:\/\/www.mdr.de\/kultur\/ausflug-tipps\/dresden-tag-ausflug-sehenswuerdigkeiten-106.html\" title=\"Dresden an einem Tag: Die Top 6 Sehensw\u00fcrdigkeiten f\u00fcr einen Ausflug\" rel=\"nofollow noopener\" target=\"_blank\">Dresden<\/a> ist nicht nur die Wahlheimatstadt, sondern auch die musikalische Homebase Christian Friedels. Wenn er nicht gerade auf den roten Teppichen der Welt seine schauspielerische Arbeit pr\u00e4sentiert, gr\u00fcbelt und t\u00fcftelt er mit den Woods of Birnam an neuen Songideen und Stoffinterpretationen. Die Stadt <a href=\"https:\/\/www.mdr.de\/kultur\/promis-bekannte-,dresden-beruehmte-personen-kultur-104.html\" title=\"28 Pers\u00f6nlichkeiten aus Dresden: Von Erich K\u00e4stner bis Gerhard Richter\" rel=\"nofollow noopener\" target=\"_blank\">Dresden<\/a> hat ihn deshalb 2024 mit dem Kunstpreis der Landeshauptstadt geehrt.<\/p>\n<p>        <img decoding=\"async\" src=\"https:\/\/www.europesays.com\/de\/wp-content\/uploads\/2026\/09\/lebenslaeufe-230.webp\" alt=\"Der Schauspieler Christian Friedel\" title=\"Der Schauspieler Christian Friedel | MITTELDEUTSCHER RUNDFUNK\" class=\"responsive\" loading=\"lazy\"\/><\/p>\n<p>Zum H\u00f6ren <\/p>\n<p>Der Schauspieler, Musiker und Regisseur Christian Friedel \u00fcber die Bedeutung von Kultur. <\/p>\n<p>    10. Trotz Erfolg nahbar geblieben<\/p>\n<p class=\"\">Ob bei den Filmfestspielen in Cannes, beim Internationalen Filmfest in Toronto oder bei der Verleihung des Europ\u00e4ischen Filmpreises \u2013 Christian Friedel macht auf dem roten Teppich immer eine gute Figur.<\/p>\n<p>                    <a href=\"https:\/\/www.europesays.com\/de\/wp-content\/uploads\/2026\/09\/hueller-friedel-mdr-100.webp\" class=\"zoomimage\" title=\"Bild vergr\u00f6\u00dfern\"><\/p>\n<p>        <img decoding=\"async\" src=\"https:\/\/www.europesays.com\/de\/wp-content\/uploads\/2026\/09\/hueller-friedel-mdr-100.webp\" alt=\"Sandra H\u00fcller und Christian Friedel \" title=\"Sandra H\u00fcller und Christian Friedel bei den Filmfestspielen in Cannes 2023.  | IMAGO \/ Future Image\" class=\"responsive\" loading=\"lazy\"\/><\/p>\n<p>                    <\/a><\/p>\n<p>                    Sandra H\u00fcller und Christian Friedel bei den Filmfestspielen in Cannes 2023. <\/p>\n<p class=\"\">Trotz des Rummels hat der Star aber nie den Boden unter den F\u00fc\u00dfen verloren. Nach seinem Magdeburg-Gastspiel 2024 erf\u00fcllte er geduldig alle Autogramm- und Selfiew\u00fcnsche seiner zahlreichen Fans, riss mit seiner Begeisterung alle mit und genoss es sichtlich, wieder &#8222;Zuhause&#8220; zu sein.<\/p>\n<p class=\"\">Redaktionelle Bearbeitung: Lilly G\u00fcnthner, Valentina Prljic, Jessica Conrad<\/p>\n<p>Mehr Film und Kino<\/p>\n<p>        <img decoding=\"async\" src=\"https:\/\/www.europesays.com\/de\/wp-content\/uploads\/2026\/09\/bild-262238.webp\" alt=\"Wolfgang Kohlhaase\" title=\"Wolfgang Kohlhaase, einer der wichtigsten Drehbuchautoren der deutschen Filmgeschichte | IMAGO \/ teutopress\" class=\"responsive\" loading=\"lazy\"\/><\/p>\n<p>        <img decoding=\"async\" src=\"https:\/\/www.europesays.com\/de\/wp-content\/uploads\/2026\/09\/wlaschiha-schauspieler-100.webp\" alt=\"Der Schauspieler Tom Wlaschiha in wei\u00dfem Pullover. \" title=\"Der Schauspieler Tom Wlaschiha in wei\u00dfem Pullover.  | picture alliance\/dpa | Felix H\u00f6rhager\" class=\"responsive\" loading=\"lazy\"\/><\/p>\n<p>        <img decoding=\"async\" src=\"https:\/\/www.europesays.com\/de\/wp-content\/uploads\/2026\/09\/kundschafter-des-friedens-118.webp\" alt=\"Szenenbild - Kundschafter des Friedens 2\" title=\"Szenenbild - Kundschafter des Friedens 2 | Majestic Filmverleih GmbH\" class=\"responsive\" loading=\"lazy\"\/><\/p>\n<p>Geburtstag am 20. Februar<\/p>\n<p>        <img decoding=\"async\" src=\"https:\/\/www.europesays.com\/de\/wp-content\/uploads\/2026\/09\/sandra-hueller-ingeborg-bachmann-film-108.webp\" alt=\"Eine Frau sitzt an einem Flussufer.\" title=\"Sandra H\u00fcller als Ingeborg Bachmann im Film &quot;Ingeborg Bachmann - Jemand, der ich einmal war&quot; | \u00a9 Elliott Kreyenberg\" class=\"responsive\" loading=\"lazy\"\/><\/p>\n<p>        <img decoding=\"async\" src=\"https:\/\/www.europesays.com\/de\/wp-content\/uploads\/2026\/06\/kino-432.webp\" alt=\"roter Kinosaal\" title=\"roter Kinosaal | IMAGO \/ Funke Foto Services\" class=\"responsive\" loading=\"lazy\"\/><\/p>\n<p>Zur \u00dcbersicht<\/p>\n<p>Empfehlungen zu Filmen und Serien aus Sachsen, Sachsen-Anhalt und Th\u00fcringen und die besten Tipps und Fundst\u00fccke aus der ARD Mediathek zum Streamen in Ihrer Freizeit.<\/p>\n","protected":false},"excerpt":{"rendered":"AUDIO: Die vielen Gesichter des Christian Friedel (2 Min) Neue Inszenierung in Dresden Stand: 01.09.2026 14:32 Uhr Christian&hellip;\n","protected":false},"author":2,"featured_media":1274774,"comment_status":"","ping_status":"","sticky":false,"template":"","format":"standard","meta":{"footnotes":"","_share_on_mastodon":"0"},"categories":[1835],"tags":[157398,263137,3364,29,2386,2701,30,259757,859,935,263136,236137,157397],"class_list":["post-1274773","post","type-post","status-publish","format-standard","has-post-thumbnail","category-dresden","tag-christian-friedel","tag-das-weisse-band","tag-de","tag-deutschland","tag-dresden","tag-geburtstag","tag-germany","tag-macbeth","tag-sachsen","tag-schauspieler","tag-the-white-lotus","tag-the-zone-of-interest","tag-woods-of-birnam"],"share_on_mastodon":{"url":"https:\/\/pubeurope.com\/@de\/117198755781819628","error":""},"_links":{"self":[{"href":"https:\/\/www.europesays.com\/de\/wp-json\/wp\/v2\/posts\/1274773","targetHints":{"allow":["GET"]}}],"collection":[{"href":"https:\/\/www.europesays.com\/de\/wp-json\/wp\/v2\/posts"}],"about":[{"href":"https:\/\/www.europesays.com\/de\/wp-json\/wp\/v2\/types\/post"}],"author":[{"embeddable":true,"href":"https:\/\/www.europesays.com\/de\/wp-json\/wp\/v2\/users\/2"}],"replies":[{"embeddable":true,"href":"https:\/\/www.europesays.com\/de\/wp-json\/wp\/v2\/comments?post=1274773"}],"version-history":[{"count":0,"href":"https:\/\/www.europesays.com\/de\/wp-json\/wp\/v2\/posts\/1274773\/revisions"}],"wp:featuredmedia":[{"embeddable":true,"href":"https:\/\/www.europesays.com\/de\/wp-json\/wp\/v2\/media\/1274774"}],"wp:attachment":[{"href":"https:\/\/www.europesays.com\/de\/wp-json\/wp\/v2\/media?parent=1274773"}],"wp:term":[{"taxonomy":"category","embeddable":true,"href":"https:\/\/www.europesays.com\/de\/wp-json\/wp\/v2\/categories?post=1274773"},{"taxonomy":"post_tag","embeddable":true,"href":"https:\/\/www.europesays.com\/de\/wp-json\/wp\/v2\/tags?post=1274773"}],"curies":[{"name":"wp","href":"https:\/\/api.w.org\/{rel}","templated":true}]}}