{"id":1274779,"date":"2026-09-02T01:09:21","date_gmt":"2026-09-02T01:09:21","guid":{"rendered":"https:\/\/www.europesays.com\/de\/1274779\/"},"modified":"2026-09-02T01:09:21","modified_gmt":"2026-09-02T01:09:21","slug":"luci-rapper-aus-muelheim-beef-im-westen","status":"publish","type":"post","link":"https:\/\/www.europesays.com\/de\/1274779\/","title":{"rendered":"l\u016bci, Rapper aus M\u00fclheim | Beef im Westen"},"content":{"rendered":"<p class=\"card__subtitle\"> Musikmagazin von &#8222;CT das radio&#8220;, dem Campusradio an der Ruhr-Universit\u00e4t Bochum <\/p>\n<p>Rapper &#8222;l\u016bci&#8220; war zu Gast bei &#8222;Beef im Westen&#8220;. Neben neuer <a href=\"https:\/\/www.nrwision.de\/mediathek\/themen\/musik\" rel=\"nofollow noopener\" target=\"_blank\">Musik<\/a>, hat der Wahl-M\u00fclheimer viele wilde Einblicke in die Musikindustrie im Gep\u00e4ck, die er in seiner jungen <a href=\"https:\/\/www.nrwision.de\/mediathek\/themen\/karriere\" rel=\"nofollow noopener\" target=\"_blank\">Karriere<\/a> als Musiker und Writer bisher sammeln durfte. Was unterscheidet eigentlich den Writer vom Ghostwriter? Was kommt zuerst &#8211; der TikTok-Trend oder die <a href=\"https:\/\/www.nrwision.de\/mediathek\/themen\/musik\" rel=\"nofollow noopener\" target=\"_blank\">Musik<\/a>? Und was ist das f\u00fcr ein Gef\u00fchl, wenn der eigene Song pl\u00f6tzlich \u00fcber Nacht viral geht? &#8222;l\u016bci&#8220; berichtet von seinen Erfahrungen.<\/p>\n","protected":false},"excerpt":{"rendered":"Musikmagazin von &#8222;CT das radio&#8220;, dem Campusradio an der Ruhr-Universit\u00e4t Bochum Rapper &#8222;l\u016bci&#8220; war zu Gast bei &#8222;Beef&hellip;\n","protected":false},"author":2,"featured_media":1274780,"comment_status":"","ping_status":"","sticky":false,"template":"","format":"standard","meta":{"footnotes":"","_share_on_mastodon":"0"},"categories":[1834],"tags":[3364,29,3688,30,1209,2138,37756,154,1909,5867,8169],"class_list":["post-1274779","post","type-post","status-publish","format-standard","has-post-thumbnail","category-essen","tag-de","tag-deutschland","tag-essen","tag-germany","tag-nordrhein-westfalen","tag-rap","tag-schreiben","tag-social-media","tag-song","tag-text","tag-trend"],"share_on_mastodon":{"url":"","error":""},"_links":{"self":[{"href":"https:\/\/www.europesays.com\/de\/wp-json\/wp\/v2\/posts\/1274779","targetHints":{"allow":["GET"]}}],"collection":[{"href":"https:\/\/www.europesays.com\/de\/wp-json\/wp\/v2\/posts"}],"about":[{"href":"https:\/\/www.europesays.com\/de\/wp-json\/wp\/v2\/types\/post"}],"author":[{"embeddable":true,"href":"https:\/\/www.europesays.com\/de\/wp-json\/wp\/v2\/users\/2"}],"replies":[{"embeddable":true,"href":"https:\/\/www.europesays.com\/de\/wp-json\/wp\/v2\/comments?post=1274779"}],"version-history":[{"count":0,"href":"https:\/\/www.europesays.com\/de\/wp-json\/wp\/v2\/posts\/1274779\/revisions"}],"wp:featuredmedia":[{"embeddable":true,"href":"https:\/\/www.europesays.com\/de\/wp-json\/wp\/v2\/media\/1274780"}],"wp:attachment":[{"href":"https:\/\/www.europesays.com\/de\/wp-json\/wp\/v2\/media?parent=1274779"}],"wp:term":[{"taxonomy":"category","embeddable":true,"href":"https:\/\/www.europesays.com\/de\/wp-json\/wp\/v2\/categories?post=1274779"},{"taxonomy":"post_tag","embeddable":true,"href":"https:\/\/www.europesays.com\/de\/wp-json\/wp\/v2\/tags?post=1274779"}],"curies":[{"name":"wp","href":"https:\/\/api.w.org\/{rel}","templated":true}]}}