{"id":1274791,"date":"2026-09-02T01:18:25","date_gmt":"2026-09-02T01:18:25","guid":{"rendered":"https:\/\/www.europesays.com\/de\/1274791\/"},"modified":"2026-09-02T01:18:25","modified_gmt":"2026-09-02T01:18:25","slug":"duesseldorf-zufahrt-in-die-poststrasse-wird-bei-versuch-gesperrt","status":"publish","type":"post","link":"https:\/\/www.europesays.com\/de\/1274791\/","title":{"rendered":"D\u00fcsseldorf: Zufahrt in die Poststra\u00dfe wird bei Versuch gesperrt"},"content":{"rendered":"<p class=\"text_ohne_einzug richtext text-em-55 !leading-serif mx-6 desktop:mx-0\">  An Samstagen kann es auf der Poststra\u00dfe zu gro\u00dfen R\u00fcckstaus kommen. Viele Menschen, die \u00fcber die Kniebr\u00fccke in die Stadt hineinfahren, biegen von der Haroldstra\u00dfe nach links in die Poststra\u00dfe ein. Viele suchen in der Carlstadt nach einem Parkplatz, vor allem aber wollen sie einen Stellplatz im Parkhaus am Carlsplatz ergattern. Dort stehen sich dann die Autoschlangen gegen\u00fcber: aus Richtung K\u00f6 und aus Richtung Poststra\u00dfe. An drei Samstagen soll nun im September die Zufahrt von der Haroldstra\u00dfe in die Poststra\u00dfe testweise gesperrt werden. <\/p>\n<p class=\"richtext text-em-55 !leading-serif mx-6 desktop:mx-0\">Solche Sperrungen hat das Amt f\u00fcr Verkehrsmanagement in der Vorweihnachtszeit schon vorgenommen. Jetzt geht es um die Frage, ob die Sperrung nicht generell an Samstagen sinnvoll ist. Denn freiwillig steht eigentlich niemand gerne im Stau, und es sind vielfach Touristen vom Niederrhein oder aus Holland, die ihn verursachen.<\/p>\n<p class=\"richtext text-em-55 !leading-serif mx-6 desktop:mx-0\">Im Austausch mit der Bezirksvertretung 1 (BV 1) hat das Amt f\u00fcr Verkehrsmanagement nun folgendes Konzept erarbeitet: An den Samstagen 5., 12. und 19. September wird jeweils von 11 bis 17 Uhr die Linksabbiegespur von der Haroldstra\u00dfe zur Poststra\u00dfe gesperrt. Zus\u00e4tzlich wird die Poststra\u00dfe durch eine Schranke und eine entsprechende Beschilderung f\u00fcr den Durchgangsverkehr gesperrt.<\/p>\n<p class=\"richtext text-em-55 !leading-serif mx-6 desktop:mx-0\">Anlieger k\u00f6nnen die Stra\u00dfe jedoch weiterhin befahren. Eine Zufahrt zum Parkhaus Carlsplatz \u00fcber die Poststra\u00dfe ist w\u00e4hrend der Testzeiten nicht m\u00f6glich. LED-Tafeln sollen fr\u00fchzeitig auf die Zufahrt zum Carlsplatz \u00fcber das Park-Quartier Altstadt hinweisen.<\/p>\n<p class=\"richtext text-em-55 !leading-serif mx-6 desktop:mx-0\">Anders als beim vorweihnachtlichen Verkehrskonzept sind keine \u00c4nderungen der Verkehrsf\u00fchrung im Bereich Benrather Stra\u00dfe, Bilker Stra\u00dfe, Poststra\u00dfe und Maxplatz vorgesehen. Vor allem bleibt das Parkhaus von der Benrather Stra\u00dfe aus erreichbar. Nach den drei Testtagen wird ausgewertet. Wenn sich die R\u00fcckstaus auf der Poststra\u00dfe reduzieren und die Carlstadt besser erreichbar ist, muss entschieden werden, ob zu den Zeiten gro\u00dfen touristischen Andrangs die Zufahrt zur Poststra\u00dfe nur den Anliegern vorbehalten bleibt.   <\/p>\n","protected":false},"excerpt":{"rendered":"An Samstagen kann es auf der Poststra\u00dfe zu gro\u00dfen R\u00fcckstaus kommen. Viele Menschen, die \u00fcber die Kniebr\u00fccke in&hellip;\n","protected":false},"author":2,"featured_media":1274792,"comment_status":"","ping_status":"","sticky":false,"template":"","format":"standard","meta":{"footnotes":"","_share_on_mastodon":"0"},"categories":[1831],"tags":[8391,33129,27081,3364,29,3405,30,172036,1209,3624,22165,28057,14252,140713,524,51768,78688,263138],"class_list":["post-1274791","post","type-post","status-publish","format-standard","has-post-thumbnail","category-duesseldorf","tag-amt","tag-carlsplatz","tag-carlstadt","tag-de","tag-deutschland","tag-duesseldorf","tag-germany","tag-haroldstrasse","tag-nordrhein-westfalen","tag-park","tag-parkhaus","tag-poststrasse","tag-richtung","tag-samstagen","tag-strasse","tag-zufahrt","tag-zufahrtsstrassen","tag-zufahrtssystem"],"share_on_mastodon":{"url":"https:\/\/pubeurope.com\/@de\/117198815673392585","error":""},"_links":{"self":[{"href":"https:\/\/www.europesays.com\/de\/wp-json\/wp\/v2\/posts\/1274791","targetHints":{"allow":["GET"]}}],"collection":[{"href":"https:\/\/www.europesays.com\/de\/wp-json\/wp\/v2\/posts"}],"about":[{"href":"https:\/\/www.europesays.com\/de\/wp-json\/wp\/v2\/types\/post"}],"author":[{"embeddable":true,"href":"https:\/\/www.europesays.com\/de\/wp-json\/wp\/v2\/users\/2"}],"replies":[{"embeddable":true,"href":"https:\/\/www.europesays.com\/de\/wp-json\/wp\/v2\/comments?post=1274791"}],"version-history":[{"count":0,"href":"https:\/\/www.europesays.com\/de\/wp-json\/wp\/v2\/posts\/1274791\/revisions"}],"wp:featuredmedia":[{"embeddable":true,"href":"https:\/\/www.europesays.com\/de\/wp-json\/wp\/v2\/media\/1274792"}],"wp:attachment":[{"href":"https:\/\/www.europesays.com\/de\/wp-json\/wp\/v2\/media?parent=1274791"}],"wp:term":[{"taxonomy":"category","embeddable":true,"href":"https:\/\/www.europesays.com\/de\/wp-json\/wp\/v2\/categories?post=1274791"},{"taxonomy":"post_tag","embeddable":true,"href":"https:\/\/www.europesays.com\/de\/wp-json\/wp\/v2\/tags?post=1274791"}],"curies":[{"name":"wp","href":"https:\/\/api.w.org\/{rel}","templated":true}]}}