{"id":1274795,"date":"2026-09-02T01:20:21","date_gmt":"2026-09-02T01:20:21","guid":{"rendered":"https:\/\/www.europesays.com\/de\/1274795\/"},"modified":"2026-09-02T01:20:21","modified_gmt":"2026-09-02T01:20:21","slug":"vfb-stuttgart-chema-wechselt-zu-brighton-hove-albion","status":"publish","type":"post","link":"https:\/\/www.europesays.com\/de\/1274795\/","title":{"rendered":"VfB Stuttgart | Chema wechselt zu Brighton Hove Albion"},"content":{"rendered":"<p>Mittelfeldspieler Chema Andr\u00e9s verl\u00e4sst den VfB und ist ab sofort f\u00fcr Brighton &amp; Hove Albion in der englischen Premier League am Ball. Der 21-J\u00e4hrige war zur vergangenen Saison 2025\/2026 vom spanischen Rekordmeister Real Madrid nach Stuttgart gewechselt.<\/p>\n<p><strong>Fabian Wohlgemuth<\/strong>, Vorstand Sport beim VfB, sagt: \u201eChema hat nach seinem Wechsel aus Spanien zum VfB als junger Spieler sehr schnell Fu\u00df gefasst. Auch dank ihm konnten wir uns f\u00fcr die Champions League qualifizieren und ins Pokalfinale einziehen. Kurzfristig hat sich nun f\u00fcr Chema die Option ergeben, nach Brighton in die Premier League zu wechseln. Aus sportlicher Sicht h\u00e4tten wir Chema gerne gehalten, dem gegen\u00fcber stand der Wechselwunsch des Spielers. Wir haben den Transfer an entsprechende finanzielle Bedingungen gekn\u00fcpft, die erf\u00fcllt wurden, so dass wir dem Transfer letztlich zugestimmt haben. Wir danken Chema f\u00fcr die gemeinsame Zeit und w\u00fcnschen ihm viel Erfolg in England.\u201c<\/p>\n<p><strong>Vier Tore und zwei Vorlagen in der VfB-Premierensaison<\/strong><\/p>\n<p>In seiner VfB-Premierensaison bestritt Chema in der Bundesliga, im DFB-Pokal und in der UEFA Europa League insgesamt 39 Pflichtspiele, erzielte vier Tore und bereitete zwei Treffer vor. In der laufenden Spielzeit kam der spanische U21-Nationalspieler sowohl im DFB-Pokal beim F.C. Hansa Rostock als auch in der Bundesliga beim Auftaktmatch beim FC Bayern M\u00fcnchen zum Einsatz.<\/p>\n<p>Der VfB dankt Chema f\u00fcr seinen Einsatz und w\u00fcnscht ihm alles Gute f\u00fcr seine Zukunft.<\/p>\n","protected":false},"excerpt":{"rendered":"Mittelfeldspieler Chema Andr\u00e9s verl\u00e4sst den VfB und ist ab sofort f\u00fcr Brighton &amp; Hove Albion in der englischen&hellip;\n","protected":false},"author":2,"featured_media":1274796,"comment_status":"","ping_status":"","sticky":false,"template":"","format":"standard","meta":{"footnotes":"","_share_on_mastodon":"0"},"categories":[1830],"tags":[1634,3364,29,30,1441],"class_list":["post-1274795","post","type-post","status-publish","format-standard","has-post-thumbnail","category-stuttgart","tag-baden-wuerttemberg","tag-de","tag-deutschland","tag-germany","tag-stuttgart"],"share_on_mastodon":{"url":"https:\/\/pubeurope.com\/@de\/117198823630354436","error":""},"_links":{"self":[{"href":"https:\/\/www.europesays.com\/de\/wp-json\/wp\/v2\/posts\/1274795","targetHints":{"allow":["GET"]}}],"collection":[{"href":"https:\/\/www.europesays.com\/de\/wp-json\/wp\/v2\/posts"}],"about":[{"href":"https:\/\/www.europesays.com\/de\/wp-json\/wp\/v2\/types\/post"}],"author":[{"embeddable":true,"href":"https:\/\/www.europesays.com\/de\/wp-json\/wp\/v2\/users\/2"}],"replies":[{"embeddable":true,"href":"https:\/\/www.europesays.com\/de\/wp-json\/wp\/v2\/comments?post=1274795"}],"version-history":[{"count":0,"href":"https:\/\/www.europesays.com\/de\/wp-json\/wp\/v2\/posts\/1274795\/revisions"}],"wp:featuredmedia":[{"embeddable":true,"href":"https:\/\/www.europesays.com\/de\/wp-json\/wp\/v2\/media\/1274796"}],"wp:attachment":[{"href":"https:\/\/www.europesays.com\/de\/wp-json\/wp\/v2\/media?parent=1274795"}],"wp:term":[{"taxonomy":"category","embeddable":true,"href":"https:\/\/www.europesays.com\/de\/wp-json\/wp\/v2\/categories?post=1274795"},{"taxonomy":"post_tag","embeddable":true,"href":"https:\/\/www.europesays.com\/de\/wp-json\/wp\/v2\/tags?post=1274795"}],"curies":[{"name":"wp","href":"https:\/\/api.w.org\/{rel}","templated":true}]}}