{"id":1274799,"date":"2026-09-02T01:23:20","date_gmt":"2026-09-02T01:23:20","guid":{"rendered":"https:\/\/www.europesays.com\/de\/1274799\/"},"modified":"2026-09-02T01:23:20","modified_gmt":"2026-09-02T01:23:20","slug":"koelner-asylskandal-das-ist-die-abschiebeliste-die-keiner-lesen-wollte-regional","status":"publish","type":"post","link":"https:\/\/www.europesays.com\/de\/1274799\/","title":{"rendered":"K\u00f6lner Asylskandal: Das ist die Abschiebeliste, die keiner lesen wollte | Regional"},"content":{"rendered":"<p><b>Die Liste der Zentralen Ausl\u00e4nderbeh\u00f6rde Coesfeld f\u00fcllt 21 eng bedruckte A4-Seiten. Es sind die Namen von 471 Menschen, die gar nicht in Deutschland sein d\u00fcrfen. Ausreisepflichtige Migranten aus den Westbalkan-Staaten. Darunter Serienstraft\u00e4ter, Vergewaltiger, Schl\u00e4ger. Sie sind immer noch da. Denn statt sie auszuweisen, wollte sie die Stadt K\u00f6ln lieber \u201eintegrieren\u201c \u2013 und lie\u00df die Listen offenbar verschwinden. Ein unfassbarer Beh\u00f6rdenskandal!<\/b><br \/>\nBILD hat die streng vertraulichen Unterlagen ausgewertet. Die Straftaten, welche Rolle ein ber\u00fcchtigter Clan dabei spielt und was den Verantwortlichen in der Beh\u00f6rde jetzt droht, lesen Sie exklusiv mit BILDplus.<\/p>\n","protected":false},"excerpt":{"rendered":"Die Liste der Zentralen Ausl\u00e4nderbeh\u00f6rde Coesfeld f\u00fcllt 21 eng bedruckte A4-Seiten. Es sind die Namen von 471 Menschen,&hellip;\n","protected":false},"author":2,"featured_media":1274800,"comment_status":"","ping_status":"","sticky":false,"template":"","format":"standard","meta":{"footnotes":"","_share_on_mastodon":"0"},"categories":[1828],"tags":[414,533,181674,29,1686,18201,30,1420,1209,121,227858],"class_list":["post-1274799","post","type-post","status-publish","format-standard","has-post-thumbnail","category-koeln","tag-abschiebung","tag-asyl","tag-deep-news","tag-deutschland","tag-diebstahl","tag-familienclans","tag-germany","tag-koeln","tag-nordrhein-westfalen","tag-polizei","tag-team-deep"],"share_on_mastodon":{"url":"","error":""},"_links":{"self":[{"href":"https:\/\/www.europesays.com\/de\/wp-json\/wp\/v2\/posts\/1274799","targetHints":{"allow":["GET"]}}],"collection":[{"href":"https:\/\/www.europesays.com\/de\/wp-json\/wp\/v2\/posts"}],"about":[{"href":"https:\/\/www.europesays.com\/de\/wp-json\/wp\/v2\/types\/post"}],"author":[{"embeddable":true,"href":"https:\/\/www.europesays.com\/de\/wp-json\/wp\/v2\/users\/2"}],"replies":[{"embeddable":true,"href":"https:\/\/www.europesays.com\/de\/wp-json\/wp\/v2\/comments?post=1274799"}],"version-history":[{"count":0,"href":"https:\/\/www.europesays.com\/de\/wp-json\/wp\/v2\/posts\/1274799\/revisions"}],"wp:featuredmedia":[{"embeddable":true,"href":"https:\/\/www.europesays.com\/de\/wp-json\/wp\/v2\/media\/1274800"}],"wp:attachment":[{"href":"https:\/\/www.europesays.com\/de\/wp-json\/wp\/v2\/media?parent=1274799"}],"wp:term":[{"taxonomy":"category","embeddable":true,"href":"https:\/\/www.europesays.com\/de\/wp-json\/wp\/v2\/categories?post=1274799"},{"taxonomy":"post_tag","embeddable":true,"href":"https:\/\/www.europesays.com\/de\/wp-json\/wp\/v2\/tags?post=1274799"}],"curies":[{"name":"wp","href":"https:\/\/api.w.org\/{rel}","templated":true}]}}