{"id":1274813,"date":"2026-09-02T01:31:11","date_gmt":"2026-09-02T01:31:11","guid":{"rendered":"https:\/\/www.europesays.com\/de\/1274813\/"},"modified":"2026-09-02T01:31:11","modified_gmt":"2026-09-02T01:31:11","slug":"berlin-cdu-will-verfassungstreue-check-fuer-beamte-berlin","status":"publish","type":"post","link":"https:\/\/www.europesays.com\/de\/1274813\/","title":{"rendered":"Berlin: CDU will Verfassungstreue-Check f\u00fcr Beamte | Berlin"},"content":{"rendered":"<p>Berlin \u2013 <b>Stefan Evers (CDU) will Extremisten aus Berlins \u00f6ffentlichem Dienst fernhalten. Der Spitzenkandidat fordert: Alle hohen Beamten m\u00fcssen auf Verfassungstreue \u00fcberpr\u00fcft werden \u2013 nach Brandenburger Vorbild. Senatoren, Staatssekret\u00e4re, Bezirksb\u00fcrgermeister und Stadtr\u00e4te sollen kontrolliert werden, bevor sie ihr Amt antreten. Das Verfahren soll direkt nach der Wahl am 20. September starten.<\/b><\/p>\n<p>Gegen\u00fcber dem \u201eTagesspiegel\u201c erkl\u00e4rte der CDU-Politiker: \u201eWir fangen dort an, wo die Verantwortung am gr\u00f6\u00dften ist. Damit sch\u00fctzen wir die Verwaltung vor extremistischen Vorgesetzten, egal aus welcher Richtung.\u201c Der neue Senat und die neuen Bezirks\u00e4mter sollen nach seiner Vorstellung \u00fcberpr\u00fcft werden.<\/p>\n<p>Brandenburg pr\u00fcft bereits seit 2024<\/p>\n<p>Das Nachbarland startete das Verfahren im September 2024. Die Pr\u00fcfung erfolgt bei bereits ausgew\u00e4hlten Kandidaten. Im Fokus steht: Sind die Bewerber im Zusammenhang mit Bestrebungen gegen die freiheitlich-demokratische Grundordnung aufgefallen?<\/p>\n<p>Das Innenministerium z\u00e4hlte bis Ende 2025 knapp 2200 Anfragen. In zwei F\u00e4llen \u2013 Polizeipr\u00e4sidium und Justizvollzug \u2013 gab der <a href=\"https:\/\/www.bz-berlin.de\/thema\/verfassungsschutz\" class=\"text-link\" rel=\"nofollow noopener\" target=\"_blank\">Verfassungsschutz<\/a> Hinweise an die zust\u00e4ndigen Stellen weiter.<\/p>\n<p>Hamburg plant Checks f\u00fcr alle Besch\u00e4ftigten<\/p>\n<p>Die Hansestadt plant ebenfalls Verfassungstreue-Checks f\u00fcr alle k\u00fcnftigen Besch\u00e4ftigten im \u00f6ffentlichen Dienst. SPD, Gr\u00fcne und <a href=\"https:\/\/www.bz-berlin.de\/thema\/cdu\" class=\"text-link\" rel=\"nofollow noopener\" target=\"_blank\">CDU<\/a> stimmten zu. Linkspartei und AfD kritisierten das Vorhaben.<\/p>\n<p>\u201eZu wem Anhaltspunkte f\u00fcr eine rechtsextreme, linksextreme oder islamistische Grundeinstellung vorliegen, der darf nicht verbeamtet werden\u201c, betonte Evers im \u201eTagesspiegel\u201c. Eine Ernennung sei nur m\u00f6glich f\u00fcr Bewerber, die f\u00fcr die freiheitlich-demokratische Grundordnung eintreten. Alle k\u00fcnftigen <a href=\"https:\/\/www.bz-berlin.de\/thema\/beamten\" class=\"text-link\" rel=\"nofollow noopener\" target=\"_blank\">Beamten<\/a> \u2013 ob auf Probe, Zeit oder Lebenszeit \u2013 sollen gepr\u00fcft werden.<\/p>\n<p>Kontrolle nach jeder Wahl<\/p>\n<p>Senatoren und Bezirksamtsmitglieder sollen nach jeder Wahl neu \u00fcberpr\u00fcft werden. Zus\u00e4tzlich will der Spitzenkandidat den Verfassungsschutz mit erweiterten Befugnissen ausstatten.<\/p>\n<p>Haben Sie einen Fehler in diesem Artikel entdeckt? Dann schreiben Sie uns gern: <a href=\"mailto:fehler.melden@bz.de?body=%0A%0A%0AURL%3A%20https%3A%2F%2Fwww.bz-berlin.de%2Fberlin%2Fberlin-cdu-will-verfassungstreue-check-fuer-beamte-6a966d42d32756d4be19aef7%0ADatum%3A%202.9.2026%2C%2003%3A30%3A59%0A\" target=\"_blank\" rel=\"noopener\" class=\"anchor anchor--external\">fehler.melden@bz.de.<\/a><\/p>\n","protected":false},"excerpt":{"rendered":"Berlin \u2013 Stefan Evers (CDU) will Extremisten aus Berlins \u00f6ffentlichem Dienst fernhalten. Der Spitzenkandidat fordert: Alle hohen Beamten&hellip;\n","protected":false},"author":2,"featured_media":1274814,"comment_status":"","ping_status":"","sticky":false,"template":"","format":"standard","meta":{"footnotes":"","_share_on_mastodon":"0"},"categories":[1825],"tags":[7032,16703,296,31,29,30,419],"class_list":["post-1274813","post","type-post","status-publish","format-standard","has-post-thumbnail","category-berlin","tag-a1","tag-beamte","tag-berlin","tag-cdu","tag-deutschland","tag-germany","tag-verfassungsschutz"],"share_on_mastodon":{"url":"https:\/\/pubeurope.com\/@de\/117198866832062197","error":""},"_links":{"self":[{"href":"https:\/\/www.europesays.com\/de\/wp-json\/wp\/v2\/posts\/1274813","targetHints":{"allow":["GET"]}}],"collection":[{"href":"https:\/\/www.europesays.com\/de\/wp-json\/wp\/v2\/posts"}],"about":[{"href":"https:\/\/www.europesays.com\/de\/wp-json\/wp\/v2\/types\/post"}],"author":[{"embeddable":true,"href":"https:\/\/www.europesays.com\/de\/wp-json\/wp\/v2\/users\/2"}],"replies":[{"embeddable":true,"href":"https:\/\/www.europesays.com\/de\/wp-json\/wp\/v2\/comments?post=1274813"}],"version-history":[{"count":0,"href":"https:\/\/www.europesays.com\/de\/wp-json\/wp\/v2\/posts\/1274813\/revisions"}],"wp:featuredmedia":[{"embeddable":true,"href":"https:\/\/www.europesays.com\/de\/wp-json\/wp\/v2\/media\/1274814"}],"wp:attachment":[{"href":"https:\/\/www.europesays.com\/de\/wp-json\/wp\/v2\/media?parent=1274813"}],"wp:term":[{"taxonomy":"category","embeddable":true,"href":"https:\/\/www.europesays.com\/de\/wp-json\/wp\/v2\/categories?post=1274813"},{"taxonomy":"post_tag","embeddable":true,"href":"https:\/\/www.europesays.com\/de\/wp-json\/wp\/v2\/tags?post=1274813"}],"curies":[{"name":"wp","href":"https:\/\/api.w.org\/{rel}","templated":true}]}}