{"id":1274818,"date":"2026-09-02T01:34:23","date_gmt":"2026-09-02T01:34:23","guid":{"rendered":"https:\/\/www.europesays.com\/de\/1274818\/"},"modified":"2026-09-02T01:34:23","modified_gmt":"2026-09-02T01:34:23","slug":"ende-2026-wird-ueber-entwurf-entschieden-denkmal-fuer-polnische-kriegsopfer-soll-in-berlin-entstehen","status":"publish","type":"post","link":"https:\/\/www.europesays.com\/de\/1274818\/","title":{"rendered":"Ende 2026 wird \u00fcber Entwurf entschieden: Denkmal f\u00fcr polnische Kriegsopfer soll in Berlin entstehen"},"content":{"rendered":"<p class=\"tspBAkv tspBAkw\">In Berlin soll k\u00fcnftig mit einem <a href=\"https:\/\/www.tagesspiegel.de\/kultur\/deutsche-verbrechen-in-polen-im-zweiten-weltkrieg-wichtig-ware-ein-gedenken-an-den-1-september-1939-15977012.html?icid=in-text-link_16006780\" class=\"link link--internal\" data-gtm-class=\"article-text-link\" data-gtm-val=\"internal\" rel=\"nofollow noopener\" target=\"_blank\">dauerhaften Gedenkort an die Millionen polnischen Opfer des Zweiten Weltkriegs<\/a> erinnert werden. Das nationalsozialistische Deutschland hatte vor 87 Jahren auf Befehl Adolf Hitlers das Nachbarland \u00fcberfallen. Derzeit wird mit einem provisorischen Gedenkstein an das verursachte Leid erinnert.<\/p>\n<p class=\"tspBAkv\">Ab 2027 soll nun ein dauerhafter Gedenkort entstehen, wie Kulturstaatsminister Wolfram Weimer (parteilos) ank\u00fcndigte. F\u00fcr das vom Bundestag beschlossene Denkmal f\u00fcr die polnischen Opfer des Zweiten Weltkriegs und der deutschen Besatzung in Polen 1939-1945 laufe derzeit ein Gestaltungswettbewerb.<\/p>\n<p class=\"tspBAkv\">\u201eIm Dezember 2026 wird ein Preisgericht \u00fcber einen Siegerentwurf beraten\u201c, hie\u00df es in der Mitteilung. Das Denkmal soll auf dem Gel\u00e4nde der fr\u00fcheren Krolloper in der N\u00e4he des Bundeskanzleramts entstehen. Im vergangenen Jahr war dort bereits ein tempor\u00e4rer Gedenkort eingerichtet worden.<\/p>\n<p class=\"tspBAkv\">Mit dem \u00dcberfall auf Polen am 1. September 1939 hatte Hitler den Zweiten Weltkrieg ausgel\u00f6st. Im Nachbarland kamen von 1939 bis 1945 nach Angaben der Bundesregierung mehr als f\u00fcnf Millionen polnische Staatsb\u00fcrger ums Leben, darunter etwa drei Millionen j\u00fcdische Kinder, Frauen und M\u00e4nner.<\/p>\n<p>Mehr zum Thema:<a href=\"https:\/\/www.tagesspiegel.de\/potsdam\/landeshauptstadt\/holocaust-zeitzeugin-berichtete-mehr-als-200-menschen-gedachten-in-potsdam-der-kriegsopfer-15566782.html?icid=topic-list_16006780___\" data-gtm-class=\"article-mzt-link\" data-hydrate-fingerprint=\"09740a54944caac75fd2c0c63fd5c5df\" data-hydrate-props=\"{&amp;escapedquot;element&amp;escapedquot;:{&amp;escapedquot;type&amp;escapedquot;:&amp;escapedquot;relatedContent&amp;escapedquot;,&amp;escapedquot;fieldMap&amp;escapedquot;:{},&amp;escapedquot;relation&amp;escapedquot;:{&amp;escapedquot;fields&amp;escapedquot;:{&amp;escapedquot;isPaid&amp;escapedquot;:true},&amp;escapedquot;href&amp;escapedquot;:&amp;escapedquot;\/potsdam\/landeshauptstadt\/holocaust-zeitzeugin-berichtete-mehr-als-200-menschen-gedachten-in-potsdam-der-kriegsopfer-15566782.html&amp;escapedquot;,&amp;escapedquot;teaserTitle&amp;escapedquot;:{&amp;escapedquot;kicker&amp;escapedquot;:&amp;escapedquot;Holocaust-Zeitzeugin berichtete&amp;escapedquot;,&amp;escapedquot;headline&amp;escapedquot;:&amp;escapedquot;Mehr als 200 Menschen gedachten in Potsdam der Kriegsopfer&amp;escapedquot;},&amp;escapedquot;id&amp;escapedquot;:&amp;escapedquot;15566782&amp;escapedquot;,&amp;escapedquot;type&amp;escapedquot;:&amp;escapedquot;story&amp;escapedquot;},&amp;escapedquot;isPartOfList&amp;escapedquot;:true,&amp;escapedquot;topicListType&amp;escapedquot;:&amp;escapedquot;topic-list&amp;escapedquot;},&amp;escapedquot;showArrow&amp;escapedquot;:true}\" data-hydrate-slots=\"{&#039;default&#039;:[]}\" class=\"tspB8oe tspB7oc\" rel=\"nofollow noopener\" target=\"_blank\">Holocaust-Zeitzeugin berichtete Mehr als 200 Menschen gedachten in Potsdam der Kriegsopfer <\/a><a href=\"https:\/\/www.tagesspiegel.de\/berlin\/bezirke\/charlottenburg-wilmersdorf\/berliner-wahrzeichen-die-gedachtniskirche-wird-modernisiert--und-muss-dafur-teilweise-schliessen-15975882.html?icid=topic-list_16006780___\" data-gtm-class=\"article-mzt-link\" data-hydrate-fingerprint=\"09740a54944caac75fd2c0c63fd5c5df\" data-hydrate-props=\"{&amp;escapedquot;element&amp;escapedquot;:{&amp;escapedquot;type&amp;escapedquot;:&amp;escapedquot;relatedContent&amp;escapedquot;,&amp;escapedquot;fieldMap&amp;escapedquot;:{},&amp;escapedquot;relation&amp;escapedquot;:{&amp;escapedquot;fields&amp;escapedquot;:{&amp;escapedquot;isPaid&amp;escapedquot;:true},&amp;escapedquot;href&amp;escapedquot;:&amp;escapedquot;\/berlin\/bezirke\/charlottenburg-wilmersdorf\/berliner-wahrzeichen-die-gedachtniskirche-wird-modernisiert--und-muss-dafur-teilweise-schliessen-15975882.html&amp;escapedquot;,&amp;escapedquot;teaserTitle&amp;escapedquot;:{&amp;escapedquot;kicker&amp;escapedquot;:&amp;escapedquot;Berliner Wahrzeichen muss teilweise schlie\u00dfen&amp;escapedquot;,&amp;escapedquot;headline&amp;escapedquot;:&amp;escapedquot;Hunderte Waben besch\u00e4digt\u00a0\u2013 jetzt wird die Ged\u00e4chtniskirche modernisiert&amp;escapedquot;},&amp;escapedquot;id&amp;escapedquot;:&amp;escapedquot;15975882&amp;escapedquot;,&amp;escapedquot;type&amp;escapedquot;:&amp;escapedquot;story&amp;escapedquot;},&amp;escapedquot;isPartOfList&amp;escapedquot;:true,&amp;escapedquot;topicListType&amp;escapedquot;:&amp;escapedquot;topic-list&amp;escapedquot;},&amp;escapedquot;showArrow&amp;escapedquot;:true}\" data-hydrate-slots=\"{&#039;default&#039;:[]}\" class=\"tspB8oe tspB7oc\" rel=\"nofollow noopener\" target=\"_blank\">Berliner Wahrzeichen muss teilweise schlie\u00dfen Hunderte Waben besch\u00e4digt\u00a0\u2013 jetzt wird die Ged\u00e4chtniskirche modernisiert <\/a><a href=\"https:\/\/www.tagesspiegel.de\/berlin\/bezirke\/friedrichshain-kreuzberg\/was-wird-aus-der-ruine-des-ehemaligen-ddr-spassbads-vollstandiger-abriss-des-sez-in-berlin-vorerst-gestoppt-15968759.html?icid=topic-list_16006780___\" data-gtm-class=\"article-mzt-link\" data-hydrate-fingerprint=\"09740a54944caac75fd2c0c63fd5c5df\" data-hydrate-props=\"{&amp;escapedquot;element&amp;escapedquot;:{&amp;escapedquot;type&amp;escapedquot;:&amp;escapedquot;relatedContent&amp;escapedquot;,&amp;escapedquot;fieldMap&amp;escapedquot;:{},&amp;escapedquot;relation&amp;escapedquot;:{&amp;escapedquot;fields&amp;escapedquot;:{&amp;escapedquot;isPaid&amp;escapedquot;:true},&amp;escapedquot;href&amp;escapedquot;:&amp;escapedquot;\/berlin\/bezirke\/friedrichshain-kreuzberg\/was-wird-aus-der-ruine-des-ehemaligen-ddr-spassbads-vollstandiger-abriss-des-sez-in-berlin-vorerst-gestoppt-15968759.html&amp;escapedquot;,&amp;escapedquot;teaserTitle&amp;escapedquot;:{&amp;escapedquot;kicker&amp;escapedquot;:&amp;escapedquot;Was wird aus der Ruine des ehemaligen DDR-Spa\u00dfbads?&amp;escapedquot;,&amp;escapedquot;headline&amp;escapedquot;:&amp;escapedquot;Vollst\u00e4ndiger Abriss des SEZ in Berlin vorerst gestoppt&amp;escapedquot;},&amp;escapedquot;id&amp;escapedquot;:&amp;escapedquot;15968759&amp;escapedquot;,&amp;escapedquot;type&amp;escapedquot;:&amp;escapedquot;story&amp;escapedquot;},&amp;escapedquot;isPartOfList&amp;escapedquot;:true,&amp;escapedquot;topicListType&amp;escapedquot;:&amp;escapedquot;topic-list&amp;escapedquot;},&amp;escapedquot;showArrow&amp;escapedquot;:true}\" data-hydrate-slots=\"{&#039;default&#039;:[]}\" class=\"tspB8oe tspB7oc\" rel=\"nofollow noopener\" target=\"_blank\">Was wird aus der Ruine des ehemaligen DDR-Spa\u00dfbads? Vollst\u00e4ndiger Abriss des SEZ in Berlin vorerst gestoppt <\/a><\/p>\n<p class=\"tspBAkv\">\u201eDie Erinnerung an das unermessliche Leid, das Nazi-Deutschland \u00fcber Polen und Europa gebracht hat, bleibt eine dauerhafte Verantwortung\u201c, teilte auch Berlins Regierender B\u00fcrgermeister Kai Wegner (CDU) mit. Der Gedenkort f\u00fcr die polnischen Opfer in Berlin sei deshalb von besonderer Bedeutung. (dpa)<\/p>\n","protected":false},"excerpt":{"rendered":"In Berlin soll k\u00fcnftig mit einem dauerhaften Gedenkort an die Millionen polnischen Opfer des Zweiten Weltkriegs erinnert werden.&hellip;\n","protected":false},"author":2,"featured_media":1274819,"comment_status":"","ping_status":"","sticky":false,"template":"","format":"standard","meta":{"footnotes":"","_share_on_mastodon":"0"},"categories":[1825],"tags":[5791,296,43,29,30,3917],"class_list":["post-1274818","post","type-post","status-publish","format-standard","has-post-thumbnail","category-berlin","tag-adolf-hitler","tag-berlin","tag-deutscher-bundestag","tag-deutschland","tag-germany","tag-polen"],"share_on_mastodon":{"url":"https:\/\/pubeurope.com\/@de\/117198878411315086","error":""},"_links":{"self":[{"href":"https:\/\/www.europesays.com\/de\/wp-json\/wp\/v2\/posts\/1274818","targetHints":{"allow":["GET"]}}],"collection":[{"href":"https:\/\/www.europesays.com\/de\/wp-json\/wp\/v2\/posts"}],"about":[{"href":"https:\/\/www.europesays.com\/de\/wp-json\/wp\/v2\/types\/post"}],"author":[{"embeddable":true,"href":"https:\/\/www.europesays.com\/de\/wp-json\/wp\/v2\/users\/2"}],"replies":[{"embeddable":true,"href":"https:\/\/www.europesays.com\/de\/wp-json\/wp\/v2\/comments?post=1274818"}],"version-history":[{"count":0,"href":"https:\/\/www.europesays.com\/de\/wp-json\/wp\/v2\/posts\/1274818\/revisions"}],"wp:featuredmedia":[{"embeddable":true,"href":"https:\/\/www.europesays.com\/de\/wp-json\/wp\/v2\/media\/1274819"}],"wp:attachment":[{"href":"https:\/\/www.europesays.com\/de\/wp-json\/wp\/v2\/media?parent=1274818"}],"wp:term":[{"taxonomy":"category","embeddable":true,"href":"https:\/\/www.europesays.com\/de\/wp-json\/wp\/v2\/categories?post=1274818"},{"taxonomy":"post_tag","embeddable":true,"href":"https:\/\/www.europesays.com\/de\/wp-json\/wp\/v2\/tags?post=1274818"}],"curies":[{"name":"wp","href":"https:\/\/api.w.org\/{rel}","templated":true}]}}