{"id":1274841,"date":"2026-09-02T01:48:23","date_gmt":"2026-09-02T01:48:23","guid":{"rendered":"https:\/\/www.europesays.com\/de\/1274841\/"},"modified":"2026-09-02T01:48:23","modified_gmt":"2026-09-02T01:48:23","slug":"usa-flugzeug-mit-finanzminister-lars-klingbeil-gestrandet","status":"publish","type":"post","link":"https:\/\/www.europesays.com\/de\/1274841\/","title":{"rendered":"USA: Flugzeug mit Finanzminister Lars Klingbeil gestrandet"},"content":{"rendered":"<p>Panne in den USA <\/p>\n<p>Flugzeug mit Finanzminister Klingbeil gestrandet<\/p>\n<p>Aktualisiert am 02.09.2026 &#8211; 01:38 UhrLesedauer: 2 Min.<\/p>\n<p><a href=\"#focus-0\" class=\"transition-colors block text-current relative\" data-sctrack=\"FocusGalleryImage.Reference\"><img fetchpriority=\"high\" data-testid=\"Opener.Image\"   loading=\"eager\" src=\"https:\/\/www.europesays.com\/de\/wp-content\/uploads\/2026\/09\/der-airbus-a350-der-flugbereitschaft-der-bundeswehr-steht-auf-dem-rollfeld-vom-flughafen-greenville-.jpeg\" alt=\"Der Airbus A350 der Flugbereitschaft der Bundeswehr steht auf dem Rollfeld vom Flughafen Greenville-Spartanburg International Airport.\" title=\"Der Airbus A350 der Flugbereitschaft der Bundeswehr steht auf dem Rollfeld vom Flughafen Greenville-Spartanburg International Airport.\" width=\"2048\" height=\"1152\" class=\"bg-[url:var(--lqipURL)] bg-cover bg-center flex h-full w-full max-w-full\" style=\"--lqipURL:url('https:\/\/images.t-online.de\/2026\/09\/vDM-rBIPrOnS\/0x70:2048x1152\/fit-in\/150x0\/filters:blur(25)\/der-airbus-a350-der-flugbereitschaft-der-bundeswehr-steht-auf-dem-rollfeld-vom-flughafen-greenville-spartanburg-international-airport.jpg')\" decoding=\"async\"\/><img loading=\"lazy\" src=\"https:\/\/www.t-online.de\/s\/paper\/_next\/static\/media\/zoom-in.f7dae02f.svg\" alt=\"Vergr\u00f6\u00dfern des Bildes\" title=\"Vergr\u00f6\u00dfern des Bildes\" class=\"block h-[calc(var(--height)_\/_16_*_1rem)] w-[calc(var(--width)_\/_16_*_1rem)] max-w-none absolute right-8 bottom-8 rounded-4 bg-snow p-8\" style=\"--width:32;--height:32\" decoding=\"async\"\/><\/a><\/p>\n<p>Der Airbus A350 der Flugbereitschaft der Bundeswehr steht auf dem Rollfeld vom Flughafen Greenville-Spartanburg International Airport. (Quelle: Bernd von Jutrczenka\/dpa)<\/p>\n<p><img loading=\"lazy\" src=\"https:\/\/www.t-online.de\/s\/paper\/_next\/static\/media\/audio-volume.6689034c.svg\" alt=\"\" title=\"\" class=\"block h-[calc(var(--height)_\/_16_*_1rem)] w-[calc(var(--width)_\/_16_*_1rem)] max-w-none group-hover:brightness-0 group-hover:invert\" style=\"--width:16;--height:16\" decoding=\"async\"\/>Vorlesen<\/p>\n<p>Aktuelle Zeit:0:00Gesamtdauer:0:00<\/p>\n<p>1x<img loading=\"lazy\" src=\"https:\/\/www.t-online.de\/s\/paper\/_next\/static\/media\/font-sizes.32942e33.svg\" alt=\"\" title=\"\" class=\"block h-[calc(var(--height)_\/_16_*_1rem)] w-[calc(var(--width)_\/_16_*_1rem)] max-w-none group-hover:hidden group-aria-expanded:hidden\" style=\"--width:16;--height:16\" decoding=\"async\"\/><img loading=\"lazy\" src=\"https:\/\/www.t-online.de\/s\/paper\/_next\/static\/media\/font-sizes-dark-mode.e382645c.svg\" alt=\"\" title=\"\" class=\"block h-[calc(var(--height)_\/_16_*_1rem)] w-[calc(var(--width)_\/_16_*_1rem)] max-w-none hidden group-hover:block group-aria-expanded:block\" style=\"--width:16;--height:16\" decoding=\"async\"\/><img loading=\"lazy\" src=\"https:\/\/www.t-online.de\/s\/paper\/_next\/static\/media\/sharing-menu-icon.1eb71368.svg\" alt=\"\" title=\"\" class=\"block h-[calc(var(--height)_\/_16_*_1rem)] w-[calc(var(--width)_\/_16_*_1rem)] max-w-none group-hover:brightness-0 group-hover:invert\" style=\"--width:16;--height:16\" decoding=\"async\"\/>Artikel teilen<\/p>\n<p class=\"font-bold text-18 leading-17 user-text-lg:text-22 user-text-xl:text-24\">Panne beim R\u00fcckflug des Bundesfinanzministers. Lars Klingbeil sitzt in den USA fest. Das ist f\u00fcr den SPD-Politiker doppelt \u00e4rgerlich.<\/p>\n<p class=\"text-18 leading-17 user-text-lg:text-22 user-text-xl:text-24\">Eigentlich sollte Bundesfinanzminister Lars Klingbeil (SPD) am Dienstag vom G20-Gipfel in den <a href=\"https:\/\/www.t-online.de\/themen\/usa\/\" class=\"transition-colors cursor-pointer no-underline md:hover:text-magenta md:focus:text-magenta border-b border-solid border-current text-salemsfur md:hover:border-magenta\" data-tracking=\"{&quot;action&quot;:&quot;click&quot;,&quot;category&quot;:&quot;intextLink&quot;,&quot;label&quot;:&quot;\/themen\/usa\/&quot;}\" data-sctrack=\"BodyAnchor\" rel=\"nofollow noopener\" target=\"_blank\">USA<\/a> zur\u00fcck nach Deutschland fliegen. Doch das Regierungsflugzeug, dessen Abflug f\u00fcr 15.45 Uhr (Ortszeit) geplant gewesen ist, blieb auf dem Regionalflughafen von Asheville im US-Bundesstaat North Carolina stehen.<\/p>\n<ul class=\"text-18 leading-17 block pl-24 *:pb-16 *:before:inline-block *:before:size-8 *:before:bg-magenta *:before:mt-0 *:before:mr-12 *:before:mb-2 *:before:-ml-[20px]\">\n<li><strong class=\"font-bold\">Er wagt die Konfrontation:<\/strong> <a href=\"https:\/\/www.t-online.de\/nachrichten\/deutschland\/parteien\/id_101415180\/g20-gipfel-fast-waeren-klingbeils-botschaften-in-dem-chaos-untergegangen-.html\" class=\"transition-colors cursor-pointer no-underline md:hover:text-magenta md:focus:text-magenta border-b border-solid border-current text-salemsfur md:hover:border-magenta\" data-tracking=\"{&quot;action&quot;:&quot;click&quot;,&quot;category&quot;:&quot;intextLink&quot;,&quot;label&quot;:&quot;\/nachrichten\/deutschland\/parteien\/id_101415180\/g20-gipfel-fast-waeren-klingbeils-botschaften-in-dem-chaos-untergegangen-.html&quot;}\" data-sctrack=\"BodyAnchor\" rel=\"nofollow noopener\" target=\"_blank\">Klingbeil k\u00e4mpft \u2013 doch er steht fast allein<\/a><\/li>\n<li><strong class=\"font-bold\">Nager, Reifen und Hydraulik:<\/strong> <a href=\"https:\/\/www.t-online.de\/nachrichten\/deutschland\/innenpolitik\/id_100991322\/regierungsflieger-pannen-chronik-der-ausfaelle-seit-2018.html\" class=\"transition-colors cursor-pointer no-underline md:hover:text-magenta md:focus:text-magenta border-b border-solid border-current text-salemsfur md:hover:border-magenta\" data-tracking=\"{&quot;action&quot;:&quot;click&quot;,&quot;category&quot;:&quot;intextLink&quot;,&quot;label&quot;:&quot;\/nachrichten\/deutschland\/innenpolitik\/id_100991322\/regierungsflieger-pannen-chronik-der-ausfaelle-seit-2018.html&quot;}\" data-sctrack=\"BodyAnchor\" rel=\"nofollow noopener\" target=\"_blank\">Defekte Regierungsflieger \u2013 Eine Chronik des Versagens<\/a><\/li>\n<\/ul>\n<p class=\"text-18 leading-17 user-text-lg:text-22 user-text-xl:text-24\">Die Delegation des deutschen Finanzministers muss nun nach dreist\u00fcndiger Wartezeit in einem Hotel unterkommen, wie t-online Reporter Daniel M\u00fctzel berichtet. Ob und wann der Flug vom Greenville-Spartanburg International Airport noch stattfinden kann, ist dem Vernehmen nach unklar. Ursache f\u00fcr die Verz\u00f6gerung soll ein Schaden an der Maschine sein.<\/p>\n<p class=\"text-18 leading-17 user-text-lg:text-22 user-text-xl:text-24\">F\u00fcr Klingbeil ist die Panne auch in anderer Hinsicht \u00e4rgerlich: Der Finanzminister verpasst so die Kabinettssitzung am Mittwochmorgen, bei der die Reform der <a href=\"https:\/\/www.t-online.de\/finanzen\/ratgeber\/steuern-recht\/einkommenssteuer\/id_89991458\/wie-viel-steuern-muss-ich-zahlen-einkommensteuer-einfach-erklaert.html\" class=\"transition-colors cursor-pointer no-underline md:hover:text-magenta md:focus:text-magenta border-b border-solid border-current text-salemsfur md:hover:border-magenta\" data-tracking=\"{&quot;action&quot;:&quot;click&quot;,&quot;category&quot;:&quot;intextLink&quot;,&quot;label&quot;:&quot;\/finanzen\/ratgeber\/steuern-recht\/einkommenssteuer\/id_89991458\/wie-viel-steuern-muss-ich-zahlen-einkommensteuer-einfach-erklaert.html&quot;}\" data-sctrack=\"BodyAnchor\" rel=\"nofollow noopener\" target=\"_blank\">Einkommensteuer<\/a> beschlossen werden soll. Das Gesetz war zuletzt heftig in die Kritik geraten, unter anderem attackierte Wirtschaftsministerin Katherina Reiche (CDU) Klingbeil noch am Dienstag. Das Gesetz kann aber trotz Klingbeils Abwesenheit am Mittwoch beschlossen werden. Der Minister kann sich vertreten lassen.<\/p>\n<p>Erstaunliche Pannenserie bei der Flugbereitschaft<\/p>\n<p class=\"text-18 leading-17 user-text-lg:text-22 user-text-xl:text-24\">Das Treffen in den USA verlief f\u00fcr den deutschen Spitzenpolitiker turbulent, <a href=\"https:\/\/www.t-online.de\/nachrichten\/deutschland\/parteien\/id_101415180\/g20-gipfel-fast-waeren-klingbeils-botschaften-in-dem-chaos-untergegangen-.html\" class=\"transition-colors cursor-pointer no-underline md:hover:text-magenta md:focus:text-magenta border-b border-solid border-current text-salemsfur md:hover:border-magenta\" data-tracking=\"{&quot;action&quot;:&quot;click&quot;,&quot;category&quot;:&quot;intextLink&quot;,&quot;label&quot;:&quot;\/nachrichten\/deutschland\/parteien\/id_101415180\/g20-gipfel-fast-waeren-klingbeils-botschaften-in-dem-chaos-untergegangen-.html&quot;}\" data-sctrack=\"BodyAnchor\" rel=\"nofollow noopener\" target=\"_blank\">wie Sie hier nachlesen k\u00f6nnen.<\/a> Im Anschluss besuchte er ein BMW-Werk in Spartanburg in South Carolina.<\/p>\n<p><a href=\"#focus-1\" class=\"transition-colors block text-current relative\" data-sctrack=\"FocusGalleryImage.Reference\"><img   loading=\"lazy\" src=\"https:\/\/www.europesays.com\/de\/wp-content\/uploads\/2026\/09\/usa-die-delegation-von-bundesfinanzminister-klingbeil-steigt-nach-einer-laengeren-wartezeit-zurueck-.jpeg\" alt=\"USA: Die Delegation von Bundesfinanzminister Klingbeil steigt nach einer l\u00e4ngeren Wartezeit zur\u00fcck in die bereitstehenden Busse.\" title=\"USA: Die Delegation von Bundesfinanzminister Klingbeil steigt nach einer l\u00e4ngeren Wartezeit zur\u00fcck in die bereitstehenden Busse.\" width=\"2048\" height=\"1152\" class=\"h-full w-full max-w-full rounded-8\" decoding=\"async\"\/><img loading=\"lazy\" src=\"https:\/\/www.t-online.de\/s\/paper\/_next\/static\/media\/zoom-in.f7dae02f.svg\" alt=\"Vergr\u00f6\u00dfern des Bildes\" title=\"Vergr\u00f6\u00dfern des Bildes\" class=\"block h-[calc(var(--height)_\/_16_*_1rem)] w-[calc(var(--width)_\/_16_*_1rem)] max-w-none absolute right-8 bottom-8 rounded-4 bg-snow p-8\" style=\"--width:32;--height:32\" decoding=\"async\"\/>USA: Die Delegation von Bundesfinanzminister Klingbeil steigt nach einer l\u00e4ngeren Wartezeit zur\u00fcck in die bereitstehenden Busse. (Quelle: Bernd von Jutrczenka\/dpa)<\/a><\/p>\n<p class=\"text-18 leading-17 user-text-lg:text-22 user-text-xl:text-24\">Es ist nicht das erste Mal in den vergangenen Jahren, dass die Flugbereitschaft der Bundeswehr Probleme mit den Regierungsmaschinen hat. Die spektakul\u00e4rste Panne der deutschen Regierungsflotte ereignete sich im November 2018. Damals waren Kanzlerin <a href=\"https:\/\/www.t-online.de\/themen\/angela-merkel\/\" class=\"transition-colors cursor-pointer no-underline md:hover:text-magenta md:focus:text-magenta border-b border-solid border-current text-salemsfur md:hover:border-magenta\" data-tracking=\"{&quot;action&quot;:&quot;click&quot;,&quot;category&quot;:&quot;intextLink&quot;,&quot;label&quot;:&quot;\/themen\/angela-merkel\/&quot;}\" data-sctrack=\"BodyAnchor\" rel=\"nofollow noopener\" target=\"_blank\">Angela Merkel<\/a> und Finanzminister <a href=\"https:\/\/www.t-online.de\/themen\/olaf-scholz\/\" class=\"transition-colors cursor-pointer no-underline md:hover:text-magenta md:focus:text-magenta border-b border-solid border-current text-salemsfur md:hover:border-magenta\" data-tracking=\"{&quot;action&quot;:&quot;click&quot;,&quot;category&quot;:&quot;intextLink&quot;,&quot;label&quot;:&quot;\/themen\/olaf-scholz\/&quot;}\" data-sctrack=\"BodyAnchor\" rel=\"nofollow noopener\" target=\"_blank\">Olaf Scholz<\/a> auf dem Weg zum G20-Gipfel nach Buenos Aires. Doch kurz nach dem Start fielen im <a href=\"https:\/\/www.t-online.de\/themen\/airbus\/\" class=\"transition-colors cursor-pointer no-underline md:hover:text-magenta md:focus:text-magenta border-b border-solid border-current text-salemsfur md:hover:border-magenta\" data-tracking=\"{&quot;action&quot;:&quot;click&quot;,&quot;category&quot;:&quot;intextLink&quot;,&quot;label&quot;:&quot;\/themen\/airbus\/&quot;}\" data-sctrack=\"BodyAnchor\" rel=\"nofollow noopener\" target=\"_blank\">Airbus<\/a> A340 gleich zwei Funksysteme aus. Eigentlich sollten sich die Systeme im Notfall gegenseitig absichern. Die Maschine musste umkehren. Bis heute gilt dieser Vorfall als einer der schwerwiegendsten in der Geschichte der Flugbereitschaft.<\/p>\n","protected":false},"excerpt":{"rendered":"Panne in den USA Flugzeug mit Finanzminister Klingbeil gestrandet Aktualisiert am 02.09.2026 &#8211; 01:38 UhrLesedauer: 2 Min. Der&hellip;\n","protected":false},"author":2,"featured_media":1274842,"comment_status":"","ping_status":"","sticky":false,"template":"","format":"standard","meta":{"footnotes":"","_share_on_mastodon":"0"},"categories":[2],"tags":[1217,3028,522,3087,685,189593,29,153693,106701,30,263153,13,776,14,15,55279,9506,33591,12,263154,184,226,10,8,9,11,64],"class_list":["post-1274841","post","type-post","status-publish","format-standard","has-post-thumbnail","category-deutschland","tag-1217","tag-3028","tag-522","tag-airbus-a350","tag-bundeswehr","tag-daniel-muetzel","tag-deutschland","tag-flugbereitschaft","tag-g20-gipfel","tag-germany","tag-greenville-spartanburg","tag-headlines","tag-lars-klingbeil","tag-nachrichten","tag-news","tag-north-carolina","tag-reifen","tag-rollfeld","tag-schlagzeilen","tag-spartanburg","tag-spd","tag-t-online","tag-top-news","tag-top-meldungen","tag-topmeldungen","tag-topnews","tag-usa"],"share_on_mastodon":{"url":"https:\/\/pubeurope.com\/@de\/117198934356944404","error":""},"_links":{"self":[{"href":"https:\/\/www.europesays.com\/de\/wp-json\/wp\/v2\/posts\/1274841","targetHints":{"allow":["GET"]}}],"collection":[{"href":"https:\/\/www.europesays.com\/de\/wp-json\/wp\/v2\/posts"}],"about":[{"href":"https:\/\/www.europesays.com\/de\/wp-json\/wp\/v2\/types\/post"}],"author":[{"embeddable":true,"href":"https:\/\/www.europesays.com\/de\/wp-json\/wp\/v2\/users\/2"}],"replies":[{"embeddable":true,"href":"https:\/\/www.europesays.com\/de\/wp-json\/wp\/v2\/comments?post=1274841"}],"version-history":[{"count":0,"href":"https:\/\/www.europesays.com\/de\/wp-json\/wp\/v2\/posts\/1274841\/revisions"}],"wp:featuredmedia":[{"embeddable":true,"href":"https:\/\/www.europesays.com\/de\/wp-json\/wp\/v2\/media\/1274842"}],"wp:attachment":[{"href":"https:\/\/www.europesays.com\/de\/wp-json\/wp\/v2\/media?parent=1274841"}],"wp:term":[{"taxonomy":"category","embeddable":true,"href":"https:\/\/www.europesays.com\/de\/wp-json\/wp\/v2\/categories?post=1274841"},{"taxonomy":"post_tag","embeddable":true,"href":"https:\/\/www.europesays.com\/de\/wp-json\/wp\/v2\/tags?post=1274841"}],"curies":[{"name":"wp","href":"https:\/\/api.w.org\/{rel}","templated":true}]}}