{"id":1274848,"date":"2026-09-02T01:52:16","date_gmt":"2026-09-02T01:52:16","guid":{"rendered":"https:\/\/www.europesays.com\/de\/1274848\/"},"modified":"2026-09-02T01:52:16","modified_gmt":"2026-09-02T01:52:16","slug":"versucht-ehefrau-zu-toeten-prozess-gegen-37-jaehrigen","status":"publish","type":"post","link":"https:\/\/www.europesays.com\/de\/1274848\/","title":{"rendered":"Versucht Ehefrau zu t\u00f6ten &#8211; Prozess gegen 37-J\u00e4hrigen"},"content":{"rendered":"<p class=\"rich-text expressive-copy-lg-body my-6\">Ein 37-j\u00e4hriger Mann steht ab heute (9.00 Uhr) in Kiel vor Gericht, weil er versucht haben soll, seine Ehefrau mit einem Messer zu t\u00f6ten. Laut Landgericht Kiel fuhr er im Dezember vergangenen Jahres zu seiner getrennt lebenden Frau nach Neum\u00fcnster, um sie zu t\u00f6ten. Dabei hatte er zwei Messer und ein Beil bei sich.<\/p>\n<p class=\"rich-text expressive-copy-lg-body my-6\">Als die Frau die T\u00fcr \u00f6ffnete, soll er ihr laut Anklage sofort mit einem Messer in den Oberk\u00f6rper gestochen haben. Anschlie\u00dfend soll er versucht haben, sich selbst das Leben zu nehmen. Die Frau \u00fcberlebte den Angriff. Ihre Tochter hatte aus dem Fenster um Hilfe gerufen. Als Motiv werde die Trennung der Frau und ihre Beziehung zu einem anderen Mann angenommen.<\/p>\n<p class=\"rich-text expressive-copy-lg-body my-6\">F\u00fcr den Prozess sind voraussichtlich sieben Verhandlungstage geplant.<\/p>\n<p class=\"rich-text expressive-copy-lg-body my-6\">\u00a9 dpa-infocom, dpa:260902-930-618771\/1<\/p>\n","protected":false},"excerpt":{"rendered":"Ein 37-j\u00e4hriger Mann steht ab heute (9.00 Uhr) in Kiel vor Gericht, weil er versucht haben soll, seine&hellip;\n","protected":false},"author":2,"featured_media":1274849,"comment_status":"","ping_status":"","sticky":false,"template":"","format":"standard","meta":{"footnotes":"","_share_on_mastodon":"0"},"categories":[1852],"tags":[3364,29,548,663,3934,30,13,4949,14,15,12,1971],"class_list":["post-1274848","post","type-post","status-publish","format-standard","has-post-thumbnail","category-kiel","tag-de","tag-deutschland","tag-eu","tag-europa","tag-europe","tag-germany","tag-headlines","tag-kiel","tag-nachrichten","tag-news","tag-schlagzeilen","tag-schleswig-holstein"],"share_on_mastodon":{"url":"","error":""},"_links":{"self":[{"href":"https:\/\/www.europesays.com\/de\/wp-json\/wp\/v2\/posts\/1274848","targetHints":{"allow":["GET"]}}],"collection":[{"href":"https:\/\/www.europesays.com\/de\/wp-json\/wp\/v2\/posts"}],"about":[{"href":"https:\/\/www.europesays.com\/de\/wp-json\/wp\/v2\/types\/post"}],"author":[{"embeddable":true,"href":"https:\/\/www.europesays.com\/de\/wp-json\/wp\/v2\/users\/2"}],"replies":[{"embeddable":true,"href":"https:\/\/www.europesays.com\/de\/wp-json\/wp\/v2\/comments?post=1274848"}],"version-history":[{"count":0,"href":"https:\/\/www.europesays.com\/de\/wp-json\/wp\/v2\/posts\/1274848\/revisions"}],"wp:featuredmedia":[{"embeddable":true,"href":"https:\/\/www.europesays.com\/de\/wp-json\/wp\/v2\/media\/1274849"}],"wp:attachment":[{"href":"https:\/\/www.europesays.com\/de\/wp-json\/wp\/v2\/media?parent=1274848"}],"wp:term":[{"taxonomy":"category","embeddable":true,"href":"https:\/\/www.europesays.com\/de\/wp-json\/wp\/v2\/categories?post=1274848"},{"taxonomy":"post_tag","embeddable":true,"href":"https:\/\/www.europesays.com\/de\/wp-json\/wp\/v2\/tags?post=1274848"}],"curies":[{"name":"wp","href":"https:\/\/api.w.org\/{rel}","templated":true}]}}