{"id":1274854,"date":"2026-09-02T01:56:19","date_gmt":"2026-09-02T01:56:19","guid":{"rendered":"https:\/\/www.europesays.com\/de\/1274854\/"},"modified":"2026-09-02T01:56:19","modified_gmt":"2026-09-02T01:56:19","slug":"fw-ge-erneuter-brandeinsatz-in-gelsenkirchen-horst-kuechenbrand-sorgt-fuer","status":"publish","type":"post","link":"https:\/\/www.europesays.com\/de\/1274854\/","title":{"rendered":"FW-GE: Erneuter Brandeinsatz in Gelsenkirchen-Horst: K\u00fcchenbrand sorgt f\u00fcr &#8230;"},"content":{"rendered":"<p class=\"date\">01.09.2026 \u2013 23:09<\/p>\n<p class=\"customer\">\n                        <a class=\"story-customer\" title=\"weiter zum newsroom von Feuerwehr Gelsenkirchen\" href=\"https:\/\/www.presseportal.de\/blaulicht\/nr\/116260\" rel=\"nofollow noopener\" target=\"_blank\">Feuerwehr Gelsenkirchen<\/a>\n                    <\/p>\n<p><a class=\"glightbox event-trigger\" href=\"https:\/\/cache.pressmailing.net\/thumbnail\/story_hires\/04a23094-212e-4b36-ba31-cb1f395e63b7\/2026_01_09K%C3%BCche.jpg.jpg\" data-description=\"FW Gelsenkirchen\" data-category=\"medialightbox\" data-action=\"click\" data-label=\"single\" data-value=\"6a973f11270000fd2cc2b25f\" rel=\"nofollow noopener\" target=\"_blank\"><img decoding=\"async\" height=\"540\" with=\"720\" src=\"https:\/\/www.europesays.com\/de\/wp-content\/uploads\/2026\/09\/fw-ge-erneuter-brandeinsatz-in-gelsenkirchen-horst-k-chenbrand-sorgt-f-r-aufwendigen-einsatz.jpeg\"   alt=\"FW-GE: Erneuter Brandeinsatz in Gelsenkirchen-Horst: K\u00fcchenbrand sorgt f\u00fcr aufwendigen Einsatz\" class=\"single\"\/><\/a><\/p>\n<p><a data-category=\"citylink-story-view\" data-action=\"click\" data-label=\"Citylink in Meldungsansicht\" class=\"story-city event-trigger\" href=\"https:\/\/www.presseportal.de\/regional\/Gelsenkirchen\" title=\"News aus Gelsenkirchen \" rel=\"nofollow noopener\" target=\"_blank\">Gelsenkirchen<\/a> (ots)<\/p>\n<p>Gelsenkirchen &#8211; Die Feuerwehr Gelsenkirchen wurde am heutigen Dienstag gegen 17:45 Uhr zu einem gemeldeten Dachstuhlbrand in den Stadtteil Horst gerufen. Bereits beim Eintreffen der ersten Einsatzkr\u00e4fte schlug dichter Rauch aus dem betroffenen Wohngeb\u00e4ude. Da sich gl\u00fccklicherweise keine Personen mehr im Geb\u00e4ude befanden, starteten die Einsatzkr\u00e4fte umgehend einen massiven L\u00f6schangriff.<br \/>\nEin Trupp unter Atemschutz drang mit einem C-Rohr in das Innere des Einfamilienhauses vor. Entgegen der ersten Meldung lokalisierte der Trupp das Feuer im Erdgeschoss, wo eine K\u00fcche in Brand geraten war. Das Feuer konnte schnell unter Kontrolle gebracht werden. Zeitgleich errichtete ein weiterer Trupp auf der Geb\u00e4uder\u00fcckseite eine sogenannte Riegelstellung, um ein \u00dcbergreifen der Flammen auf andere Geb\u00e4udeteile zu verhindern. Parallel dazu leiteten die Einsatzkr\u00e4fte Bel\u00fcftungsma\u00dfnahmen ein.<\/p>\n<p>Die anschlie\u00dfenden Nachl\u00f6scharbeiten gestalteten sich jedoch aufwendig: Im Bereich eines Anbaus auf der Geb\u00e4uder\u00fcckseite wurden weitere Glutnester lokalisiert. Um versteckte Brandnester sicher auszuschlie\u00dfen, \u00f6ffnete die Feuerwehr die Konstruktion an mehreren Stellen gezielt mit einer Rettungss\u00e4ge und l\u00f6schte diese ab.<br \/>\nZudem wurden die beiden Nachbarh\u00e4user kontrolliert. Eine dort festgestellte, leichte Verrauchung im Inneren der Geb\u00e4ude konnte durch den Einsatz von Hochleistungsl\u00fcftern schnell beseitigt werden. Nach Abschluss aller feuerwehrtechnischen Ma\u00dfnahmen wurde die Einsatzstelle f\u00fcr die weiteren Ermittlungen zur Brandursache an die Polizei \u00fcbergeben.<\/p>\n<p class=\"contact-headline\">R\u00fcckfragen bitte an:<\/p>\n<p class=\"contact-text\">Feuerwehr Gelsenkirchen<br \/>Andreas Fleige<br \/>Telefon: 0209\/ 1704 227<br \/>E-Mail: <a href=\"https:\/\/www.presseportal.de\/blaulicht\/pm\/116260\/mailto:andreas.fleige@gelsenkirchen.de\" class=\"uri-mailto\" rel=\"nofollow noopener\" target=\"_blank\">andreas.fleige@gelsenkirchen.de<\/a><br \/><a target=\"_blank\" class=\"uri-ext outbound\" rel=\"noopener nofollow\" href=\"http:\/\/www.feuerwehr-gelsenkirchen.de\">http:\/\/www.feuerwehr-gelsenkirchen.de<\/a><\/p>\n<p class=\"originator\">Original-Content von: Feuerwehr Gelsenkirchen, \u00fcbermittelt durch news aktuell<\/p>\n","protected":false},"excerpt":{"rendered":"01.09.2026 \u2013 23:09 Feuerwehr Gelsenkirchen Gelsenkirchen (ots) Gelsenkirchen &#8211; Die Feuerwehr Gelsenkirchen wurde am heutigen Dienstag gegen 17:45&hellip;\n","protected":false},"author":2,"featured_media":1274855,"comment_status":"","ping_status":"","sticky":false,"template":"","format":"standard","meta":{"footnotes":"","_share_on_mastodon":"0"},"categories":[1848],"tags":[2919,3364,29,548,663,3934,985,3658,30,13,14,15,1209,176,178,180,179,181,12],"class_list":["post-1274854","post","type-post","status-publish","format-standard","has-post-thumbnail","category-gelsenkirchen","tag-brand","tag-de","tag-deutschland","tag-eu","tag-europa","tag-europe","tag-feuerwehr","tag-gelsenkirchen","tag-germany","tag-headlines","tag-nachrichten","tag-news","tag-nordrhein-westfalen","tag-nrw","tag-presse","tag-pressemeldung","tag-pressemitteilung","tag-pressemitteilungen","tag-schlagzeilen"],"share_on_mastodon":{"url":"https:\/\/pubeurope.com\/@de\/117198966770192527","error":""},"_links":{"self":[{"href":"https:\/\/www.europesays.com\/de\/wp-json\/wp\/v2\/posts\/1274854","targetHints":{"allow":["GET"]}}],"collection":[{"href":"https:\/\/www.europesays.com\/de\/wp-json\/wp\/v2\/posts"}],"about":[{"href":"https:\/\/www.europesays.com\/de\/wp-json\/wp\/v2\/types\/post"}],"author":[{"embeddable":true,"href":"https:\/\/www.europesays.com\/de\/wp-json\/wp\/v2\/users\/2"}],"replies":[{"embeddable":true,"href":"https:\/\/www.europesays.com\/de\/wp-json\/wp\/v2\/comments?post=1274854"}],"version-history":[{"count":0,"href":"https:\/\/www.europesays.com\/de\/wp-json\/wp\/v2\/posts\/1274854\/revisions"}],"wp:featuredmedia":[{"embeddable":true,"href":"https:\/\/www.europesays.com\/de\/wp-json\/wp\/v2\/media\/1274855"}],"wp:attachment":[{"href":"https:\/\/www.europesays.com\/de\/wp-json\/wp\/v2\/media?parent=1274854"}],"wp:term":[{"taxonomy":"category","embeddable":true,"href":"https:\/\/www.europesays.com\/de\/wp-json\/wp\/v2\/categories?post=1274854"},{"taxonomy":"post_tag","embeddable":true,"href":"https:\/\/www.europesays.com\/de\/wp-json\/wp\/v2\/tags?post=1274854"}],"curies":[{"name":"wp","href":"https:\/\/api.w.org\/{rel}","templated":true}]}}