{"id":1274870,"date":"2026-09-02T02:06:28","date_gmt":"2026-09-02T02:06:28","guid":{"rendered":"https:\/\/www.europesays.com\/de\/1274870\/"},"modified":"2026-09-02T02:06:28","modified_gmt":"2026-09-02T02:06:28","slug":"freiheitsberaubung-in-behinderteneinrichtung-vier-angeklagte-vor-gericht","status":"publish","type":"post","link":"https:\/\/www.europesays.com\/de\/1274870\/","title":{"rendered":"Freiheitsberaubung in Behinderteneinrichtung: Vier Angeklagte vor Gericht"},"content":{"rendered":"<p>Der Fall besch\u00e4ftigt Beh\u00f6rden seit Jahren. In einer Einrichtung f\u00fcr Menschen mit Behinderung soll es zu strafbaren Handlungen gekommen sein. Jetzt gibt es einen Verhandlungstermin.<\/p>\n<p>Bad Oeynhausen\/Bielefeld (dpa) &#8211; Der Prozess um mutma\u00dfliche Freiheitsberaubung von Bewohnern in einer Einrichtung f\u00fcr Menschen mit Behinderung in Bad Oeynhausen beginnt am 24. September. Das hat das Landgericht Bielefeld mitgeteilt. Angeklagt sind drei Leitungskr\u00e4fte im Alter zwischen 53 und 62 Jahren aus H\u00fcllhorst und Bad Oeynhausen sowie ein heute 73 Jahre alter Arzt aus Jena.<\/p>\n<p class=\"contextmenu caption\">Eingesperrt und fixiert<\/p>\n<p>Laut den Ermittlungen sollen die Angeklagten von 2014 bis Oktober 2019 Bewohnern einer Einrichtung der Diakonie in Bad Oeynhausen in zahlreichen F\u00e4llen die Freiheit entzogen und deren Gesundheit gesch\u00e4digt haben. Dabei sollen die Bewohner im eigenen Zimmer oder in einem speziellen Raum eingesperrt und fixiert worden sein. <\/p>\n<p>Den F\u00fchrungskr\u00e4ften wird in unterschiedlich hoher Zahl von F\u00e4llen vorgeworfen, die Ma\u00dfnahmen bei den Mitarbeitern bei bestimmten Verhalten der Bewohner angeordnet zu haben. Dem Arzt, einem Psychiater, wirft die Staatsanwaltschaft Beihilfe in 30 F\u00e4llen vor. Au\u00dferdem geht es um gef\u00e4hrliche K\u00f6rperverletzung, weil zu bestimmten Anl\u00e4ssen Tr\u00e4nengas verspr\u00fcht wurde. <\/p>\n<p>Texte und Fotos von die-glocke.de sind urheberrechtlich gesch\u00fctzt.<br \/>\n            Weiterverwendung nur mit Genehmigung der Chefredaktion.<\/p>\n","protected":false},"excerpt":{"rendered":"Der Fall besch\u00e4ftigt Beh\u00f6rden seit Jahren. In einer Einrichtung f\u00fcr Menschen mit Behinderung soll es zu strafbaren Handlungen&hellip;\n","protected":false},"author":2,"featured_media":1274871,"comment_status":"","ping_status":"","sticky":false,"template":"","format":"standard","meta":{"footnotes":"","_share_on_mastodon":"0"},"categories":[1841],"tags":[19548,26861,36252,1605,3364,29,3024,30,27677,1209,1269],"class_list":["post-1274870","post","type-post","status-publish","format-standard","has-post-thumbnail","category-bielefeld","tag-angeklagte","tag-bad-oeynhausen","tag-behinderte","tag-bielefeld","tag-de","tag-deutschland","tag-freiheitsberaubung","tag-germany","tag-landgericht-bielefeld","tag-nordrhein-westfalen","tag-prozess"],"share_on_mastodon":{"url":"","error":""},"_links":{"self":[{"href":"https:\/\/www.europesays.com\/de\/wp-json\/wp\/v2\/posts\/1274870","targetHints":{"allow":["GET"]}}],"collection":[{"href":"https:\/\/www.europesays.com\/de\/wp-json\/wp\/v2\/posts"}],"about":[{"href":"https:\/\/www.europesays.com\/de\/wp-json\/wp\/v2\/types\/post"}],"author":[{"embeddable":true,"href":"https:\/\/www.europesays.com\/de\/wp-json\/wp\/v2\/users\/2"}],"replies":[{"embeddable":true,"href":"https:\/\/www.europesays.com\/de\/wp-json\/wp\/v2\/comments?post=1274870"}],"version-history":[{"count":0,"href":"https:\/\/www.europesays.com\/de\/wp-json\/wp\/v2\/posts\/1274870\/revisions"}],"wp:featuredmedia":[{"embeddable":true,"href":"https:\/\/www.europesays.com\/de\/wp-json\/wp\/v2\/media\/1274871"}],"wp:attachment":[{"href":"https:\/\/www.europesays.com\/de\/wp-json\/wp\/v2\/media?parent=1274870"}],"wp:term":[{"taxonomy":"category","embeddable":true,"href":"https:\/\/www.europesays.com\/de\/wp-json\/wp\/v2\/categories?post=1274870"},{"taxonomy":"post_tag","embeddable":true,"href":"https:\/\/www.europesays.com\/de\/wp-json\/wp\/v2\/tags?post=1274870"}],"curies":[{"name":"wp","href":"https:\/\/api.w.org\/{rel}","templated":true}]}}