{"id":1274889,"date":"2026-09-02T02:19:21","date_gmt":"2026-09-02T02:19:21","guid":{"rendered":"https:\/\/www.europesays.com\/de\/1274889\/"},"modified":"2026-09-02T02:19:21","modified_gmt":"2026-09-02T02:19:21","slug":"naechster-abschied-bei-der-eintracht-frankreich-statt-frankfurt","status":"publish","type":"post","link":"https:\/\/www.europesays.com\/de\/1274889\/","title":{"rendered":"N\u00e4chster Abschied bei der Eintracht \u2013 Frankreich statt Frankfurt"},"content":{"rendered":"<p>Nkounkou geht ohne Kaufoption<\/p>\n<p>Wie <a href=\"https:\/\/www.fussballdaten.de\/vereine\/eintracht-frankfurt\/\" target=\"_blank\" rel=\"nofollow noopener\">Eintracht Frankfurt<\/a> offiziell best\u00e4tigt, wird <a href=\"https:\/\/www.fussballdaten.de\/person\/niels-nkounkou\/\" target=\"_blank\" rel=\"nofollow noopener\">Niels Nkounkou<\/a> bis zum Ende der laufenden Saison an <a href=\"https:\/\/www.fussballdaten.de\/vereine\/ogc-nizza\/\" target=\"_blank\" rel=\"nofollow noopener\">OGC Nizza<\/a> verliehen. Eine Kaufoption ist nicht Bestandteil des Deals.<\/p>\n<p class=\"mb20 mt30\">Nkounkou steht bei der Eintracht noch bis 2028 unter Vertrag. Seit seinem Wechsel von AS Saint-\u00c9tienne nach Frankfurt kam der Franzose wettbewerbs\u00fcbergreifend auf 63 Eins\u00e4tze, drei Tore und drei Vorlagen.<\/p>\n<p>Frankfurt kann Spielzeit nicht garantieren<\/p>\n<p class=\"mb20 mt30\">Bereits in der Saison 2025\/26 war Nkounkou verliehen und lief f\u00fcr den FC Turin auf. In diesem Sommer absolvierte er dennoch gro\u00dfe Teile der Vorbereitung und Trainingslager mit der Eintracht.<\/p>\n<p class=\"mb20 mt30\">Sportdirektor Timmo Hardung erkl\u00e4rte, dass Frankfurt dem Verteidiger aktuell nicht die n\u00f6tige Spielzeit garantieren k\u00f6nne. In Nizza soll Nkounkou nun wieder regelm\u00e4\u00dfig zum Einsatz kommen und zu seiner fr\u00fcheren Form zur\u00fcckfinden.<\/p>\n","protected":false},"excerpt":{"rendered":"Nkounkou geht ohne Kaufoption Wie Eintracht Frankfurt offiziell best\u00e4tigt, wird Niels Nkounkou bis zum Ende der laufenden Saison&hellip;\n","protected":false},"author":2,"featured_media":1274890,"comment_status":"","ping_status":"","sticky":false,"template":"","format":"standard","meta":{"footnotes":"","_share_on_mastodon":"0"},"categories":[3974],"tags":[7576,331,332,299,13053,548,663,3934,7847,3980,2050,156,347,13,14,13255,15,12,43376],"class_list":["post-1274889","post","type-post","status-publish","format-standard","has-post-thumbnail","category-frankreich","tag-abschied","tag-aktuelle-nachrichten","tag-aktuelle-news","tag-bundesliga","tag-eintracht","tag-eu","tag-europa","tag-europe","tag-football","tag-france","tag-frankfurt","tag-frankreich","tag-fussball","tag-headlines","tag-nachrichten","tag-naechster","tag-news","tag-schlagzeilen","tag-statt"],"share_on_mastodon":{"url":"https:\/\/pubeurope.com\/@de\/117199055445946350","error":""},"_links":{"self":[{"href":"https:\/\/www.europesays.com\/de\/wp-json\/wp\/v2\/posts\/1274889","targetHints":{"allow":["GET"]}}],"collection":[{"href":"https:\/\/www.europesays.com\/de\/wp-json\/wp\/v2\/posts"}],"about":[{"href":"https:\/\/www.europesays.com\/de\/wp-json\/wp\/v2\/types\/post"}],"author":[{"embeddable":true,"href":"https:\/\/www.europesays.com\/de\/wp-json\/wp\/v2\/users\/2"}],"replies":[{"embeddable":true,"href":"https:\/\/www.europesays.com\/de\/wp-json\/wp\/v2\/comments?post=1274889"}],"version-history":[{"count":0,"href":"https:\/\/www.europesays.com\/de\/wp-json\/wp\/v2\/posts\/1274889\/revisions"}],"wp:featuredmedia":[{"embeddable":true,"href":"https:\/\/www.europesays.com\/de\/wp-json\/wp\/v2\/media\/1274890"}],"wp:attachment":[{"href":"https:\/\/www.europesays.com\/de\/wp-json\/wp\/v2\/media?parent=1274889"}],"wp:term":[{"taxonomy":"category","embeddable":true,"href":"https:\/\/www.europesays.com\/de\/wp-json\/wp\/v2\/categories?post=1274889"},{"taxonomy":"post_tag","embeddable":true,"href":"https:\/\/www.europesays.com\/de\/wp-json\/wp\/v2\/tags?post=1274889"}],"curies":[{"name":"wp","href":"https:\/\/api.w.org\/{rel}","templated":true}]}}