{"id":1274918,"date":"2026-09-02T02:39:41","date_gmt":"2026-09-02T02:39:41","guid":{"rendered":"https:\/\/www.europesays.com\/de\/1274918\/"},"modified":"2026-09-02T02:39:41","modified_gmt":"2026-09-02T02:39:41","slug":"tag-des-offenen-denkmals-2026-16-geheimtipps-fuer-denkmaeler-in-sachsen","status":"publish","type":"post","link":"https:\/\/www.europesays.com\/de\/1274918\/","title":{"rendered":"Tag des offenen Denkmals 2026: 16 Geheimtipps f\u00fcr Denkm\u00e4ler in Sachsen"},"content":{"rendered":"<p>        <img decoding=\"async\" src=\"https:\/\/www.europesays.com\/de\/wp-content\/uploads\/2026\/09\/johannis-friedhof-dresden-100.webp\" alt=\"Blick auf ein Geb\u00e4udekomplex mit einem Kuppeldach.\" title=\"Auf dem Johannisfriedhof in Dresden k\u00f6nnen interessierte spannende Geschichten erfahren. | Tobias Koch\" class=\"responsive\"\/><\/p>\n<p>AUDIO: Tipps f\u00fcr den Tag des offenen Denkmals in Sachsen (5 Min)<\/p>\n<p class=\"topline\">13. September 2026<\/p>\n<p>\n                Stand: 02.09.2026 04:00 Uhr<\/p>\n<p class=\"preface\">Zum Tag des offenen Denkmals am 13. September 2026 gibt es in Sachsen viel zu entdecken. Unter dem Motto &#8222;Netzwerke&#8220; k\u00f6nnen Interessierte am Aktionstag besondere Einblicke in bedeutende Bauwerke erhalten: zum Beispiel Lebensgeschichten auf dem Dresdner Johannisfriedhof, Leipzigs sch\u00f6nstes Trafoh\u00e4uschen oder die Hexenburg in der Lausitz. Das sind unsere Tipps: <\/p>\n<p class=\"textauthor\">von Thilo Sauer, MDR KULTUR<\/p>\n<p>    Leipzig: Stadtarchiv im Sowjetischen Pavillon<\/p>\n<p class=\"\">Eine goldene Spitze ragt vom Dach in den Himmel und darauf sitzt ein roter Stern. \u00dcber dem s\u00e4ulenbes\u00e4umten Eingang prangen die Buchstaben &#8222;Stadtarchiv Leipzig&#8220;. Doch das ist nur das letzte Kapitel in einer langen, abwechslungsreichen Geschichte: Das damals &#8222;Achilleion&#8220; genannte Geb\u00e4ude wurde 1924 als Teil der Messe Leipzig (heute Altes Messegel\u00e4nde) gebaut und diente als Ausstellungsbereich f\u00fcr den Bereich Maschinenbau. Das Geb\u00e4ude wurde allerdings auch mit Erlaubnis des Verbandes der Werkzeugmaschinenbau-Fabrikanten als Sporthalle genutzt.<\/p>\n<p>                    <a href=\"https:\/\/www.europesays.com\/de\/wp-content\/uploads\/2026\/09\/sowjetischer-pavillon-leipzig-104.webp\" class=\"zoomimage\" title=\"Bild vergr\u00f6\u00dfern\"><\/p>\n<p>        <img decoding=\"async\" src=\"https:\/\/www.europesays.com\/de\/wp-content\/uploads\/2026\/09\/sowjetischer-pavillon-leipzig-104.webp\" alt=\"Blick auf ein Geb\u00e4ude mit einem spitzen Aufsatz.\" title=\"Vom &quot;Achilleion&quot; steht heute nur noch der vordere Teil und bewahrt die Geschichte der Stadt Leipzig. |  IMAGO \/ Zoonar\" class=\"responsive\" loading=\"lazy\"\/><\/p>\n<p>                    <\/a><\/p>\n<p>                    Vom &#8222;Achilleion&#8220; steht heute nur noch der vordere Teil und bewahrt die Geschichte der Stadt Leipzig.<\/p>\n<p class=\"\">Im Zweiten Weltkrieg wurde das Geb\u00e4ude stark besch\u00e4digt und in den 50er-Jahren als Sowjetischer Pavillon wieder aufgebaut und umgestaltet. Die UdSSR pr\u00e4sentierte sich in DDR-Zeiten in dieser Halle und von hier starteten auch die Rundg\u00e4nge von Parteispitzen \u00fcber die Mustermesse. Seit 2019 ist das Stadtarchiv, das Ged\u00e4chtnis von <a href=\"https:\/\/www.mdr.de\/kultur\/ausflug-tipps\/leipzig-sehenswuerdigkeiten-sightseeing-highlights-106.html\" title=\"Leipzig: 10 beeindruckende Sehensw\u00fcrdigkeiten\" rel=\"nofollow noopener\" target=\"_blank\">Leipzig<\/a>, hier untergebracht. Theoretisch ist ein Besuch jederzeit m\u00f6glich, jedoch mit Formalit\u00e4ten verbunden. Zum Tag des offenen Denkmals kann das Geb\u00e4ude frei besichtigt werden. Au\u00dferdem informieren zwei Vortr\u00e4ge zur Geschichte des Geb\u00e4udes und \u00fcber den Umbau.<\/p>\n<p><strong>Adresse:<\/strong><br \/>Stadtarchiv Leipzig<br \/>Stra\u00dfe des 18. Oktober<br \/>04103 Leipzig<\/p>\n<p><strong>\u00d6ffnungszeiten:<\/strong><br \/>13. September, 11 bis 14 Uhr<\/p>\n<p><strong>Programm:<\/strong><br \/>11:15 bis 11:45 Uhr: Vortrag \u00fcber das Areal der Alten Messe<br \/>11:45 bis 12:30 Uhr: Vortrag \u00fcber den Pavillon<\/p>\n<p><strong>Barrierefreiheit:<\/strong><br \/>Der Pavillon ist f\u00fcr Menschen mit Mobilit\u00e4tseinschr\u00e4nkungen schwellenarm erreichbar.<\/p>\n<p class=\"\"><strong>Sie suchen noch mehr Geheimtipps f\u00fcr Ausflugsziele, Kultur auf dem Land oder Entdeckungen mit der Familie? Folgen Sie einfach unserem kostenlosen <\/strong><a href=\"https:\/\/www.mdr.de\/kultur\/whatsapp-channel-kultur-erleben-100~splash.html\" title=\"MDR KULTUR bei WhatsApp: &quot;KULTUR erleben&quot;\" data-url=\"https:\/\/whatsapp.com\/channel\/0029VbB2BsjK0IBq8qHAw12R\" class=\"extlink-preface\" data-type=\"external\" rel=\"nofollow noopener\" target=\"_blank\"><strong>WhatsApp-Kanal &#8222;KULTUR erleben&#8220;<\/strong><\/a><strong> und erhalten Sie Kulturtipps bequem per Messenger aufs Handy!<\/strong><\/p>\n<p>    Leipzig: Historischer Trafo zeigt die Sch\u00f6nheit des Stromnetzes<\/p>\n<p class=\"\">Der Tag des offenen Denkmals steht 2026 unter dem Motto &#8222;Netzwerke: Denkmale &amp; Infrastruktur&#8220;. Dazu passt dieses Kleinod im Leipziger Westen hervorragend, das f\u00fcr die Regulierung des fr\u00fchen Stromnetzes verantwortlich war. Heutzutage sind Stromk\u00e4sten schmucklos \u2013 K\u00e4sten am Stra\u00dfenrand, die im g\u00fcnstigsten Fall bemalt sind. Doch als Anfang des 20. Jahrhunderts zum ersten Mal ein Stromnetz die Haushalte in Leutzsch mit Strom versorgen sollte, ging es nicht nur darum, n\u00fctzlich und g\u00fcnstig zu sein, es sollte auch gut aussehen. So entstanden sechs repr\u00e4sentative Bauten: kleine T\u00fcrme mit T\u00fcr und Bleiglasfenstern, die Ecken mit unbehauenem Stein verziert und mit Schiefer gedeckt.<\/p>\n<p>                    <a href=\"https:\/\/images.mdr.de\/image\/552a783b-2dff-4992-8415-b7fad99d250c\/AAABoE_rpZU\/AAABnSSvrFg\/16x9-big\/trafostation-leipzig-100.webp?width=576\" class=\"zoomimage\" title=\"Bild vergr\u00f6\u00dfern\" rel=\"nofollow noopener\" target=\"_blank\"><\/p>\n<p>        <img decoding=\"async\" src=\"https:\/\/www.europesays.com\/de\/wp-content\/uploads\/2026\/09\/trafostation-leipzig-100.webp\" alt=\"Blick auf ein kleines Geb\u00e4ude auf einer quadratischen Grundfl\u00e4che, mit T\u00fcr und mit dunklen Schindeln gedeckten Dach.\" title=\"Dieses H\u00e4uschen erz\u00e4hlt von der ersten Stromversorgung der Menschen in Leipzig: der historische Trafo. | G\u00fcnther Sonne\" class=\"responsive\" loading=\"lazy\"\/><\/p>\n<p>                    <\/a><\/p>\n<p>                    Dieses H\u00e4uschen erz\u00e4hlt von der ersten Stromversorgung der Menschen in Leipzig: der historische Trafo.<\/p>\n<p class=\"\">Dank b\u00fcrgerschaftlichem Engagement strahlt eine dieser Trafostationen seit 2012 wieder wie neu. Zum Tag des offenen Denkmals wird die T\u00fcr ge\u00f6ffnet: Die technischen Elemente sind zwar nicht mehr erhalten, aber Infotafeln und Mitglieder des B\u00fcrgervereins Leutzsch e.V., der die Sanierung erm\u00f6glichte und begleitete, beantworten au\u00dferdem alle Fragen zur Entwicklung des Stromnetzes im Leipziger Stadtteil.<\/p>\n<p><strong>Adresse:<\/strong><br \/>Trafostation von 1910<br \/>Ecke Laurentiusstra\u00dfe, Rathenaustra\u00dfe und Bl\u00fcthnerstra\u00dfe<br \/>04179 Leipzig<\/p>\n<p><strong>\u00d6ffnungszeiten:<\/strong><br \/>13. September, 14 bis 17 Uhr<\/p>\n<p><strong>Barrierefreiheit:<\/strong><br \/>Das Objekt ist f\u00fcr Menschen mit Mobilit\u00e4tseinschr\u00e4nkung nur bedingt schwellenarm erreichbar.<\/p>\n<p>    Dresden: Beyer-Bau \u2013 ein Wahrzeichen der Technischen Universit\u00e4t<\/p>\n<p class=\"\">Es h\u00e4tte so viel mehr werden k\u00f6nnen: Der Architekt Martin D\u00fclfer hat einen ganzen Geb\u00e4udekomplex geplant, eine ganze Hochschulstadt. Doch davon wurden nur zwei Bauten weitestgehend realisiert. Immerhin gilt der Beyer-Bau \u2013 benannt nach Kurt Beyer, der an der Hochschule lehrte und nach dem Zweiten Weltkrieg daf\u00fcr sorgte, dass in <a href=\"https:\/\/www.mdr.de\/kultur\/ausflug-tipps\/dresden-tag-ausflug-sehenswuerdigkeiten-106.html\" title=\"Dresden an einem Tag: Die Top 6 Sehensw\u00fcrdigkeiten f\u00fcr einen Ausflug\" rel=\"nofollow noopener\" target=\"_blank\">Dresden<\/a> die Br\u00fccken wieder befahrbar waren \u2013 als weithin sichtbares Symbol der Technischen Universit\u00e4t, kurz TU Dresden. D\u00fclfer, der auch Teil der K\u00fcnstlergruppe &#8222;Zunft&#8220; in Dresden war, orientierte sich nicht am reichen Stil seiner Stadt. Sein Bau besteht vor allem aus Backstein und ist in den Details vor allem vom Jugendstil gepr\u00e4gt. D\u00fclfers Gedanken \u00fcber Materialien sind im ganzen Geb\u00e4ude sp\u00fcrbar, vor allem in dem achteckigen Turm mit Kuppeldach, das f\u00fcr astronomische Ger\u00e4te vorgesehen ist.<\/p>\n<p>                    <a href=\"https:\/\/www.europesays.com\/de\/wp-content\/uploads\/2026\/09\/beyer-bau-dresden-100.webp\" class=\"zoomimage\" title=\"Bild vergr\u00f6\u00dfern\"><\/p>\n<p>        <img decoding=\"async\" src=\"https:\/\/www.europesays.com\/de\/wp-content\/uploads\/2026\/09\/beyer-bau-dresden-100.webp\" alt=\"Blick auf einen Backsteinbau mit einer Turm aus Stahl und Glas mit einer Kuppel.\" title=\"Mit einem achteckigen Turm wurde der Beyer-Bau schnell zum Wahrzeichen der TU Dresden. | TU Dresden\/Till Schuster\" class=\"responsive\" loading=\"lazy\"\/><\/p>\n<p>                    <\/a><\/p>\n<p>                    Mit einem achteckigen Turm wurde der Beyer-Bau schnell zum Wahrzeichen der TU Dresden.<\/p>\n<p class=\"\">Im Zweiten Weltkrieg wurde das Geb\u00e4ude teilweise besch\u00e4digt, aber bald wieder aufgebaut. Zwischen 2018 und 2022 wurde der Beyer-Bau umfassend saniert und dient immer noch als bedeutendes Hochschulgeb\u00e4ude. Zum Tag des offenen Denkmals werden mehrere F\u00fchrungen durch den modernen Bau angeboten.<\/p>\n<p><strong>Adresse:<\/strong><br \/>Beyer-Bau<br \/>George-B\u00e4hr-Stra\u00dfe<br \/>101069 Dresden<\/p>\n<p><strong>\u00d6ffnungszeiten:<\/strong><br \/>13. September, 10 bis 14 Uhr<\/p>\n<p><strong>Programm:<\/strong><br \/>10, 11, 12 und 13 Uhr: F\u00fchrung durch das Geb\u00e4ude und den Campus<\/p>\n<p><strong>Barrierefreiheit:<\/strong><br \/>Das Geb\u00e4ude ist f\u00fcr Menschen mit Mobili\u00e4tseinschr\u00e4nkungen schwellenarm erreichbar.<\/p>\n<p>    Dresden: Johannisfriedhof erinnert an Lebensgeschichten<\/p>\n<p class=\"\">Friedh\u00f6fe sind nicht einfach nur letzte Ruhest\u00e4tten: Sie k\u00f6nnen auch Orte des Verweilens und der Begegnung sein. Daf\u00fcr steht auch der Johannisfriedhof in Dresden. Besonders eindrucksvoll ist die Feierhalle, die der Architekt des Berliner Reichstagsgeb\u00e4udes, Paul Wallot, entworfen hat. Dahinter erstreckt sich das Friedhofsgel\u00e4nde mit viel Gr\u00fcn und vielen Geschichten.<\/p>\n<p>                    <a href=\"https:\/\/www.europesays.com\/de\/wp-content\/uploads\/2026\/09\/johannis-friedhof-dresden-102.webp\" class=\"zoomimage\" title=\"Bild vergr\u00f6\u00dfern\"><\/p>\n<p>        <img decoding=\"async\" src=\"https:\/\/www.europesays.com\/de\/wp-content\/uploads\/2026\/09\/johannis-friedhof-dresden-102.webp\" alt=\"Blick auf eine Skulptur eines weiblichen Engels an einem Grabmal.\" title=\"F\u00fchrungen auf dem Johannisfriedhof Dresden erz\u00e4hlen spannende Geschichten von Frauen aus der Kunst, die hier begraben sind. | Tobias Koch\" class=\"responsive\" loading=\"lazy\"\/><\/p>\n<p>                    <\/a><\/p>\n<p>                    F\u00fchrungen auf dem Johannisfriedhof Dresden erz\u00e4hlen spannende Geschichten von Frauen aus der Kunst, die hier begraben sind.<\/p>\n<p class=\"\">Zum Tag des offenen Denkmals hat sich die Friedhofsverwaltung auf ein besonderes Thema konzentriert: Frauen. Nach Recherchen in Archiven und auf dem Friedhof wurden mehrere kunstschaffende Frauen gefunden, die <a href=\"https:\/\/www.mdr.de\/kultur\/promis-bekannte-,dresden-beruehmte-personen-kultur-104.html\" title=\"28 Pers\u00f6nlichkeiten aus Dresden: Von Erich K\u00e4stner bis Gerhard Richter\" rel=\"nofollow noopener\" target=\"_blank\">in Dresden<\/a> ihre letzte Ruhest\u00e4tte gefunden haben. Zwei F\u00fchrungen, jeweils \u00fcber Musikerinnen und Autorinnen, erz\u00e4hlen an den jeweiligen Gr\u00e4bern aus den bemerkenswerten Lebensgeschichten dieser Frauen.<\/p>\n<p><strong>Adresse:<\/strong><br \/>Johannisfriedhof<br \/>Wehlener Stra\u00dfe 13<br \/>01279 Dresden<\/p>\n<p><strong>\u00d6ffnungszeiten:<\/strong><br \/>13. September, 8 bis 19 Uhr<\/p>\n<p><strong>Programm:<\/strong><br \/>12 Uhr: Lesung zum Feuilletonisten Heinz Knobloch<br \/>14 Uhr: F\u00fchrung zu Grabst\u00e4tten von Dresdner S\u00e4ngerinnen<br \/>16 Uhr: F\u00fchrung zu Grabst\u00e4tten schreibender Frauen<\/p>\n<p><strong>Barrierefreiheit:<\/strong><br \/>Die F\u00fchrungen gehen \u00fcber das Gel\u00e4nde und sind nur bedingt schwellenarm.<\/p>\n<p>    Oschatz: Mittelalterliches Gef\u00e4ngnis &#8222;Der schwarze Sack&#8220;<\/p>\n<p class=\"\">Vor wenigen Jahrhunderten war das Rathaus, vor allem in kleineren St\u00e4dten, der wichtigste Ankerpunkt im \u00f6ffentlichen Leben. Denn hier wurde auch Recht gesprochen und ausge\u00fcbt. Das kann man noch heute in Oschatz sehen, im mittelalterlichen Gef\u00e4ngnis &#8222;Der schwarze Sack&#8220;. Der Name stammt von einer lateinischen Inschrift am Gef\u00e4ngnis, das auf ein Bibelzitat zur\u00fcckgeht, \u00fcber Gott, der von den Menschen so entt\u00e4uscht ist, dass er den ganzen Himmel in ein schwarzes Trauertuch h\u00fcllen m\u00f6chte, einen Sack. Bei einer F\u00fchrung kann man noch die Pranger und Halseisen entdecken, die einen Einblick in das mittelalterliche Rechtsverst\u00e4ndnis geben.<\/p>\n<p><strong>Adresse:<\/strong><br \/>Mittelalterliches Gef\u00e4ngnis &#8222;Der schwarze Sack&#8220;<br \/>Altoschatzer Stra\u00dfe<br \/>04758 Oschatz<\/p>\n<p><strong>Programm:<\/strong><br \/>13. September, 9:30 und 11:30 Uhr: F\u00fchrung durch das unterirdische Gef\u00e4ngnis<\/p>\n<p><strong>Barrierefreiheit:<\/strong><br \/>Das Verlies ist nicht barrierefrei.<\/p>\n<p>    B\u00fchlau: &#8222;Hexenburg&#8220; \u2013 ein Unikat in Sachsen<\/p>\n<p class=\"\">&#8222;Hexenburg&#8220; \u2013 das klingt gruselig, vielleicht sogar ein wenig nach dem Schwarzen M\u00fcller aus der <a href=\"https:\/\/www.mdr.de\/kultur\/literatur\/hoyerswerda-lausitz-krabat-mythos-fakten-100.html\" title=\"Krabat: 10 Fakten rund um den ber\u00fchmten Mythos aus der Lausitz\" rel=\"nofollow noopener\" target=\"_blank\">Krabat-Sage<\/a>. Doch wer n\u00e4her an den Geb\u00e4udekomplex in Gro\u00dfharthau-B\u00fchlau herangeht, wird feststellen, dass es sich um eine besonders sch\u00f6n gestaltete Industrieanlage aus dem 19. Jahrhundert handelt. Da das Geb\u00e4ude lange Zeit leerstand und verwilderte, kam vermutlich die Bezeichnung &#8222;Hexenburg&#8220; f\u00fcr die Dampf-, Mahl- und Schneidem\u00fchle auf. Diese M\u00fchle wurde jedoch nicht mit Wind oder Wasser betrieben, sondern mit Dampf \u2013 eine Neuerung im damaligen Sachsen. Gebaut wurde die Anlage von Carl Gottlieb Wustmann, der die Region damit stark belebte und Innovationsgeist bewies: Mit dem Dampf betrieb er n\u00e4mlich nicht nur mehrere M\u00fchlenarten, sondern nutzte die Abw\u00e4rme gleichzeitig zum Brotbacken.<\/p>\n<p>                    <a href=\"https:\/\/www.europesays.com\/de\/wp-content\/uploads\/2026\/09\/hesenburg-100.webp\" class=\"zoomimage\" title=\"Bild vergr\u00f6\u00dfern\"><\/p>\n<p>        <img decoding=\"async\" src=\"https:\/\/www.europesays.com\/de\/wp-content\/uploads\/2026\/09\/hesenburg-100.webp\" alt=\"Blick auf ein historisches Geb\u00e4ude-Ensemble mit einem Schornstein.\" title=\"Die sogenannte Hexenburg ist ein Unikat in Sachsen. | Frank Milbrath\" class=\"responsive\" loading=\"lazy\"\/><\/p>\n<p>                    <\/a><\/p>\n<p>                    Die sogenannte Hexenburg ist ein Unikat in Sachsen.<\/p>\n<p class=\"\">Auch architektonisch konnte er beeindrucken: Er gestaltete seine M\u00fchle in Anlehnung an eine Kastellburg \u2013 einzigartig in Sachsen. Die Anlage wird von Klingerfassaden bestimmt, Pavillons begrenzen die Eckeinfahrten, ein Dachreiter sitzt auf dem Hauptgeb\u00e4ude. Die Anlage hat 365 Fenster, 52 T\u00fcren und 12 Tore \u2013 in Anlehnung an Tage, Wochen und Monate im Jahr. In den vergangenen Jahren wurde die Anlage umfassend und mit viel Blick f\u00fcr die Details saniert. In Zukunft soll sie Ferienwohnungen beherbergen. Zum Tag des offenen Denkmals werden F\u00fchrungen angeboten, die \u00fcber Geschichte und Gestaltung informieren.<\/p>\n<p><strong>Adresse:<\/strong><br \/>Hexenburg<br \/>Zur Hexenburg 2<br \/>01909 Gro\u00dfharthau-B\u00fchlau<\/p>\n<p><strong>\u00d6ffnungszeiten:<\/strong><br \/>13. September, zwischen 11 und 17 Uhr jeweils zur vollen Stunde: F\u00fchrungen \u00fcber die Anlage<\/p>\n<p><strong>Barrierefreiheit:<\/strong><br \/>Das Gel\u00e4nde ist f\u00fcr Menschen mit Mobilit\u00e4tseinschr\u00e4nkungen nur bedingt barrierefrei.<\/p>\n<p>    Freital: Die R\u00f6sche des Segen-Gottes-Schachtes<\/p>\n<p class=\"\">Bereits zum 25. Mal ist die R\u00f6sche des Segen-Gottes-Schachtes in Freital Teil des Programms am Tag des offenen Denkmals und \u00f6ffnet sich f\u00fcr Interessierte der (s\u00e4chsischen) Bergbau-Geschichte. Mitte des 19. Jahrhunderts wurde der Schacht m\u00fchevoll ausgehoben. Zun\u00e4chst wurde das abgebaute Material dadurch nach drau\u00dfen bef\u00f6rdert, sp\u00e4ter wurde hier Wasser f\u00fcr die Dampfmaschinen gewonnen. Nachdem sich die \u00c4ra des Bergbaus dem Ende neigte, wurde auch die \u00d6ffnung verschlossen und der Schacht f\u00fcllte sich mit Wasser. Inzwischen ist die \u00d6ffnung wieder freigelegt und der Schacht teilweise wieder befahrbar. Zum Tag des offenen Denkmals k\u00f6nnen Interessierte 50 Meter tief unter die Erde und in die Geschichte eintauchen. Es werden historische Werkzeuge und Modelle gezeigt, die Einblick in die damalige Arbeit bieten.<\/p>\n<p>                    <a href=\"https:\/\/www.europesays.com\/de\/wp-content\/uploads\/2026\/09\/roesche-segen-gottes-100.webp\" class=\"zoomimage\" title=\"Bild vergr\u00f6\u00dfern\"><\/p>\n<p>        <img decoding=\"async\" src=\"https:\/\/www.europesays.com\/de\/wp-content\/uploads\/2026\/09\/roesche-segen-gottes-100.webp\" alt=\"Blick in einen schmalen, steinernen Gang.\" title=\"In Freital k\u00f6nnen Interessierte mehr \u00fcber die Geschichte des Bergbaus erfahren. | Silvio Stute\" class=\"responsive\" loading=\"lazy\"\/><\/p>\n<p>                    <\/a><\/p>\n<p>                    In Freital k\u00f6nnen Interessierte mehr \u00fcber die Geschichte des Bergbaus erfahren.<\/p>\n<p><strong>Adresse:<\/strong><br \/>R\u00f6sche des Segen-Gottes-Schachtes<br \/>Neben dem Grundst\u00fcck Poisentalstra\u00dfe 152<br \/>01705 Freital<\/p>\n<p><strong>\u00d6ffnungszeiten:<\/strong><br \/>13. September, 10 bis 17 Uhr<\/p>\n<p><strong>Programm: <\/strong><br \/>Es finden fortlaufend F\u00fchrungen in den Schacht statt.<\/p>\n<p><strong>Barrierefreiheit:<\/strong><br \/>Die Anlage ist nicht barrierefrei.<\/p>\n<p>    Chemnitz: Mahnmal &#8222;Gedenken&#8220; in Altendorf<\/p>\n<p class=\"\">Humanistischer Wille und Inklusion liegen an diesem Ort sehr nah an Ausgrenzung und Grausamkeit: 1904 wurde bei Chemnitz die &#8222;K\u00f6niglich-S\u00e4chsische Landeserziehungsanstalt f\u00fcr Blinde und Schwachsinnige&#8220; er\u00f6ffnet. Der Gedanke war, dass auch Menschen mit Sehbehinderungen und geistigen Einschr\u00e4nkungen Bildung erhalten sollten. Nach der Machtergreifung der Nazis, kaum 30 Jahre sp\u00e4ter, wurden in der Anlage weiterhin Menschen mit Behinderungen betreut \u2013 allerdings wurden sie nun sterilisiert und verwahrt statt unterrichtet. Gemeinsam mit Menschen des SFZ-F\u00f6rderzentrums wurde am Ort eine <a href=\"https:\/\/www.mdr.de\/kultur\/ausstellungen\/sachsen-ns-zweiter-weltkrieg-gedenkstaetten-108.html\" title=\"Gedenkst\u00e4tten in Sachsen: Wo heute an die Opfer des NS erinnert wird\" rel=\"nofollow noopener\" target=\"_blank\">Gedenkst\u00e4tte f\u00fcr die Verbrechen der NS-Diktatur<\/a> errichtet. Mit F\u00fchrungen und einer Ausstellung k\u00f6nnen sich Menschen \u00fcber die Taten informieren und die Erinnerungen lebendig halten.<\/p>\n<p>                    <a href=\"https:\/\/www.europesays.com\/de\/wp-content\/uploads\/2026\/09\/gedenken-mahnmal-100.webp\" class=\"zoomimage\" title=\"Bild vergr\u00f6\u00dfern\"><\/p>\n<p>        <img decoding=\"async\" src=\"https:\/\/www.europesays.com\/de\/wp-content\/uploads\/2026\/09\/gedenken-mahnmal-100.webp\" alt=\"Eine Kugel in einer abgestuften runden Senke.\" title=\"An diesem Ort soll an den Wert des Lebens erinnert werden. | SFZ-F\u00f6rderzentrum gGmbH\" class=\"responsive\" loading=\"lazy\"\/><\/p>\n<p>                    <\/a><\/p>\n<p>                    An diesem Ort soll an den Wert des Lebens erinnert werden.<\/p>\n<p><strong>Adresse:<\/strong><br \/>Gedenken (Ehemalige Landeserziehungsanstalt Chemnitz-Altendorf)<br \/>Flemmingstra\u00dfe 8c<br \/>09116 Chemnitz<\/p>\n<p><strong>\u00d6ffnungszeiten:<\/strong><br \/>13. September, 14 bis 17 Uhr<\/p>\n<p><strong>Programm: <\/strong><br \/>14 bis 17 Uhr: Ausstellung &#8222;Wege des Verbrechens&#8220;<br \/>14:30 Uhr: Gel\u00e4ndef\u00fchrung<\/p>\n<p><strong>Barrierefreiheit:<\/strong><br \/>Das Gel\u00e4nde ist f\u00fcr Menschen mit Mobilit\u00e4tseinschr\u00e4nkungen bedingt schwellenarm erreichbar.<\/p>\n<p>    Torgau: Br\u00fcckenkopf \u2013 zwischen Verteidung und Gef\u00e4ngnis<\/p>\n<p class=\"\">Wie so viele Milit\u00e4rbauten wurde auch der Br\u00fcckenkopf in Torgau mehrfach ver\u00e4ndert. Entstanden ist die Anlage mit Graben, Wall und Kaserne im 17. Jahrhundert. W\u00e4hrend der Eroberungskriege von Kaiser Napoleon wurde die Befestigung ausgebaut. Auch nach der V\u00f6lkerschlacht bei Leipzig wurde die Anlage weiterhin milit\u00e4risch genutzt: Die Wehrmacht nutzte die Geb\u00e4ude als Gef\u00e4ngnis ebenso wie die sowjetischen Besatzer und sp\u00e4ter die SED-Diktatur.<\/p>\n<p class=\"\">Die Anlage ist bis heute vollst\u00e4ndig erhalten geblieben und milit\u00e4rhistorisch bedeutend. Sie wurde umfassend saniert und als Kultur- und Erinnerungsort neu belebt. Bei einer F\u00fchrung erhalten Interessierte Einblicke in die Geschichte und die heutige Nutzung der Anlage. \u00dcberhaupt hat Torgau einiges an Denkm\u00e4lern zu bieten: Zum Tag des offenen Denkmals kann man etwa auch den Dachboden der Marienkirche erkunden, den Apothekergarten kennenlernen oder mal den Wasserturm betreten.<\/p>\n<p><strong>Adresse:<\/strong><br \/>Br\u00fcckenkopf<br \/>Br\u00fcckenkopf 1<br \/>04860 Torgau<\/p>\n<p><strong>Programm:<\/strong><br \/>13. September, 14 Uhr: F\u00fchrung zur Vergangenheit und Zukunft der Anlage<\/p>\n<p><strong>Barrierefreiheit:<\/strong><br \/>Die Anlage ist nur bedingt barrierefrei.<\/p>\n<p>    Klipphausen: Batzdorfer Totenh\u00e4uschen<\/p>\n<p class=\"\">Wer zwischen Batzdorf und Scharfenberg nahe dem Elbtal durch die Gr\u00fcnanlagen wandert, st\u00f6\u00dft irgendwann auf einen wei\u00df verputzten, zweist\u00f6ckigen Bau: das Batzdorfer Totenh\u00e4uschen. Das ist kein Mausoleum oder \u00c4hnliches, sondern ein sogenanntes Lust- und Gartenhaus, also ein Ort, wohin sich Leute aus dem Schloss zur\u00fcckziehen konnten. Der Name h\u00e4ngt vermutlich mit mehreren Todesf\u00e4llen zusammen, die sich w\u00e4hrend des Baus ereignet haben. Auch das H\u00e4uschen selbst stand bereits mehrfach vor dem Zerfall, wurde aber immer wieder gerettet \u2013 weil der Ort so sch\u00f6n und inspirierend ist, beispielsweise f\u00fcr den Dichter Novalis. Das H\u00e4uschen ist zwar jederzeit f\u00fcr Wanderlustige erreichbar, doch zum Tag des offenen Denkmals kann man auch einen Blick ins Innere werfen.<\/p>\n<p><strong>Adresse:<\/strong><br \/>Batzdorfer Totenh\u00e4uschen<br \/>Elbleitenweg zwischen Batzdorf und Scharfenberg<br \/>Schlossstra\u00dfe 2<br \/>01665 Klipphausen<\/p>\n<p><strong>\u00d6ffnungszeiten:<\/strong><br \/>13. September, 12 bis 17 Uhr<\/p>\n<p><strong>Barrierefreiheit:<\/strong><br \/>Das Gartenhaus ist nicht schwellenarm erreichbar.<\/p>\n<p>    G\u00f6rlitz: Hotel G\u00f6rlitzer Hof<\/p>\n<p class=\"\">Die Berliner Stra\u00dfe in <a href=\"https:\/\/www.mdr.de\/kultur\/ausflug-tipps\/highlights,goerlitz-sehenswuerdigkeiten-sightseeing-tipps-106.html\" title=\"G\u00f6rlitz: 10 Sehensw\u00fcrdigkeiten, die den Besuch unvergesslich machen\" rel=\"nofollow noopener\" target=\"_blank\">G\u00f6rlitz<\/a> verbindet den Bahnhof mit der Altstadt. Einst war sie ein lebendiger Ort, an dem Reisende ankamen. Davon zeugte auch das Hotel Kaiserhof, das sp\u00e4ter in G\u00f6rlitzer Hof umbenannt wurde. W\u00e4hrend die Altstadt heute in Glanz erstrahlt, hat die Berliner Stra\u00dfe viel Flair eingeb\u00fc\u00dft und wird von Leerstand bestimmt. Auch daf\u00fcr steht der G\u00f6rlitzer Hof, der schon lange leersteht und dringend saniert werden m\u00fcsste. Am Tag des offenen Denkmals bieten die neuen Besitzer einen Einblick in ihre Ideen direkt vor Ort.<\/p>\n<p>                    <a href=\"https:\/\/images.mdr.de\/image\/9dce6f81-e61d-428e-9916-ce7437f3d6e4\/AAABoFr9GXc\/AAABnSSvrFg\/16x9-big\/goerlitzer-hof-100.webp?width=576\" class=\"zoomimage\" title=\"Bild vergr\u00f6\u00dfern\" rel=\"nofollow noopener\" target=\"_blank\"><\/p>\n<p>        <img decoding=\"async\" src=\"https:\/\/www.europesays.com\/de\/wp-content\/uploads\/2026\/09\/goerlitzer-hof-100.webp\" alt=\"Blick auf eine Fassade mit vielen Fenstern.\" title=\"Die Glanzzeiten des Hotels G\u00f6rlitzer Hof liegen lange zur\u00fcck, aber es gibt neue Ideen f\u00fcr das Geb\u00e4ude. | Elsterix\" class=\"responsive\" loading=\"lazy\"\/><\/p>\n<p>                    <\/a><\/p>\n<p>                    Die Glanzzeiten des Hotels G\u00f6rlitzer Hof liegen lange zur\u00fcck, aber es gibt neue Ideen f\u00fcr das Geb\u00e4ude.<\/p>\n<p><strong>Adresse: <\/strong><br \/>G\u00f6rlitzer Hof<br \/>Berliner Stra\u00dfe 43<br \/>02826 G\u00f6rlitz<\/p>\n<p><strong>\u00d6ffnungszeiten:<\/strong><br \/>13. September, 10 bis 15 Uhr<\/p>\n<p><strong>Barrierefreiheit:<\/strong><br \/>Das Geb\u00e4ude ist noch nicht saniert und daher nur bedingt begehbar.<\/p>\n<p>    Lengenfeld: Alte Spinnerei und Tuchfabrik<\/p>\n<p class=\"\">Im 19. Jahrhundert wandelte sich mit der Industrialisierung auch die Herstellung von Textilien. In der zweiten H\u00e4lfte, etwa ab 1840, erlebte das <a href=\"https:\/\/www.mdr.de\/kultur\/ausflug-tipps\/entdecken,vogtland-ausflug-sehenswuerdigkeiten-100.html\" title=\"Vogtland entdecken: Die 19 sch\u00f6nsten Ausflugsziele f\u00fcr Familien und Kulturfans\" rel=\"nofollow noopener\" target=\"_blank\">Vogtland<\/a> eine Bl\u00fctezeit als Ort f\u00fcr Textilproduktion mit mehreren Spinnereien, Webereien und allem, was dazugeh\u00f6rte. 1853 wurde auch die sogenannte Alte Spinnerei gebaut. 1923 wurden viele Betriebe modernisiert, doch dann kam der Krieg und aus Mangel an Rohstoffen musste die Produktion unterbrochen werden.<\/p>\n<p>                    <a href=\"https:\/\/www.europesays.com\/de\/wp-content\/uploads\/2026\/09\/alte-spinnerei-lengenfeld-100.webp\" class=\"zoomimage\" title=\"Bild vergr\u00f6\u00dfern\"><\/p>\n<p>        <img decoding=\"async\" src=\"https:\/\/www.europesays.com\/de\/wp-content\/uploads\/2026\/09\/alte-spinnerei-lengenfeld-100.webp\" alt=\"Blick auf eine l\u00e4ngliche Maschine mit F\u00e4den unter einer Fensterreihe.\" title=\"In Lengenfeld wird eine Fabrik wie vor ungef\u00e4hr 100 Jahren betrieben. | Alte Spinnerei und Tuchfabrik Lengenfeld\" class=\"responsive\" loading=\"lazy\"\/><\/p>\n<p>                    <\/a><\/p>\n<p>                    In Lengenfeld wird eine Fabrik wie vor ungef\u00e4hr 100 Jahren betrieben.<\/p>\n<p class=\"\">Nach dem Krieg und der Gr\u00fcndung der DDR wurde die Fabrik nicht verstaatlicht, sondern blieb in privater Hand. F\u00fcr Interessierte an Industriekultur und -geschichte ein Gl\u00fccksfall, denn so konnte die historische Technik erhalten werden. Heute betreibt ein Verein den Ort als eine Art <a href=\"https:\/\/www.mdr.de\/kultur\/ausflug-tipps\/tipps-ausflugsziele-technik,industriekultur-orte-100.html\" title=\"Industriekultur in Sachsen, Th\u00fcringen und Sachsen-Anhalt: 17 spannende Ausflugsziele \u2013 von Dampflok bis Tagebau\" rel=\"nofollow noopener\" target=\"_blank\">lebendiges Denkmal<\/a>, wo alte Herstellungstechniken bewahrt werden. Zum Tag des offenen Denkmals kann die alte Fabrik besichtigt werden. Au\u00dferdem kann selbst gebastelt werden, beispielsweise gefilzt.<\/p>\n<p><strong>Adresse:<\/strong><br \/>Alte Spinnerei &amp; Tuchfabrik Lengenfeld<br \/>Walkm\u00fchlenweg 2<br \/>08485 Lengenfeld<\/p>\n<p><strong>\u00d6ffnungszeiten:<\/strong><br \/>13. September, 10 bis 17 Uhr<\/p>\n<p><strong>Programm:<\/strong><br \/>W\u00e4hrend der \u00d6ffnungszeiten gibt es verschiedene Mitmachangebote.<\/p>\n<p><strong>Barrierefreiheit:<\/strong><br \/>DIe Anlage ist weitestgehend schwellenarm erreichbar.<\/p>\n<p>    Freiberg: Drei-Br\u00fcder-Schacht zeigt Bergbau-Geschichte<\/p>\n<p class=\"\">Die Silbervorkommen rund um Freiberg machten Sachsen reich. Doch gegen Ende des 19. Jahrhunderts geriet der Silberbergbau der Region in die Krise, denn andernorts auf der Welt konnte Silber viel leichter geborgen werden. Die Bergbau-Unternehmen schlossen sich zusammen. So wurde der Drei-Br\u00fcder-Schacht gegraben, der am Ende aber nicht den erhofften Betrag brachte. Erst Jahrzehnte sp\u00e4ter erlangte er neue Bedeutung: Die F\u00f6rdermaschinen sollten mit Wasserkraft betrieben werden. Nach der aufkommenden Elektrifizierung wurde der Schacht zum Kraftwerk und konnte 1914 seinen Betrieb aufnehmen. Bis 1972 arbeiteten die Maschinen und retteten die Region vor dem wirtschaftlichen Ruin. Die Maschinen sind bis heute erhalten. Neben F\u00fchrungen in den Stollen und durch die Geb\u00e4ude k\u00f6nnen Kinder dort basteln und den Umgang mit historischen Werkzeugen des Bergbaus kennenlernen.<\/p>\n<p>                    <a href=\"https:\/\/www.europesays.com\/de\/wp-content\/uploads\/2026\/09\/drei-brueder-schacht-freiberg-100.webp\" class=\"zoomimage\" title=\"Bild vergr\u00f6\u00dfern\"><\/p>\n<p>        <img decoding=\"async\" src=\"https:\/\/www.europesays.com\/de\/wp-content\/uploads\/2026\/09\/drei-brueder-schacht-freiberg-100.webp\" alt=\"Ein Mann steht vor einer alten Schaltwand und erkl\u00e4rt einem Paar etwas.\" title=\"In Freiberg kann man am Tag des offenen Denkmals mehr \u00fcber den Bergbau erfahren. | Ren\u00e9 Jungnickel\" class=\"responsive\" loading=\"lazy\"\/><\/p>\n<p>                    <\/a><\/p>\n<p>                    In Freiberg kann man am Tag des offenen Denkmals mehr \u00fcber den Bergbau erfahren.<\/p>\n<p><strong>Adresse:<\/strong><br \/>Drei-Br\u00fcder-Schacht<br \/>Am Dreibr\u00fcderschacht 27<br \/>09599 Freiberg<\/p>\n<p><strong>\u00d6ffnungszeiten:<\/strong><br \/>13. September, 10 bis 16:30 Uhr<br \/><strong><br \/>Programm:<\/strong><br \/>W\u00e4hrend der \u00d6ffnungszeiten gibt es F\u00fchrungen, Kinderbasteln und Workshops.<\/p>\n<p><strong>Barrierefreiheit:<\/strong><br \/>Die Anlage ist rollstuhlgerecht eingerichtet.<\/p>\n<p>    Kleingie\u00dfh\u00fcbel: Maienhof \u2013 Dreiseithof mit Umgebindehaus<\/p>\n<p class=\"\">1824 wurde im Ort Kleingie\u00dfh\u00fcbel der Dreiseitenhof gebaut, der aus einem Umgebindehaus und Stallungen besteht. 2010 wurde das Gel\u00e4nde privat mit nat\u00fcrlichen Materialien saniert und der originale Zustand weitestgehend wieder hergestellt. Die oberen R\u00e4ume dienen inzwischen als Ferienwohnungen, die unteren Teile erstrahlen in altem Glanz. Zum Tag des offenen Denkmals k\u00f6nnen die wiederhergestellten R\u00e4ume besichtigt werden, au\u00dferdem gibt es einen Flohmarkt auf der inneren Wiese.<\/p>\n<p>                    <a href=\"https:\/\/images.mdr.de\/image\/242e9b6b-6cc6-49ff-9505-258d50728915\/AAABoFsFBKg\/AAABnSSvrFg\/16x9-big\/maienhof-100.webp?width=576\" class=\"zoomimage\" title=\"Bild vergr\u00f6\u00dfern\" rel=\"nofollow noopener\" target=\"_blank\"><\/p>\n<p>        <img decoding=\"async\" src=\"https:\/\/www.europesays.com\/de\/wp-content\/uploads\/2026\/09\/maienhof-100.webp\" alt=\"Blick in die Wohnstube eines historischen Bauernhauses.\" title=\"Auch Wohnr\u00e4ume wurden im Umgebindehaus erhalten. | D\u00f6rte Wolf\" class=\"responsive\" loading=\"lazy\"\/><\/p>\n<p>                    <\/a><\/p>\n<p>                    Auch Wohnr\u00e4ume wurden im Umgebindehaus erhalten.<\/p>\n<p><strong>Adresse:<\/strong><br \/>Dreiseitenhof mit Umgebindehaus <br \/>Rundweg 3<br \/>01814 Kleingie\u00dfh\u00fcbel<\/p>\n<p><strong>\u00d6ffnungszeiten:<\/strong><br \/>13. September, 10 bs 16 Uhr<\/p>\n<p><strong>Barrierefreiheit:<\/strong><br \/>Das Gel\u00e4nde ist rollstuhlgerecht saniert.<\/p>\n<p>    Frohburg: Rittergut Kohren-Sahlis mit Schloss und Rokoko-Park<\/p>\n<p class=\"\">Die Geschichte des Ritterguts in Kohren-Sahlis l\u00e4sst sich bis ins Jahr 1350 verfolgen. Im 18. Jahrhundert wurde der angrenzende Park angelegt, 1824 wurde dieser weiter ausgebaut zu einem <a href=\"https:\/\/www.mdr.de\/kultur\/ausflug-tipps\/sommer,sachsen-parks-gaerten-ausflugsziele-natur-112.html\" title=\"Sachsen: Die 5 sch\u00f6nsten Parks und G\u00e4rten f\u00fcr einen Ausflug im Sommer\" rel=\"nofollow noopener\" target=\"_blank\">Musterpark<\/a> im Rokokostil mit Springbrunnen und Skulpturen. In DDR-Zeiten wurde der Park als Landwirtschaftsschule genutzt, seit 2020 ist er in privater Hand und wird vom Verein betrieben. Der hat zum Tag des offenen Denkmals viel Programm organisiert: Neben F\u00fchrungen durch das Schloss und den Park gibt es eine Obstpresse und Kettens\u00e4genkunst. Damit will der Verein auch Geld sammeln, um den Park weiter sanieren zu k\u00f6nnen.<\/p>\n<p>                    <a href=\"https:\/\/www.europesays.com\/de\/wp-content\/uploads\/2026\/09\/rittergut-kohren-sahlis-100.webp\" class=\"zoomimage\" title=\"Bild vergr\u00f6\u00dfern\"><\/p>\n<p>        <img decoding=\"async\" src=\"https:\/\/www.europesays.com\/de\/wp-content\/uploads\/2026\/09\/rittergut-kohren-sahlis-100.webp\" alt=\"Blick auf ein herrschaftliches Haus mit hellgelber Fassade.\" title=\"EIn Verein versucht Schloss und Park in Kohren-Sahlis zu bewahren. | F\u00f6rderverein Rokoko-Park Kohren Sahlis e.V.\" class=\"responsive\" loading=\"lazy\"\/><\/p>\n<p>                    <\/a><\/p>\n<p>                    EIn Verein versucht Schloss und Park in Kohren-Sahlis zu bewahren.<\/p>\n<p><strong>Adresse:<\/strong><br \/>Rittergut Kohren-Sahlis mit Schloss und Rokoko-Park<br \/>Am Sahliser Gut 10<br \/>04654 Frohburg<\/p>\n<p><strong>\u00d6ffnungszeiten:<\/strong><br \/>13. September, 10 bis 17 Uhr<\/p>\n<p><strong>Programm:<\/strong><br \/>W\u00e4hrend der \u00d6ffnungszeiten jeweils zur vollen Stunde: Kettens\u00e4genkunst<br \/>10:45, 13:15 und 15:15 Uhr: Park-F\u00fcrhungen<br \/>12, 14:15 und 16:15 Uhr: Schloss-F\u00fchrungen<br \/>W\u00e4hrend der \u00d6ffnungszeiten immer 15 Minuten nach der vollen Stunden: Workshops zur Baumpflege<\/p>\n<p><strong>Barrierefreiheit: <\/strong><br \/>Park und Schloss sind nur bedingt schwellenarm.<\/p>\n<p>    Mei\u00dfen: Jahnhalle \u2013 Sport und Begegnung<\/p>\n<p class=\"\">Die Jahrhundertwende und das fr\u00fche 20. Jahrhundert waren eine Bl\u00fctezeit f\u00fcr den Sport in Deutschland, wie auch viele Vereinsgr\u00fcndungen belegen. Die Menschen entdeckten allm\u00e4hlich, was Freizeit ist und dass sportliche Leistungen nicht f\u00fcr Auserw\u00e4hlte, sondern f\u00fcr das eigene Wohlbefinden bestimmt sind. Aus dieser Stimmung heraus engagierten sich Menschen in <a href=\"https:\/\/www.mdr.de\/kultur\/ausflug-tipps\/top-ausflugsziele,meissen-sehenswuerdigkeiten-highlights-102.html\" title=\"Mei\u00dfen: Die Top 10 Sehensw\u00fcrdigkeiten\" rel=\"nofollow noopener\" target=\"_blank\">Mei\u00dfen<\/a> daf\u00fcr, eine Sporthalle zu bekommen. 1895 wurde die Jahnhalle er\u00f6ffnet, die heute unter Denkmalschutz steht. Inzwischen wird die Halle zu einem Ort der Begegnung weiterentwickelt, der \u00fcber den Sport hinausgeht. Zum Tag des offenen Denkmals d\u00fcrfen auch die R\u00e4ume erkundet werden, die sonst eher verschlossen bleiben. Au\u00dferdem ist ein Chorkonzert geplant.<\/p>\n<p>                    <a href=\"https:\/\/www.europesays.com\/de\/wp-content\/uploads\/2026\/09\/jahnhalle-meissen-100.webp\" class=\"zoomimage\" title=\"Bild vergr\u00f6\u00dfern\"><\/p>\n<p>        <img decoding=\"async\" src=\"https:\/\/www.europesays.com\/de\/wp-content\/uploads\/2026\/09\/jahnhalle-meissen-100.webp\" alt=\"Blick in eine historischen Turnhalle mit h\u00f6lzernenDeckenb\u00f6gen.\" title=\"Auch Sporthallen k\u00f6nnen zu Denkm\u00e4lern werden: die Jahnhalle in Mei\u00dfen. | Daniel Bahrmann\" class=\"responsive\" loading=\"lazy\"\/><\/p>\n<p>                    <\/a><\/p>\n<p>                    Auch Sporthallen k\u00f6nnen zu Denkm\u00e4lern werden: die Jahnhalle in Mei\u00dfen.<\/p>\n<p><strong>Adresse:<\/strong><br \/>Jahnhalle<br \/>Schreberstra\u00dfe 37 <br \/>01662 Mei\u00dfen<\/p>\n<p><strong>\u00d6ffnungszeiten:<\/strong><br \/>12. und 13. September, jeweils 15 bis 18 Uhr<\/p>\n<p><strong>Programm:<\/strong><br \/>13. September, 16 Uhr: Chorkonzert<\/p>\n<p class=\"\">Quellen: Deutsche Stiftung Denkmalschutz, wikipedia, Stadt Leipzig, B\u00fcrgerverein Leutzsch, TU Dresden, Oschatz-damals.de, Simsonen, HexenburgbeiDresden GmbH, Bergbauverein Freital, Kreativorte Mitteldeutschland, Batzdorfer Schloss, lte Spinnerei Lengenfeld, F\u00f6rderverein Rokokopark Kohren-Sahlis, B\u00fcrgerstiftung Mei\u00dfen<\/p>\n<p>        <a href=\"https:\/\/www.tag-des-offenen-denkmals.de\/\" class=\"extlink-preface\" data-url=\"https:\/\/www.tag-des-offenen-denkmals.de\/\" aria-label=\"Link: Zur Website des Tag des offenen Denkmals 2026\" rel=\"nofollow noopener\" target=\"_blank\"><\/p>\n<p>        <img decoding=\"async\" src=\"https:\/\/www.europesays.com\/de\/wp-content\/uploads\/2026\/06\/mdr-fallback-100.webp\" alt=\"MDR Fallback Image\" title=\"MDR Fallback Image | Mitteldeutscher Rundfunk\" class=\"responsive\" loading=\"lazy\"\/><\/p>\n<p>        <\/a><\/p>\n<p>        <a href=\"https:\/\/www.tag-des-offenen-denkmals.de\/programm\/suche\/bundesland\/Sachsen\" class=\"extlink-preface\" data-url=\"https:\/\/www.tag-des-offenen-denkmals.de\/programm\/suche\/bundesland\/Sachsen\" aria-label=\"Link: Tag des offenen Denkmals: Das Programm 2026 in Sachsen\" rel=\"nofollow noopener\" target=\"_blank\"><\/p>\n<p>        <img decoding=\"async\" src=\"https:\/\/www.europesays.com\/de\/wp-content\/uploads\/2026\/06\/mdr-fallback-100.webp\" alt=\"MDR Fallback Image\" title=\"MDR Fallback Image | Mitteldeutscher Rundfunk\" class=\"responsive\" loading=\"lazy\"\/><\/p>\n<p>        <\/a><\/p>\n<p>Mehr Bauwerke und Denkm\u00e4ler in Sachsen<\/p>\n<p>        <img decoding=\"async\" src=\"https:\/\/www.europesays.com\/de\/wp-content\/uploads\/2026\/06\/schloss-muskau-104.webp\" alt=\"Das Schloss Muskau mit dem F\u00fcrst P\u00fcckler Park in Bad Muskau\" title=\"Das Schloss Muskau mit dem F\u00fcrst P\u00fcckler Park in Bad Muskau | IMAGO \/ Daniel Kubirski\" class=\"responsive\" loading=\"lazy\"\/><\/p>\n<p>        <img decoding=\"async\" src=\"https:\/\/www.europesays.com\/de\/wp-content\/uploads\/2026\/08\/niemeyer-kugel-leipzig-104.webp\" alt=\"Die neue Niemeyer Sphere ist an das Dampfkesselhaus auf dem Gel\u00e4nde des Kranbauers Kirow in Leipzig gebaut.\" title=\"Die neue Niemeyer Sphere ist an das Dampfkesselhaus auf dem Gel\u00e4nde des Kranbauers Kirow in Leipzig gebaut. | Margret Hoppe\" class=\"responsive\" loading=\"lazy\"\/><\/p>\n<p>        <img decoding=\"async\" src=\"https:\/\/www.europesays.com\/de\/wp-content\/uploads\/2026\/08\/altstadt-meissen-104.webp\" alt=\"Auf dem Burgberg \u00fcber der Elbe thront die Albrechtsburg.\" title=\"Auf dem Burgberg \u00fcber der Elbe thront die Albrechtsburg. | IMAGO \/ Sylvio Dittrich\" class=\"responsive\" loading=\"lazy\"\/><\/p>\n","protected":false},"excerpt":{"rendered":"AUDIO: Tipps f\u00fcr den Tag des offenen Denkmals in Sachsen (5 Min) 13. September 2026 Stand: 02.09.2026 04:00&hellip;\n","protected":false},"author":2,"featured_media":1274919,"comment_status":"","ping_status":"","sticky":false,"template":"","format":"standard","meta":{"footnotes":"","_share_on_mastodon":"0"},"categories":[1835],"tags":[15694,4452,3364,11351,29,2386,6421,30,71,3624,859,13597,95264,1467],"class_list":["post-1274918","post","type-post","status-publish","format-standard","has-post-thumbnail","category-dresden","tag-ausflugsziele","tag-burg","tag-de","tag-denkmal","tag-deutschland","tag-dresden","tag-empfehlungen","tag-germany","tag-leipzig","tag-park","tag-sachsen","tag-schloss","tag-tag-des-offenen-denkmals","tag-tipps"],"share_on_mastodon":{"url":"https:\/\/pubeurope.com\/@de\/117199137411661929","error":""},"_links":{"self":[{"href":"https:\/\/www.europesays.com\/de\/wp-json\/wp\/v2\/posts\/1274918","targetHints":{"allow":["GET"]}}],"collection":[{"href":"https:\/\/www.europesays.com\/de\/wp-json\/wp\/v2\/posts"}],"about":[{"href":"https:\/\/www.europesays.com\/de\/wp-json\/wp\/v2\/types\/post"}],"author":[{"embeddable":true,"href":"https:\/\/www.europesays.com\/de\/wp-json\/wp\/v2\/users\/2"}],"replies":[{"embeddable":true,"href":"https:\/\/www.europesays.com\/de\/wp-json\/wp\/v2\/comments?post=1274918"}],"version-history":[{"count":0,"href":"https:\/\/www.europesays.com\/de\/wp-json\/wp\/v2\/posts\/1274918\/revisions"}],"wp:featuredmedia":[{"embeddable":true,"href":"https:\/\/www.europesays.com\/de\/wp-json\/wp\/v2\/media\/1274919"}],"wp:attachment":[{"href":"https:\/\/www.europesays.com\/de\/wp-json\/wp\/v2\/media?parent=1274918"}],"wp:term":[{"taxonomy":"category","embeddable":true,"href":"https:\/\/www.europesays.com\/de\/wp-json\/wp\/v2\/categories?post=1274918"},{"taxonomy":"post_tag","embeddable":true,"href":"https:\/\/www.europesays.com\/de\/wp-json\/wp\/v2\/tags?post=1274918"}],"curies":[{"name":"wp","href":"https:\/\/api.w.org\/{rel}","templated":true}]}}